{"id":92935,"date":"2026-01-02T22:26:07","date_gmt":"2026-01-02T22:26:07","guid":{"rendered":"https:\/\/www.europesays.com\/lv\/92935\/"},"modified":"2026-01-02T22:26:07","modified_gmt":"2026-01-02T22:26:07","slug":"apsudzibas-tris-pasvaldibas-policistiem-un-vienai-privatpersonai-lente-lv","status":"publish","type":"post","link":"https:\/\/www.europesays.com\/lv\/92935\/","title":{"rendered":"Aps\u016bdz\u012bbas tr\u012bs pa\u0161vald\u012bbas policistiem un vienai priv\u0101tpersonai\u00a0\u2014\u00a0Lente.lv"},"content":{"rendered":"<p>Prokurat\u016brai nodota lieta par tr\u012bs su\u0146u no\u0161au\u0161anu Bauskas novad\u0101<\/p>\n<p>Valsts policija krimin\u0101lproces\u0101 par tr\u012bs su\u0146u no\u0161au\u0161anu Bauskas novada Brunavas pagast\u0101 rosina aps\u016bdz\u0113t tr\u012bs Bauskas novada pa\u0161vald\u012bbas policistus un vienu priv\u0101tpersonu \u2013 mednieku. K\u0101 inform\u0113 Latvijas Sabiedriskie Mediji, izmekl\u0113\u0161an\u0101 g\u016bts pietiekams pier\u0101d\u012bjumu kopums, lai lietu nos\u016bt\u012btu prokurat\u016brai krimin\u0101lvaj\u0101\u0161anas s\u0101k\u0161anai. Policija uzs\u0101ka krimin\u0101lprocesu par cietsird\u012bgu iztur\u0113\u0161anos pret dz\u012bvnieku, k\u0101 rezult\u0101t\u0101 tas g\u0101jis boj\u0101, p\u0113c Krimin\u0101llikuma 230. panta otr\u0101s da\u013cas. \u0160\u012b gada 10. oktobr\u012b policija sa\u0146\u0113ma inform\u0101ciju par tr\u012bs no\u0161autiem su\u0146iem k\u0101da priv\u0101t\u012bpa\u0161uma teritorij\u0101 Brunavas pagast\u0101.<\/p>\n<p>Izmekl\u0113\u0161anas gaita un pier\u0101d\u012bjumi<\/p>\n<p>Likumsargi veica apjom\u012bgu izmekl\u0113\u0161anas darbu, kas ietv\u0113ra procesu\u0101l\u0101s darb\u012bbas, personu pratin\u0101\u0161anas un ekspert\u012b\u017eu noz\u012bm\u0113\u0161anu miru\u0161ajiem dz\u012bvniekiem, lai noteiktu n\u0101ves c\u0113lo\u0146us. Ekspert\u012b\u017eu rezult\u0101ti ir sa\u0146emti un visu dz\u012bvnieku n\u0101ves c\u0113lo\u0146i ir noskaidroti. Tika noskaidrots, ka s\u0101kotn\u0113ji uz notikuma vietu bija izbraukusi Bauskas pa\u0161vald\u012bbas policijas ekip\u0101\u017ea, k\u0101 ar\u012b mednieks, pirms Valsts policija sa\u0146\u0113ma inform\u0101ciju par notiku\u0161o. Krimin\u0101lprocess tika nodots Austrumzemgales prokurat\u016brai, lai nodro\u0161in\u0101tu objekt\u012bvu izmekl\u0113\u0161anu.<\/p>\n<p>Ierosin\u0101t\u0101s aps\u016bdz\u012bbas un iesp\u0113jam\u0101s sekas<\/p>\n<p>Lieta uz prokurat\u016bru nos\u016bt\u012bta 30. decembr\u012b, un tuv\u0101kaj\u0101s 10 dien\u0101s vis\u0101m \u010detr\u0101m person\u0101m tiks uzr\u0101d\u012btas aps\u016bdz\u012bbas. Vienai personai tiek inkrimin\u0113ta cietsird\u012bga iztur\u0113\u0161an\u0101s pret dz\u012bvniekiem, par ko soda ar br\u012bv\u012bbas at\u0146em\u0161anu l\u012bdz pieciem gadiem vai ar \u012bslaic\u012bgu br\u012bv\u012bbas at\u0146em\u0161anu, vai ar prob\u0101cijas uzraudz\u012bbu, at\u0146emot ties\u012bbas uz noteiktu vai visu sugu dz\u012bvnieku tur\u0113\u0161anu uz laiku l\u012bdz pieciem gadiem. Pret div\u0101m person\u0101m s\u0101kts krimin\u0101lprocess par valsts amatpersonas pien\u0101kumu nepild\u012b\u0161anu, jo vi\u0146as pie\u013c\u0101vu\u0161as situ\u0101ciju, kas izpaudusies k\u0101 dienesta pien\u0101kumu nepild\u012b\u0161ana \u2013 nesp\u0113ja nov\u0113rst noziedz\u012bgu nodar\u012bjumu. Par \u0161\u0101du r\u012bc\u012bbu soda ar br\u012bv\u012bbas at\u0146em\u0161anu uz laiku l\u012bdz trim gadiem.<\/p>\n<p>Pa\u0161vald\u012bbas policistu atst\u0101din\u0101\u0161ana<\/p>\n<p>Tr\u012bs iesaist\u012btie pa\u0161vald\u012bbas policisti ir atst\u0101din\u0101ti no amata. Iepriek\u0161\u0113j\u0101s dienesta p\u0101rbaud\u0113s Bauskas pa\u0161vald\u012bbas policijas priek\u0161nieks Gailis tika atbr\u012bvots no amata, jo atkl\u0101tie p\u0101rk\u0101pumi tika uzskat\u012bti par pietiekami smagiem.<\/p>\n<p>Visp\u0101r\u0113jais konteksts un sabiedr\u012bbas reakcija<\/p>\n<p>\u0160is gad\u012bjums ir izrais\u012bjis pla\u0161u rezonansi sabiedr\u012bb\u0101, uzsverot nepiecie\u0161am\u012bbu p\u0113c stingr\u0101kas atbild\u012bbas par cietsird\u012bgu iztur\u0113\u0161anos pret dz\u012bvniekiem un amatpersonu pien\u0101kumu nepild\u012b\u0161anu. Valsts policija atg\u0101dina, ka neviena persona netiek uzskat\u012bta par vain\u012bgu, kam\u0113r t\u0101s vaina noziedz\u012bga nodar\u012bjuma izdar\u012b\u0161an\u0101 netiek pier\u0101d\u012bta likum\u0101 noteiktaj\u0101 k\u0101rt\u012bb\u0101.<\/p>\n","protected":false},"excerpt":{"rendered":"Prokurat\u016brai nodota lieta par tr\u012bs su\u0146u no\u0161au\u0161anu Bauskas novad\u0101 Valsts policija krimin\u0101lproces\u0101 par tr\u012bs su\u0146u no\u0161au\u0161anu Bauskas novada&hellip;\n","protected":false},"author":2,"featured_media":92936,"comment_status":"","ping_status":"","sticky":false,"template":"","format":"standard","meta":{"footnotes":""},"categories":[12],"tags":[23,6879,28,29,23296,32,33,22,573,30,31,35,39,38,36,37,34,40,20,6878,26,27,8138,24,25,21],"class_list":{"0":"post-92935","1":"post","2":"type-post","3":"status-publish","4":"format-standard","5":"has-post-thumbnail","7":"category-latvija","8":"tag-aktualitates","9":"tag-bauskas-novads","10":"tag-breaking-news","11":"tag-breakingnews","12":"tag-cietsirdiba-pret-dzivniekiem","13":"tag-featured-news","14":"tag-featurednews","15":"tag-headlines","16":"tag-kriminallieta","17":"tag-latest-news","18":"tag-latestnews","19":"tag-latvia","20":"tag-latvian","21":"tag-latviesu","22":"tag-latviesu-valoda","23":"tag-latviesuvaloda","24":"tag-latvija","25":"tag-lv","26":"tag-news","27":"tag-pasvaldibas-policija","28":"tag-popularakas-zinas","29":"tag-popularakaszinas","30":"tag-sunu-nosausana","31":"tag-top-stories","32":"tag-topstories","33":"tag-zinas"},"share_on_mastodon":{"url":"https:\/\/pubeurope.com\/@lv\/115827860119792195","error":""},"_links":{"self":[{"href":"https:\/\/www.europesays.com\/lv\/wp-json\/wp\/v2\/posts\/92935","targetHints":{"allow":["GET"]}}],"collection":[{"href":"https:\/\/www.europesays.com\/lv\/wp-json\/wp\/v2\/posts"}],"about":[{"href":"https:\/\/www.europesays.com\/lv\/wp-json\/wp\/v2\/types\/post"}],"author":[{"embeddable":true,"href":"https:\/\/www.europesays.com\/lv\/wp-json\/wp\/v2\/users\/2"}],"replies":[{"embeddable":true,"href":"https:\/\/www.europesays.com\/lv\/wp-json\/wp\/v2\/comments?post=92935"}],"version-history":[{"count":0,"href":"https:\/\/www.europesays.com\/lv\/wp-json\/wp\/v2\/posts\/92935\/revisions"}],"wp:featuredmedia":[{"embeddable":true,"href":"https:\/\/www.europesays.com\/lv\/wp-json\/wp\/v2\/media\/92936"}],"wp:attachment":[{"href":"https:\/\/www.europesays.com\/lv\/wp-json\/wp\/v2\/media?parent=92935"}],"wp:term":[{"taxonomy":"category","embeddable":true,"href":"https:\/\/www.europesays.com\/lv\/wp-json\/wp\/v2\/categories?post=92935"},{"taxonomy":"post_tag","embeddable":true,"href":"https:\/\/www.europesays.com\/lv\/wp-json\/wp\/v2\/tags?post=92935"}],"curies":[{"name":"wp","href":"https:\/\/api.w.org\/{rel}","templated":true}]}}