{"id":92941,"date":"2026-01-02T22:33:12","date_gmt":"2026-01-02T22:33:12","guid":{"rendered":"https:\/\/www.europesays.com\/lv\/92941\/"},"modified":"2026-01-02T22:33:12","modified_gmt":"2026-01-02T22:33:12","slug":"tragiski-mirusi-aktiera-tomija-li-dzonsa-meita-jauns-lv","status":"publish","type":"post","link":"https:\/\/www.europesays.com\/lv\/92941\/","title":{"rendered":"Tra\u0123iski mirusi aktiera Tomija L\u012b D\u017eonsa meita &#8211; Jauns.lv"},"content":{"rendered":"<ol>\n<li><a href=\"https:\/\/news.google.com\/rss\/articles\/CBMijwFBVV95cUxPQzVvRkpsN2w0dWhCLWN0M19JQWwtWU5EZjZXZDlDSXRUMHIyUTNmY1I1T1NieFVpYUNaM2NZcVduQ2twQUtMS2p6eTFoUnVBVDNMZXF2b3lsVVVWb2YxNld2cGhGSFlzZkFPX055YnRDWjhITkpBOS1tX0ZRQ3hXTzBsR19idlhNbGd3TlpiTQ?oc=5\" target=\"_blank\" rel=\"nofollow noopener\">Tra\u0123iski mirusi aktiera Tomija L\u012b D\u017eonsa meita<\/a>&nbsp;&nbsp;Jauns.lv<\/li>\n<li><a href=\"https:\/\/news.google.com\/rss\/articles\/CBMi0AFBVV95cUxPZU9WbjBTTF8tTmJtQWNkc0ZNZ05IMlBubk9lZTFzSWhHZTNrNDV0anZvdUFKcTNPRGRxU0pwbl93alZoWjdjSkZTdUhoLXlDOGVQYUJSOHVuc1NTQ2hBRGpVMmdQVDNsLWhrWXNXaHM1bFI3Ym8yRXFTY185Z3FVcHZsR3RvMEwwZ0tCR3pZSndaRDR5aGxReWZNdVNsZVBTV1VfRW9vX09lLXNnUXE3amRNMUdzTFNBWHZyYUV2YzBXN2piRy1SY1U2Umg3VXhC?oc=5\" target=\"_blank\" rel=\"nofollow noopener\">Tra\u0123\u0113dija Holivudas aktiera \u0123imen\u0113 \u2013 jaungada r\u012bt\u0101 mirusi atrasta vi\u0146a 34 gadus vec\u0101 meita<\/a>&nbsp;&nbsp;Santa.lv<\/li>\n<li><a href=\"https:\/\/news.google.com\/rss\/articles\/CBMiowFBVV95cUxNVGNxWWpvNU43djhLaXNic1lhaTZZeXlOTzJRMkZwb1VmbUlwdFRGX0FNb0Fra2xzQ1ZVb3labld2b2EtZnY3dWZTVGlRbTRWdVRhT3YzQ2hHWVJGa3FlclB1TEQxZUw4WXJ2ZFVBVkUtMmkzM1JaYWJsVWY5eE5TMXZadW5McWJieUlmSE5XVjBxVjVnalJGRE5fWko1c1RyYWZ30gGoAUFVX3lxTE91SmoxM0lYYmRjNnVVRE5sYTZYUTNvR0NISzNiRFRvV1prcEpMMTZYX3EzUWxuY1hpc25GWVdISzJMM0pGa2tGN2kxemRCQW56NUg2QVRTbl8zSjI3ZjRaazQyYTBPR1BXbnFTY3FRUnhJSEdJaVhyeHA0M3IwWmsxd2tKaG5xakdiNDVUaXVkTUNYbWtzRU56ZVhhc1RQYVpKYk5BMHhGdw?oc=5\" target=\"_blank\" rel=\"nofollow noopener\">Tomija L\u012b D\u017eonsa meita atrasta mirusi Sanfrancisko<\/a>&nbsp;&nbsp;bb.lv<\/li>\n<li><a href=\"https:\/\/news.google.com\/rss\/articles\/CBMiwgFBVV95cUxPVVU4WFVna2M2djJwRU1Ublc1ZFZ2NjBDaTVmTHRLLWttenJ3R3lrdW95LTEwcUl2bGRYMzhwTGVvY2VxYmd3YjQzSzlGSGRsZllkRTNOLWVRR3NZMXBEbk40elE5UGFSVFZleHhzdWxTSFV5ZnJkc2poNjhTeGdfNDA1bDVPMENnOHB6ZmQzaEo1eEg2M3JkRUZiYWlOMHNvZGd0cklJeGU5VS16LXBIYnhCQWNrTU1HQ0Uwem5uT2ZVdw?oc=5\" target=\"_blank\" rel=\"nofollow noopener\">Tra\u0123iski m\u016b\u017e\u012bb\u0101 aizg\u0101jusi aktrises Tomija L\u012b D\u017eounsa meita Viktorija<\/a>&nbsp;&nbsp;Lente.lv<\/li>\n<li><a href=\"https:\/\/news.google.com\/rss\/articles\/CBMi6wFBVV95cUxNdTVNWEZSdnpSTUt5SzI4aVRmYWZBeEZRT0gyZll1ank2Uk9pc3J6ZXBYOEY1bDA4bi1QbkhrdlE5ZloyVEM3Zl9nZjI1cURMYWJ3YUFvUEMzcE5BV2dzX2dmTnFSQ2VuVkVfTDZ1NE1JcU5QQ29Fb0hYT3FIS1NOaEFmQklVak53MTB4ODdnR2E5YnNYMzRmVWVuNnFhUm41T0hON253Zm9WeEZZTmJ3SHc2bzdZYXRZTjJpV3A2OU5HeUswNDRFTW5FTlBjcm1rdWZRLTVGT3VqSldaQ0piazBGRndzSkg0Ukk0?oc=5\" target=\"_blank\" rel=\"nofollow noopener\">Atrasta miru\u0161i aktiera Tomija L\u012b D\u017eonsa meita Viktorija Kafkas D\u017eonsa Sanfrancisko viesn\u012bc\u0101<\/a>&nbsp;&nbsp;Lente.lv<\/li>\n<\/ol>\n","protected":false},"excerpt":{"rendered":"Tra\u0123iski mirusi aktiera Tomija L\u012b D\u017eonsa meita&nbsp;&nbsp;Jauns.lv Tra\u0123\u0113dija Holivudas aktiera \u0123imen\u0113 \u2013 jaungada r\u012bt\u0101 mirusi atrasta vi\u0146a 34&hellip;\n","protected":false},"author":2,"featured_media":92942,"comment_status":"","ping_status":"","sticky":false,"template":"","format":"standard","meta":{"footnotes":""},"categories":[5],"tags":[23,28,29,32,33,22,30,31,35,39,38,36,37,34,40,20,26,27,24,25,21],"class_list":{"0":"post-92941","1":"post","2":"type-post","3":"status-publish","4":"format-standard","5":"has-post-thumbnail","7":"category-aktualitates","8":"tag-aktualitates","9":"tag-breaking-news","10":"tag-breakingnews","11":"tag-featured-news","12":"tag-featurednews","13":"tag-headlines","14":"tag-latest-news","15":"tag-latestnews","16":"tag-latvia","17":"tag-latvian","18":"tag-latviesu","19":"tag-latviesu-valoda","20":"tag-latviesuvaloda","21":"tag-latvija","22":"tag-lv","23":"tag-news","24":"tag-popularakas-zinas","25":"tag-popularakaszinas","26":"tag-top-stories","27":"tag-topstories","28":"tag-zinas"},"share_on_mastodon":{"url":"https:\/\/pubeurope.com\/@lv\/115827887524088849","error":""},"_links":{"self":[{"href":"https:\/\/www.europesays.com\/lv\/wp-json\/wp\/v2\/posts\/92941","targetHints":{"allow":["GET"]}}],"collection":[{"href":"https:\/\/www.europesays.com\/lv\/wp-json\/wp\/v2\/posts"}],"about":[{"href":"https:\/\/www.europesays.com\/lv\/wp-json\/wp\/v2\/types\/post"}],"author":[{"embeddable":true,"href":"https:\/\/www.europesays.com\/lv\/wp-json\/wp\/v2\/users\/2"}],"replies":[{"embeddable":true,"href":"https:\/\/www.europesays.com\/lv\/wp-json\/wp\/v2\/comments?post=92941"}],"version-history":[{"count":0,"href":"https:\/\/www.europesays.com\/lv\/wp-json\/wp\/v2\/posts\/92941\/revisions"}],"wp:featuredmedia":[{"embeddable":true,"href":"https:\/\/www.europesays.com\/lv\/wp-json\/wp\/v2\/media\/92942"}],"wp:attachment":[{"href":"https:\/\/www.europesays.com\/lv\/wp-json\/wp\/v2\/media?parent=92941"}],"wp:term":[{"taxonomy":"category","embeddable":true,"href":"https:\/\/www.europesays.com\/lv\/wp-json\/wp\/v2\/categories?post=92941"},{"taxonomy":"post_tag","embeddable":true,"href":"https:\/\/www.europesays.com\/lv\/wp-json\/wp\/v2\/tags?post=92941"}],"curies":[{"name":"wp","href":"https:\/\/api.w.org\/{rel}","templated":true}]}}