{"id":92950,"date":"2026-01-02T23:14:20","date_gmt":"2026-01-02T23:14:20","guid":{"rendered":"https:\/\/www.europesays.com\/lv\/92950\/"},"modified":"2026-01-02T23:14:20","modified_gmt":"2026-01-02T23:14:20","slug":"neatgriezeniskie-procesi-sakas-atrak-neka-mes-domajam","status":"publish","type":"post","link":"https:\/\/www.europesays.com\/lv\/92950\/","title":{"rendered":"Neatgriezeniskie procesi s\u0101k\u0101s \u0101tr\u0101k, nek\u0101 m\u0113s dom\u0101j\u0101m"},"content":{"rendered":"<p>Norakst\u012bta, nodota, smagu kauju, bombard\u0113\u0161anas un spiediena izsmelta, Ukraina ar\u012b 2025. gad\u0101 ir notur\u0113jusies. Neskatoties uz dr\u016bm\u0101kaj\u0101m prognoz\u0113m, t\u0101 nav salauzta. Ta\u010du optimisms attiec\u012bb\u0101 uz 2026. gadu, \u0161\u0137iet, var b\u016bt tikai neliels. Krievija neatsak\u0101s no saviem pl\u0113son\u012bgajiem m\u0113r\u0137iem, t\u0101 vien pastiprina karadarb\u012bbu, ASV tikai mekl\u0113 iesp\u0113ju atkrat\u012bties, un Eiropa, p\u0101r kuru, l\u012bdz\u012bgi k\u0101 1939. gad\u0101, uzvirmo kara m\u0101ko\u0146i, pier\u0101da, ka atkal nav sp\u0113j\u012bga uz karu.<\/p>\n<p>Vai viss ir tik bezcer\u012bgi? N\u0113, saka eksperts.<\/p>\n<p class=\"MsoNormal\">Kar\u0161 Ukrain\u0101 atkal un atkal ir par\u0101d\u012bjis, ka eksperta eti\u0137ete bie\u017ei vien bezatbild\u012bgi tiek d\u0101\u013c\u0101ta pa labi un pa kreisi ikvienam, kam ir m\u0113le un sp\u0113ja salikt vienu vai divus sakar\u012bgus teikumus. Tom\u0113r da\u017ei kara nov\u0113rot\u0101ji kop\u0161 t\u0101 s\u0101kuma ir peln\u012bti sa\u0146\u0113mu\u0161i pastiprin\u0101tu uzman\u012bbu par saturu, ko vi\u0146i veido. Ne velti vi\u0146us sauc par ekspertiem, vismaz t\u0101p\u0113c, ka vi\u0146us paz\u012bst galvenok\u0101rt k\u0101 t\u0101dus, kam r\u016bp anal\u012bze, dati, kontakti un argumenti. Ar\u012b p\u0113rn\u0101 gada izska\u0146\u0101 &#8220;Delfi&#8221; interv\u0113 vienu no paz\u012bstam\u0101kajiem ekspertiem, kas jau 2021. gad\u0101 br\u012bdin\u0101ja par atkl\u0101tu karu un vair\u0101kk\u0101rt ir prognoz\u0113jis pa\u0161a kara gaitu.<\/p>\n<p class=\"MsoNormal\">J\u0101, Maikls Kofmans nav no tiem cilv\u0113kiem, kas izstaro nepamatotu dramatismu, pesimismu vai \u2013 v\u0113l jo vair\u0101k \u2013 optimismu. \u012apa\u0161i attiec\u012bb\u0101 uz Ukrainu vai Eiropu kopum\u0101, uz kuru, tiesa, vi\u0146\u0161 bie\u017ei vien raug\u0101s ar nesl\u0113ptu amerik\u0101nisku zobgal\u012bbu. Tom\u0113r vi\u0146\u0161 to var at\u013cauties, un nav nejau\u0161\u012bba, ka anal\u012bti\u0137is no ASV, kas tiek uzskat\u012bts par vienu no atz\u012bt\u0101kajiem un lab\u0101kajiem \u0161\u012b kara ekspertiem, regul\u0101ri apmekl\u0113 gan Ukrainu, gan Lietuvu, kur sastopas ar daudziem ietekm\u012bgiem cilv\u0113kiem un l\u0113mumu pie\u0146\u0113m\u0113jiem.<\/p>\n<p class=\"MsoNormal\">Kofmans jau vair\u0101kus gadus p\u0113c k\u0101rtas sniedz ekskluz\u012bvas intervijas &#8220;Delfi&#8221;, kur\u0101s vi\u0146\u0161 prognoz\u0113 to, kas sagaid\u0101ms n\u0101kotn\u0113. Ar\u012b \u0161oreiz vi\u0146a piesardz\u012bg\u0101s prognozes galvenok\u0101rt balst\u0101s uz pa\u0161reiz\u0113j\u0101s situ\u0101cijas nov\u0113rt\u0113jumu. T\u0101p\u0113c, lai gan pirmaj\u0101 br\u012bd\u012b aina izskat\u0101s dr\u016bma, \u012bpa\u0161i no Ukrainas skatpunkta, k\u0101 ar\u012b no p\u0101r\u0113j\u0101s Eiropas perspekt\u012bvas, \u012bpa\u0161i no Baltijas valstu, kas ir n\u0101kamie Krem\u013ca m\u0113r\u0137i, jo vair\u0101k, ja ukrai\u0146i zaud\u0113s, Kofmans ir p\u0101rliecin\u0101ts, ka viss v\u0113l nav zaud\u0113ts. Mums tikai j\u0101uzdod sev da\u017ei svar\u012bgi jaut\u0101jumi.<\/p>\n<p>Kas \u0161aj\u0101 kar\u0101 uzvar vai zaud\u0113?<\/p>\n<p class=\"MsoNormal\">Pirmais jaut\u0101jums ir par kara kop\u0113jo nov\u0113rt\u0113jumu \u2013 kas taj\u0101 uzvar vai zaud\u0113?<\/p>\n<p>Lai turpin\u0101tu las\u012bt, ieg\u0101d\u0101jies abonementu.<\/p>\n<p class=\"fs-4\">L\u016bdzu, uzgaidi!<\/p>\n<p class=\"fs-5\">Piel\u0101gojam Tev piem\u0113rot\u0101ko abon\u0113\u0161anas pied\u0101v\u0101jumu&#8230;<\/p>\n<p class=\"lh-1 fs-6 text-muted pt-3 mt-5\">Abon\u0113\u0161anas pied\u0101v\u0101jums nav redzams? L\u016bdzu, izsl\u0113dz rekl\u0101mu blo\u0137\u0113t\u0101ju vai  p\u0101rl\u0101d\u0113 lapu.<br \/>Jaut\u0101jumu gad\u012bjum\u0101 raksti <a href=\"https:\/\/www.delfi.lv\/51042943\/arzemes\/120100876\/mailto:konts@delfi.lv\" class=\"text-primary\" rel=\"nofollow noopener\" target=\"_blank\">konts@delfi.lv<\/a><\/p>\n<p class=\"m-0\">Seko &#8220;Delfi&#8221; ar\u012b  <a target=\"_blank\" href=\"https:\/\/www.instagram.com\/delfi.lv\/\" rel=\"nofollow noopener\">Instagram<\/a>  un <a target=\"_blank\" href=\"https:\/\/www.youtube.com\/channel\/UCw5foWtcJvAbUm64rv7jwUQ\" rel=\"nofollow noopener\">YouTube<\/a>  profil\u0101 \u2013 pievienojies, lai uzzin\u0101tu svar\u012bg\u0101ko un interesant\u0101ko pirmais!<\/p>\n<p>Publik\u0101cijas saturs vai t\u0101s jebk\u0101da apjoma da\u013ca ir aizsarg\u0101ts autorties\u012bbu objekts Autorties\u012bbu likuma izpratn\u0113, un t\u0101 izmanto\u0161ana bez izdev\u0113ja at\u013caujas ir aizliegta. Vair\u0101k lasi  <a target=\"_blank\" href=\"https:\/\/www.delfi.lv\/noteikumi#autortiesibas\" rel=\"nofollow noopener\">\u0161eit<\/a><script async src=\"\/\/www.instagram.com\/embed.js\"><\/script><\/p>\n","protected":false},"excerpt":{"rendered":"Norakst\u012bta, nodota, smagu kauju, bombard\u0113\u0161anas un spiediena izsmelta, Ukraina ar\u012b 2025. gad\u0101 ir notur\u0113jusies. Neskatoties uz dr\u016bm\u0101kaj\u0101m prognoz\u0113m,&hellip;\n","protected":false},"author":2,"featured_media":92951,"comment_status":"","ping_status":"","sticky":false,"template":"","format":"standard","meta":{"footnotes":""},"categories":[14],"tags":[4188,1546,23,57,28,29,5728,542,334,32,33,22,74,30,31,35,39,38,36,37,34,40,71,20,26,27,24,25,276,235,54,55,56,21,58],"class_list":{"0":"post-92950","1":"post","2":"type-post","3":"status-publish","4":"format-standard","5":"has-post-thumbnail","7":"category-zinas-no-arvalstim","8":"tag-aizkadra","9":"tag-aizsardziba","10":"tag-aktualitates","11":"tag-arvalstim","12":"tag-breaking-news","13":"tag-breakingnews","14":"tag-delfi-plus","15":"tag-donalds-tramps","16":"tag-drosiba","17":"tag-featured-news","18":"tag-featurednews","19":"tag-headlines","20":"tag-krievijas-iebrukums-ukraina","21":"tag-latest-news","22":"tag-latestnews","23":"tag-latvia","24":"tag-latvian","25":"tag-latviesu","26":"tag-latviesu-valoda","27":"tag-latviesuvaloda","28":"tag-latvija","29":"tag-lv","30":"tag-nato","31":"tag-news","32":"tag-popularakas-zinas","33":"tag-popularakaszinas","34":"tag-top-stories","35":"tag-topstories","36":"tag-ukraina","37":"tag-vladimirs-putins","38":"tag-world","39":"tag-world-news","40":"tag-worldnews","41":"tag-zinas","42":"tag-zinas-no-arvalstim"},"share_on_mastodon":{"url":"","error":"Validation failed: Text character limit of 500 exceeded"},"_links":{"self":[{"href":"https:\/\/www.europesays.com\/lv\/wp-json\/wp\/v2\/posts\/92950","targetHints":{"allow":["GET"]}}],"collection":[{"href":"https:\/\/www.europesays.com\/lv\/wp-json\/wp\/v2\/posts"}],"about":[{"href":"https:\/\/www.europesays.com\/lv\/wp-json\/wp\/v2\/types\/post"}],"author":[{"embeddable":true,"href":"https:\/\/www.europesays.com\/lv\/wp-json\/wp\/v2\/users\/2"}],"replies":[{"embeddable":true,"href":"https:\/\/www.europesays.com\/lv\/wp-json\/wp\/v2\/comments?post=92950"}],"version-history":[{"count":0,"href":"https:\/\/www.europesays.com\/lv\/wp-json\/wp\/v2\/posts\/92950\/revisions"}],"wp:featuredmedia":[{"embeddable":true,"href":"https:\/\/www.europesays.com\/lv\/wp-json\/wp\/v2\/media\/92951"}],"wp:attachment":[{"href":"https:\/\/www.europesays.com\/lv\/wp-json\/wp\/v2\/media?parent=92950"}],"wp:term":[{"taxonomy":"category","embeddable":true,"href":"https:\/\/www.europesays.com\/lv\/wp-json\/wp\/v2\/categories?post=92950"},{"taxonomy":"post_tag","embeddable":true,"href":"https:\/\/www.europesays.com\/lv\/wp-json\/wp\/v2\/tags?post=92950"}],"curies":[{"name":"wp","href":"https:\/\/api.w.org\/{rel}","templated":true}]}}