{"id":92952,"date":"2026-01-02T23:20:20","date_gmt":"2026-01-02T23:20:20","guid":{"rendered":"https:\/\/www.europesays.com\/lv\/92952\/"},"modified":"2026-01-02T23:20:20","modified_gmt":"2026-01-02T23:20:20","slug":"eksperts-par-iespejamo-krievijas-spiedienu-eiropa-ari-2026-gada-ta-meginas-ietekmet-drosibas-vidi-kaiminvalstis-1188-lv","status":"publish","type":"post","link":"https:\/\/www.europesays.com\/lv\/92952\/","title":{"rendered":"Eksperts par iesp\u0113jamo Krievijas spiedienu Eirop\u0101: ar\u012b 2026. gad\u0101 t\u0101 m\u0113\u0123in\u0101s ietekm\u0113t dro\u0161\u012bbas vidi kaimi\u0146valst\u012bs &#8211; 1188.lv"},"content":{"rendered":"<ol>\n<li><a href=\"https:\/\/news.google.com\/rss\/articles\/CBMi2wFBVV95cUxPQUdkcmN5X0phbk9pSmNlNmUxLVJvZ3RJcGJEeWQ4dFdfNUxzZUx4QmRDRGFaanlFai13Sy1KOWNYb19VcDBuUVphUDVRZm9SVXlWeVY2OVh5VWxLTnFZeGZhSUN0WUtyLWhwbEZyS0E1ZXIxZmNOdnd0RV85QkdSTWtjbXg3RkpyYXZSVmo0eUdoZ0dXYkRFalVHeXJmU0NFRmxMUkFBUmpzS1lxcnE3eUJVa0JfeEd0WDM1Q1lfRkIxMjBuNFpSZDhFRXlKZmZESFd3Q2tnZjVQNmc?oc=5\" target=\"_blank\" rel=\"nofollow noopener\">Eksperts par iesp\u0113jamo Krievijas spiedienu Eirop\u0101: ar\u012b 2026. gad\u0101 t\u0101 m\u0113\u0123in\u0101s ietekm\u0113t dro\u0161\u012bbas vidi kaimi\u0146valst\u012bs<\/a>&nbsp;&nbsp;1188.lv<\/li>\n<li><a href=\"https:\/\/news.google.com\/rss\/articles\/CBMitgFBVV95cUxNUHU1ZGZBNmpfU0dmcmUwRUZiRjMwcEF1aWJQTXpvdWMzeHpMRDVqWl9yd19La3Q4VXpXaHlaQUhBRGlmQlNqVGdNbTFCc3BPbFhqMVVCUWNERjdOVWJpYlNSSEJCcF94OVZQOGduVUt5UjRpdFRLQ05rZkhJMmdGN2IzUF9pTFZCWjhzRUFqeEFoSzJYNDBjM1lYSjgxVGtNX0Vod2dGUU1OQURvUUhqZFVCcHpTdw?oc=5\" target=\"_blank\" rel=\"nofollow noopener\">Kam\u0113r Krievija ir aiz\u0146emta kar\u0101 Ukrain\u0101, t\u0101 nevar karot pret NATO sp\u0113kiem, pau\u017e p\u0113tnieks<\/a>&nbsp;&nbsp;TVNET<\/li>\n<li><a href=\"https:\/\/news.google.com\/rss\/articles\/CBMizgFBVV95cUxOdlVBTXA0TXMtZm1KTnpWMHJEY0M3S0I5TU5vQkRLb0xYdnVqSTM4LW44b29FS0xPSFZFOUNJZ1JCYkYzZm8tV3Rhc2NWb2hVZld2bXZNUnZIUWZ0RTJadWZIMTNMY21RRmRnMnpiMXIzV09DdEhQS0RmbFhzRHVkc0RnZFNaWFhLOEZISGxBaloyZFZuV1hITjFZMEcxM2oteU5XM2I2UWI4UEw5Qjg4cjNkSU5tcUg1VERULXo3LVhxZVctRUlIV1k2R0JaQQ?oc=5\" target=\"_blank\" rel=\"nofollow noopener\">P\u0113tnieks: Krievija 2026. gad\u0101 pastiprin\u0101s hibr\u012bdaktivit\u0101tes un ietekmes oper\u0101cijas Eirop\u0101<\/a>&nbsp;&nbsp;Lente.lv<\/li>\n<li><a href=\"https:\/\/news.google.com\/rss\/articles\/CBMisAFBVV95cUxNekRfaVp4Q1plaFNmXzc3ZnZDN19rd2MwWXItNVllOFVhUEk2alMzV2phS1ZrQUN2Szhjdkl4NWxvOEg2NjREbzVfT2JHV1c1cmltaTI4SFN1X3JnS011REZIWW9pcDhYUHh1UEt6c0VNU0lmY1ktT2ZsYk1RR09yNEtGc3p0QnJhMHdBdnZpSWtTRU11MEFjeHRoUDYzaExncjdzOFFFM2kxWklBRS1DcQ?oc=5\" target=\"_blank\" rel=\"nofollow noopener\">Eiropas l\u012bderi br\u012bdina par pla\u0161\u0101ku karu ar Krieviju, bet cik re\u0101li ir \u0161ie draudi?<\/a>&nbsp;&nbsp;tv3.lv<\/li>\n<li><a href=\"https:\/\/news.google.com\/rss\/articles\/CBMiqgFBVV95cUxQVzQyMjEyS1NqVzREa29BSmpJRFJEcWFRSG5yd2NsTGdvOGdpbVJlN0ZobzE0aVRsM0VlaXA4eGZteXNIRFFJaU1fUEhHZDhDZzAxWlZmQmVZVzk1NXoxREsxTTJwQ3ZUeEpPYkJFMndwa3dUOVh3Vl9lbm9QbE9sMlNRdF8xV3gya1dKbXZDc09ENDVKdWU0Um1CQkNOeE9ScFltVW0tZnI3Z9IBrwFBVV95cUxPTVlNX2s0SXEzZFREdTRjMU9MVXpTYjVnQTNTS2JLM1E3V05fZnY1Y1gxczZERVVDTnNmRldBR0M1SkU4bk1lZElVVktESElXLVVXNFBvSlc2bG1PR21HLWNkb2llRVVsTldNcG5BTlpYT1Z4bVdUOE0wQW1fRTZMUXJtTHlrc0VMMXB0U3A0MHJ3ekRZc2tlTXZlZE9FWjkzX0JtY3MyYjVDSGt4NkxF?oc=5\" target=\"_blank\" rel=\"nofollow noopener\">Milit\u0101r\u0101s prognozes 2026. gadam: Putina hibr\u012bd\u0101 eskal\u0101cija<\/a>&nbsp;&nbsp;bb.lv<\/li>\n<\/ol>\n","protected":false},"excerpt":{"rendered":"Eksperts par iesp\u0113jamo Krievijas spiedienu Eirop\u0101: ar\u012b 2026. gad\u0101 t\u0101 m\u0113\u0123in\u0101s ietekm\u0113t dro\u0161\u012bbas vidi kaimi\u0146valst\u012bs&nbsp;&nbsp;1188.lv Kam\u0113r Krievija ir&hellip;\n","protected":false},"author":2,"featured_media":92953,"comment_status":"","ping_status":"","sticky":false,"template":"","format":"standard","meta":{"footnotes":""},"categories":[14],"tags":[129,10860,23297,470,473,3260,2334,6141,23,57,28,29,32,33,22,30,31,35,39,38,36,37,34,40,20,26,27,10861,471,2335,474,23298,3261,6142,10862,472,2336,23299,475,3262,6143,24,25,54,55,56,21,58],"class_list":{"0":"post-92952","1":"post","2":"type-post","3":"status-publish","4":"format-standard","5":"has-post-thumbnail","7":"category-zinas-no-arvalstim","8":"tag-__typenameadvicekeyword","9":"tag-id1146","10":"tag-id1645","11":"tag-id532","12":"tag-id549","13":"tag-id553","14":"tag-id554","15":"tag-id556","16":"tag-aktualitates","17":"tag-arvalstim","18":"tag-breaking-news","19":"tag-breakingnews","20":"tag-featured-news","21":"tag-featurednews","22":"tag-headlines","23":"tag-latest-news","24":"tag-latestnews","25":"tag-latvia","26":"tag-latvian","27":"tag-latviesu","28":"tag-latviesu-valoda","29":"tag-latviesuvaloda","30":"tag-latvija","31":"tag-lv","32":"tag-news","33":"tag-popularakas-zinas","34":"tag-popularakaszinas","35":"tag-slugkars","36":"tag-slugkars-ukraina","37":"tag-slugkrievija","38":"tag-slugkrievijas-iebrukums-ukraina","39":"tag-slugkrievijas-ukrainas-miera-sarunas","40":"tag-slugukraina","41":"tag-slugvladimirs-putins","42":"tag-titlekars","43":"tag-titlekars-ukraina","44":"tag-titlekrievija","45":"tag-titlekrievijas-ukrainas-miera-sarunas","46":"tag-titlekrievijas-iebrukums-ukraina","47":"tag-titleukraina","48":"tag-titlevladimirs-putins","49":"tag-top-stories","50":"tag-topstories","51":"tag-world","52":"tag-world-news","53":"tag-worldnews","54":"tag-zinas","55":"tag-zinas-no-arvalstim"},"share_on_mastodon":{"url":"","error":"Validation failed: Text character limit of 500 exceeded"},"_links":{"self":[{"href":"https:\/\/www.europesays.com\/lv\/wp-json\/wp\/v2\/posts\/92952","targetHints":{"allow":["GET"]}}],"collection":[{"href":"https:\/\/www.europesays.com\/lv\/wp-json\/wp\/v2\/posts"}],"about":[{"href":"https:\/\/www.europesays.com\/lv\/wp-json\/wp\/v2\/types\/post"}],"author":[{"embeddable":true,"href":"https:\/\/www.europesays.com\/lv\/wp-json\/wp\/v2\/users\/2"}],"replies":[{"embeddable":true,"href":"https:\/\/www.europesays.com\/lv\/wp-json\/wp\/v2\/comments?post=92952"}],"version-history":[{"count":0,"href":"https:\/\/www.europesays.com\/lv\/wp-json\/wp\/v2\/posts\/92952\/revisions"}],"wp:featuredmedia":[{"embeddable":true,"href":"https:\/\/www.europesays.com\/lv\/wp-json\/wp\/v2\/media\/92953"}],"wp:attachment":[{"href":"https:\/\/www.europesays.com\/lv\/wp-json\/wp\/v2\/media?parent=92952"}],"wp:term":[{"taxonomy":"category","embeddable":true,"href":"https:\/\/www.europesays.com\/lv\/wp-json\/wp\/v2\/categories?post=92952"},{"taxonomy":"post_tag","embeddable":true,"href":"https:\/\/www.europesays.com\/lv\/wp-json\/wp\/v2\/tags?post=92952"}],"curies":[{"name":"wp","href":"https:\/\/api.w.org\/{rel}","templated":true}]}}