{"id":92960,"date":"2026-01-02T23:34:14","date_gmt":"2026-01-02T23:34:14","guid":{"rendered":"https:\/\/www.europesays.com\/lv\/92960\/"},"modified":"2026-01-02T23:34:14","modified_gmt":"2026-01-02T23:34:14","slug":"galvenie-notikumi-kas-mainija-globalo-politiku-un-drosibu-lente-lv","status":"publish","type":"post","link":"https:\/\/www.europesays.com\/lv\/92960\/","title":{"rendered":"galvenie notikumi, kas main\u012bja glob\u0101lo politiku un dro\u0161\u012bbu\u00a0\u2014\u00a0Lente.lv"},"content":{"rendered":"<p>2025. gads pasaul\u0113: notikumu virpul\u012b<\/p>\n<p>2025. gads daudziem paliks atmi\u0146\u0101 k\u0101 \u012bpa\u0161i turbulentu notikumu pilns. S\u0101kot no milit\u0101r\u0101m oper\u0101cij\u0101m un tirdzniec\u012bbas kariem l\u012bdz politisk\u0101m p\u0101rmai\u0146\u0101m un pla\u0161iem protestiem, pasaule piedz\u012bvoja virkni satricino\u0161u notikumu, kas b\u016btiski ietekm\u0113ja glob\u0101lo politiku un dro\u0161\u012bbas situ\u0101ciju. K\u0101 inform\u0113 telekan\u0101ls EuroNews, lai gan bija gr\u016bti izcelt tikai desmit galvenos notikumus, \u0161ie ir tie, kas \u012bpa\u0161i form\u0113ja aizvad\u012bto gadu.<\/p>\n<p>Trampa atgrie\u0161an\u0101s un glob\u0101lo attiec\u012bbu p\u0101rskat\u012b\u0161ana<\/p>\n<p>20. janv\u0101r\u012b Donalds Tramps negaid\u012bti veiksm\u012bgi atgriez\u0101s Baltaj\u0101 nam\u0101, uzvarot savu Demokr\u0101tu partijas s\u0101ncensi Kamalu Harisu. Trampa uzvara, ko da\u013c\u0113ji veicin\u0101ja papla\u0161in\u0101ts atbalst\u012bt\u0101ju loks, tostarp no tehnolo\u0123iju un lat\u012b\u0146amerik\u0101\u0146u kopienas, iez\u012bm\u0113ja jaunu kursu ASV politikas un glob\u0101l\u0101s k\u0101rt\u012bbas p\u0101rveid\u0113. Vi\u0146a pirmie 100 dien\u0101s amat\u0101 tika parakst\u012bti 142 izpildr\u012bkojumi, kas v\u0113rsti uz nacion\u0101lo dro\u0161\u012bbu, imigr\u0101cijas ierobe\u017eo\u0161anu, ener\u0123\u0113tisko neatkar\u012bbu un vald\u012bbas efektivit\u0101ti. Vienlaikus Tramps pie\u0146\u0113ma stingr\u0101ku nost\u0101ju pret Eiropas Savien\u012bbu, kritiz\u0113jot to par migr\u0101cijas probl\u0113m\u0101m un regul\u0113jumiem, kas rad\u012bja jaut\u0101jumus par transatlantisko attiec\u012bbu n\u0101kotni.<\/p>\n<p>Trampa prezident\u016bra rad\u012bja satricin\u0101jumu ar\u012b ASV un Ukrainas attiec\u012bb\u0101s. Saspringt\u0101 tik\u0161an\u0101s Baltaj\u0101 nam\u0101 28. febru\u0101r\u012b, kur\u0101 Donalds Tramps un viceprezidents D\u017eejs Di Venss stingri nor\u0101d\u012bja Ukrainas prezidentam Volodimiram Zelenskim, ka ASV milit\u0101rais atbalsts nav pa\u0161saprotams. Lai gan v\u0113l\u0101k kara atbalsts tika atjaunots un tika pied\u0101v\u0101tas 15 gadu dro\u0161\u012bbas garantijas, Eiropas Savien\u012bbas amatpersonas pauda neuztic\u0113\u0161anos ASV k\u0101 ilgtermi\u0146a partnerim. Neskatoties uz s\u0101kotn\u0113j\u0101m nesaska\u0146\u0101m, abu l\u012bderu attiec\u012bbas uzlaboj\u0101s, un decembr\u012b tika pan\u0101kta vieno\u0161an\u0101s par 28 punktu ASV-Krievijas miera pl\u0101nu.<\/p>\n<p>Tirdzniec\u012bbas kari un jauna p\u0101vesta \u0113ra<\/p>\n<p>2025. gads bija noz\u012bm\u012bgs glob\u0101l\u0101s tirdzniec\u012bbas zi\u0146\u0101, ASV ievie\u0161ot jaunus tarifus daudz\u0101m valst\u012bm. 2. apr\u012bl\u012b Tramps noteica 10% muitas nodokli gandr\u012bz vis\u0101m valst\u012bm, ko vi\u0146\u0161 nod\u0113v\u0113ja par &#8220;Liber\u0101cijas dienu&#8221;. Lai gan s\u0101kotn\u0113jais tirgu satricin\u0101jums lika aptur\u0113t tarifu ievie\u0161anu, l\u012bdz j\u016blija beig\u0101m tika pan\u0101kts vieno\u0161an\u0101s ar asto\u0146iem tirdzniec\u012bbas partneriem, tostarp ES un Lielbrit\u0101niju. Vieno\u0161an\u0101s ar ES ietv\u0113ra 15% muitas nodokli Eiropas eksporta prec\u0113m apmai\u0146\u0101 pret sol\u012bjumu ieg\u0101d\u0101ties ASV iero\u010dus un ener\u0123iju. V\u0113l\u0101k novembr\u012b ASV piepras\u012bja ES m\u012bkstin\u0101t digit\u0101lo noteikumu piem\u0113ro\u0161anu ASV tehnolo\u0123iju uz\u0146\u0113mumiem, pied\u0101v\u0101jot samazin\u0101t alum\u012bnija tarifus.<\/p>\n<p>Maij\u0101 kato\u013cu bazn\u012bca ieguva jaunu p\u0101vestu \u2014 amerik\u0101ni Robertu Francisu Prevostu, kur\u0161 pie\u0146\u0113ma v\u0101rdu Leo XIV. Vi\u0146a pontifik\u0101ts, kas s\u0101k\u0101s p\u0113c p\u0101vesta Franciska n\u0101ves apr\u012bl\u012b, izc\u0113l\u0101s ar aicin\u0101jumiem uz mieru un atbalstu cietu\u0161ajiem konfliktos, \u012bpa\u0161i Ukrain\u0101 un Gaz\u0101. Vi\u0146\u0161 aicin\u0101ja uz &#8220;neapbru\u0146otu un atturo\u0161u mieru&#8221; un nekav\u0113jo\u0161u pamieru Gaz\u0101.<\/p>\n<p>Re\u0123ion\u0101l\u0101s p\u0101rmai\u0146as un jauni konflikti<\/p>\n<p>2025. gad\u0101 notika b\u016btiskas p\u0101rmai\u0146as S\u012brij\u0101. P\u0113c Damaskas diktatora Ba\u0161ara al Asada kri\u0161anas decembr\u012b un vair\u0101k nek\u0101 13 gadus ilgu\u0161\u0101 pilso\u0146u kara beig\u0101m, gan Eiropas Savien\u012bba, gan ASV, gan Lielbrit\u0101nija atc\u0113la pret S\u012briju v\u0113rst\u0101s sankcijas. \u0160is l\u0113mums tika pamatots ar v\u0113lmi dot valstij iesp\u0113ju atjaunoties un nodro\u0161in\u0101t dro\u0161u vidi b\u0113g\u013cu atgrie\u0161an\u0101s.<\/p>\n<p>Taj\u0101 pa\u0161\u0101 laik\u0101 re\u0123ion\u0101l\u0101s spriedzes pieauga citur. Izra\u0113la un ASV veica uzbrukumus Ir\u0101nas kodolobjektiem un milit\u0101rajiem m\u0113r\u0137iem, m\u0113\u0123inot ierobe\u017eot Teher\u0101nas kodolprogrammu un atbalstu proxy grup\u0101m Tuvajos Austrumos. Lai gan tika pan\u0101kts pamier\u0101, abas puses apgalvoja, ka ir guvu\u0161as uzvaru.<\/p>\n<p>2025. gad\u0101 notika ar\u012b bezprecedenta tik\u0161an\u0101s starp ASV prezidentu Donaldu Trampu un Krievijas prezidentu Vladimiru Putinu A\u013cask\u0101. Lai gan tik\u0161an\u0101s m\u0113r\u0137is bija veicin\u0101t mieru un izbeigt karu Ukrain\u0101, konkr\u0113tu rezult\u0101tu nebija. Putina viz\u012bte tika interpret\u0113ta k\u0101ieved\u012b\u0161ana Krievijas teritori\u0101laj\u0101m pras\u012bb\u0101m, satraucot Kijivu un Eiropas sabiedrotos.<\/p>\n<p>Gaz\u0101 tika pan\u0101kts trausls pamiera l\u012bgums starp Izra\u0113lu un Hamas, kas paredz\u0113ja palest\u012bnie\u0161u ieslodz\u012bto apmai\u0146u pret Izra\u0113las \u0137\u012blniekiem. Tom\u0113r joproj\u0101m past\u0101v ba\u017eas par past\u0101v\u012bgu vald\u012bbu, piln\u012bgu Izra\u0113las izve\u0161anu un humanit\u0101ro kr\u012bzi.<\/p>\n<p>\u0136\u012bnas tirdzniec\u012bbas politika un \u0100frikas &#8220;apv\u0113rsumu jostas&#8221; papla\u0161in\u0101\u0161an\u0101s<\/p>\n<p>Gada nogal\u0113 saasin\u0101j\u0101s spriedze attiec\u012bb\u0101s ar \u0136\u012bnu, kas ieviesa stingrus eksporta ierobe\u017eojumus retajiem zemes met\u0101liem, radot ba\u017eas par glob\u0101laj\u0101m pieg\u0101\u017eu \u0137\u0113d\u0113m. Eiropas Savien\u012bba izskat\u012bja iesp\u0113ju ieviest pretpas\u0101kumus, lai mazin\u0101tu atkar\u012bbu no \u0136\u012bnas.<\/p>\n<p>Rietum\u0101frik\u0101 turpin\u0101j\u0101s politisk\u0101 nestabilit\u0101te, papla\u0161inoties t\u0101 d\u0113v\u0113tajai &#8220;apv\u0113rsumu jostai&#8221; Sahelas re\u0123ion\u0101. Milit\u0101r\u0101s huntas pieaugo\u0161i dzi\u013cin\u0101ja saites ar Krieviju, izst\u0101jot fran\u010du un Eiropas diplom\u0101tisk\u0101s misijas.<\/p>\n<p>Jap\u0101nas pirmais premjerministres un jaunas milit\u0101r\u0101s sp\u0113ka demonstr\u0101cijas<\/p>\n<p>21. oktobr\u012b Jap\u0101nas parlaments iev\u0113l\u0113ja San\u0113 Takaichi par pirmo valsts premjerministri, kas bija noz\u012bm\u012bgs solis dzimumu l\u012bdzties\u012bbas jom\u0101. Takaichi, kas ie\u0146em stingru nost\u0101ju aizsardz\u012bbas un \u0136\u012bnas jaut\u0101jumos, ir apstiprin\u0101jusi rekordlielo aizsardz\u012bbas bud\u017eetu, kas Jap\u0101nu padar\u012bs par tre\u0161o liel\u0101ko milit\u0101r\u0101s izdevumu t\u0113r\u0113t\u0101ju pasaul\u0113.<\/p>\n<p>Gada nosl\u0113gum\u0101 \u0136\u012bna demonstr\u0113ja savu milit\u0101ro sp\u0113ku, r\u012bkojot v\u0113rien\u012bgu milit\u0101ro par\u0101di, kur\u0101 pirmo reizi kop\u0101 redzami \u0136\u012bnas, Krievijas un Zieme\u013ckorejas l\u012bderi, demonstr\u0113jot hiperska\u0146as ra\u0137etes un MI (m\u0101ksl\u012bg\u0101 intelekta) vad\u012btu bru\u0146ojumu, kas uzsv\u0113ra Pekinas izaicin\u0101jumu Rietumu vad\u012btajai glob\u0101lajai k\u0101rt\u012bbai.<\/p>\n","protected":false},"excerpt":{"rendered":"2025. gads pasaul\u0113: notikumu virpul\u012b 2025. gads daudziem paliks atmi\u0146\u0101 k\u0101 \u012bpa\u0161i turbulentu notikumu pilns. S\u0101kot no milit\u0101r\u0101m&hellip;\n","protected":false},"author":2,"featured_media":92961,"comment_status":"","ping_status":"","sticky":false,"template":"","format":"standard","meta":{"footnotes":""},"categories":[5],"tags":[16659,23,28,29,334,47,32,33,23305,22,3131,30,31,35,39,38,36,37,34,40,20,26,27,24,25,21],"class_list":{"0":"post-92960","1":"post","2":"type-post","3":"status-publish","4":"format-standard","5":"has-post-thumbnail","7":"category-aktualitates","8":"tag-2025-gads","9":"tag-aktualitates","10":"tag-breaking-news","11":"tag-breakingnews","12":"tag-drosiba","13":"tag-ekonomika","14":"tag-featured-news","15":"tag-featurednews","16":"tag-globala-politika","17":"tag-headlines","18":"tag-kars","19":"tag-latest-news","20":"tag-latestnews","21":"tag-latvia","22":"tag-latvian","23":"tag-latviesu","24":"tag-latviesu-valoda","25":"tag-latviesuvaloda","26":"tag-latvija","27":"tag-lv","28":"tag-news","29":"tag-popularakas-zinas","30":"tag-popularakaszinas","31":"tag-top-stories","32":"tag-topstories","33":"tag-zinas"},"share_on_mastodon":{"url":"https:\/\/pubeurope.com\/@lv\/115828127392629478","error":""},"_links":{"self":[{"href":"https:\/\/www.europesays.com\/lv\/wp-json\/wp\/v2\/posts\/92960","targetHints":{"allow":["GET"]}}],"collection":[{"href":"https:\/\/www.europesays.com\/lv\/wp-json\/wp\/v2\/posts"}],"about":[{"href":"https:\/\/www.europesays.com\/lv\/wp-json\/wp\/v2\/types\/post"}],"author":[{"embeddable":true,"href":"https:\/\/www.europesays.com\/lv\/wp-json\/wp\/v2\/users\/2"}],"replies":[{"embeddable":true,"href":"https:\/\/www.europesays.com\/lv\/wp-json\/wp\/v2\/comments?post=92960"}],"version-history":[{"count":0,"href":"https:\/\/www.europesays.com\/lv\/wp-json\/wp\/v2\/posts\/92960\/revisions"}],"wp:featuredmedia":[{"embeddable":true,"href":"https:\/\/www.europesays.com\/lv\/wp-json\/wp\/v2\/media\/92961"}],"wp:attachment":[{"href":"https:\/\/www.europesays.com\/lv\/wp-json\/wp\/v2\/media?parent=92960"}],"wp:term":[{"taxonomy":"category","embeddable":true,"href":"https:\/\/www.europesays.com\/lv\/wp-json\/wp\/v2\/categories?post=92960"},{"taxonomy":"post_tag","embeddable":true,"href":"https:\/\/www.europesays.com\/lv\/wp-json\/wp\/v2\/tags?post=92960"}],"curies":[{"name":"wp","href":"https:\/\/api.w.org\/{rel}","templated":true}]}}