{"id":92962,"date":"2026-01-02T23:35:19","date_gmt":"2026-01-02T23:35:19","guid":{"rendered":"https:\/\/www.europesays.com\/lv\/92962\/"},"modified":"2026-01-02T23:35:19","modified_gmt":"2026-01-02T23:35:19","slug":"davja-simana-jauna-filma-frankensteins-2-0-peta-cilveces-alkas-pec-nemirstibas-lente-lv-2","status":"publish","type":"post","link":"https:\/\/www.europesays.com\/lv\/92962\/","title":{"rendered":"D\u0101vja S\u012bma\u0146a jaun\u0101 filma &#8220;Franken\u0161teins 2.0&#8221; p\u0113ta cilv\u0113ces alkas p\u0113c nemirst\u012bbas\u00a0\u2014\u00a0Lente.lv"},"content":{"rendered":"<p>Nemirst\u012bbas mekl\u0113jumi uz ekr\u0101na<\/p>\n<p>No 2026. gada 14. janv\u0101ra Latvijas kinote\u0101tros b\u016bs skat\u0101ma re\u017eisora D\u0101vja S\u012bma\u0146a jaun\u0101k\u0101 dokument\u0101l\u0101 filma &#8220;Franken\u0161teins 2.0&#8221;. Filma seko zin\u0101tniekiem, tehnolo\u0123iju pionieriem un pa\u0161pasludin\u0101tiem nemirst\u012bbas pravie\u0161iem vi\u0146u ce\u013cojum\u0101 pa ASV, Krieviju un Eiropu, piev\u0113r\u0161oties m\u016bsdienu sabiedr\u012bbas aps\u0113st\u012bbai ar v\u0113lmi izvair\u012bties no n\u0101ves. T\u0101 uzdod fundament\u0101lu jaut\u0101jumu: vai n\u0101ve patie\u0161\u0101m dr\u012bzum\u0101 vairs neb\u016bs cilv\u0113ka probl\u0113ma?<\/p>\n<p>Idejas aizs\u0101kumi pand\u0113mijas laik\u0101<\/p>\n<p>Filmas &#8220;Franken\u0161teins 2.0&#8221; iecere radusies COVID-19 pand\u0113mijas laik\u0101, period\u0101, kad pieauga vientul\u012bbas saj\u016bta, bailes un dzi\u013ca apzi\u0146a par cilv\u0113ka mirst\u012bgumu. Re\u017eisors D\u0101vis S\u012bmanis kop\u0101 ar scen\u0101rija l\u012bdzautoru Uldi T\u012bronu un operatoru Andreju Rudz\u0101tu uzs\u0101ka eksistenci\u0101lu un reiz\u0113 ironisku p\u0113t\u012bjumu, lai noskaidrotu, vai zin\u0101tne un jaun\u0101s tehnolo\u0123ijas sp\u0113j pagarin\u0101t cilv\u0113ka dz\u012bvi vai pat p\u0101rvar\u0113t n\u0101vi. S\u0101kotn\u0113ji \u0161\u0137ietami nopietns p\u0113t\u012bjums filmas uz\u0146em\u0161anas proces\u0101 p\u0101rauga absurd\u0101 un aizraujo\u0161\u0101 odisej\u0101.<\/p>\n<p>Transhum\u0101nisms un n\u0101kotnes v\u012bzijas<\/p>\n<p>Filmas varo\u0146u spektrs ir pla\u0161s \u2013 no v\u0101jpr\u0101t\u012bgiem futurologiem un izman\u012bgiem &#8220;n\u0101ves&#8221; biznesme\u0146iem l\u012bdz zin\u0101tniekiem, kas sola izgudrot &#8220;nemirst\u012bbas tableti&#8221;. Tiek p\u0113t\u012btas idejas un projekti, kas sola dz\u012bvot m\u016b\u017e\u012bgi vai vismaz daudz ilg\u0101k, nek\u0101 to paredz\u0113jusi daba. Filma p\u0113ta cilv\u0113ces dz\u012bvo\u0161anu transhum\u0101nisma laikmet\u0101, kur tiek apspriesta iesp\u0113ja implant\u0113t mikrosh\u0113mas smadzen\u0113s un biohakeri dal\u0101s ar m\u016b\u017e\u012bg\u0101s jaun\u012bbas padomiem. Tom\u0113r filma neat\u013caujas izdar\u012bt p\u0101rsteidz\u012bgus secin\u0101jumus par n\u0101kotni bez noveco\u0161anas un n\u0101ves.<\/p>\n<p>Starptautiska atzin\u012bba un pirmizr\u0101de<\/p>\n<p>Filmas &#8220;Franken\u0161teins 2.0&#8221; pasaules pirmizr\u0101de notika 2025. gada 30. oktobr\u012b presti\u017eaj\u0101 Jihavas Starptautiskaj\u0101 dokument\u0101lo filmu festiv\u0101l\u0101 (Ji.hlava IDFF) \u010cehij\u0101, kur t\u0101 tika iek\u013cauta konkursa programm\u0101 &#8220;Testimonies&#8221;. Filma ir Latvijas un \u010cehijas kopra\u017eojums, ko atbalsta Nacion\u0101lais kino centrs un \u010cehijas Filmu fonds. T\u0101 jau ieguvusi starptautisku atzin\u012bbu, demonstr\u0113jot drosm\u012bgus un personiskus kino mekl\u0113jumus.<\/p>\n","protected":false},"excerpt":{"rendered":"Nemirst\u012bbas mekl\u0113jumi uz ekr\u0101na No 2026. gada 14. janv\u0101ra Latvijas kinote\u0101tros b\u016bs skat\u0101ma re\u017eisora D\u0101vja S\u012bma\u0146a jaun\u0101k\u0101 dokument\u0101l\u0101&hellip;\n","protected":false},"author":2,"featured_media":92022,"comment_status":"","ping_status":"","sticky":false,"template":"","format":"standard","meta":{"footnotes":""},"categories":[19],"tags":[1223,2456,89,10267,90,35,39,38,36,37,34,40,19935,23128],"class_list":{"0":"post-92962","1":"post","2":"type-post","3":"status-publish","4":"format-standard","5":"has-post-thumbnail","7":"category-izklaide","8":"tag-davis-simanis","9":"tag-dokumentala-filma","10":"tag-entertainment","11":"tag-frankensteins-2-0","12":"tag-izklaide","13":"tag-latvia","14":"tag-latvian","15":"tag-latviesu","16":"tag-latviesu-valoda","17":"tag-latviesuvaloda","18":"tag-latvija","19":"tag-lv","20":"tag-nemirstiba","21":"tag-transhumanisms"},"share_on_mastodon":{"url":"https:\/\/pubeurope.com\/@lv\/115828131270934044","error":""},"_links":{"self":[{"href":"https:\/\/www.europesays.com\/lv\/wp-json\/wp\/v2\/posts\/92962","targetHints":{"allow":["GET"]}}],"collection":[{"href":"https:\/\/www.europesays.com\/lv\/wp-json\/wp\/v2\/posts"}],"about":[{"href":"https:\/\/www.europesays.com\/lv\/wp-json\/wp\/v2\/types\/post"}],"author":[{"embeddable":true,"href":"https:\/\/www.europesays.com\/lv\/wp-json\/wp\/v2\/users\/2"}],"replies":[{"embeddable":true,"href":"https:\/\/www.europesays.com\/lv\/wp-json\/wp\/v2\/comments?post=92962"}],"version-history":[{"count":0,"href":"https:\/\/www.europesays.com\/lv\/wp-json\/wp\/v2\/posts\/92962\/revisions"}],"wp:featuredmedia":[{"embeddable":true,"href":"https:\/\/www.europesays.com\/lv\/wp-json\/wp\/v2\/media\/92022"}],"wp:attachment":[{"href":"https:\/\/www.europesays.com\/lv\/wp-json\/wp\/v2\/media?parent=92962"}],"wp:term":[{"taxonomy":"category","embeddable":true,"href":"https:\/\/www.europesays.com\/lv\/wp-json\/wp\/v2\/categories?post=92962"},{"taxonomy":"post_tag","embeddable":true,"href":"https:\/\/www.europesays.com\/lv\/wp-json\/wp\/v2\/tags?post=92962"}],"curies":[{"name":"wp","href":"https:\/\/api.w.org\/{rel}","templated":true}]}}