{"id":92978,"date":"2026-01-03T00:12:06","date_gmt":"2026-01-03T00:12:06","guid":{"rendered":"https:\/\/www.europesays.com\/lv\/92978\/"},"modified":"2026-01-03T00:12:06","modified_gmt":"2026-01-03T00:12:06","slug":"basketbola-baskonia-ar-kurucu-sastava-majas-piekapjas-fenerbahce-ar-zagaru-lente-lv","status":"publish","type":"post","link":"https:\/\/www.europesays.com\/lv\/92978\/","title":{"rendered":"Basketbol\u0101 &#8220;Baskonia&#8221; ar Kurucu sast\u0101v\u0101 m\u0101j\u0101s piek\u0101pjas &#8220;Fenerbahce&#8221; ar \u017dagaru\u00a0\u2014\u00a0Lente.lv"},"content":{"rendered":"<p>&#8220;Fenerbahce&#8221; uzvar &#8220;Baskonia&#8221;, abi latvie\u0161u basketbolisti piedal\u0101s sp\u0113l\u0113<\/p>\n<p>\u0160odien, 2026. gada 3. janv\u0101r\u012b, Eirol\u012bgas sp\u0113l\u0113 Turcijas grandi \u00abFenerbahce\u00bb sav\u0101 laukum\u0101 ar rezult\u0101tu 108:93 guva virsroku p\u0101r Rodiona Kuruca p\u0101rst\u0101v\u0113to Sp\u0101nijas klubu \u00abBaskonia\u00bb. K\u0101 zi\u0146o telekan\u0101ls TV3, sp\u0113l\u0113 piedal\u012bj\u0101s abi Latvijas basketbola talanti. Kurucs laukum\u0101 bija 21 min\u016bti un 28 sekundes, kuru laik\u0101 guva 7 punktus, realiz\u0113jot divus no \u010detriem divu punktu metieniem, vienu no \u010detriem t\u0101lmetieniem un \u010detrus no asto\u0146iem soda metieniem. Vi\u0146a statistiku papildin\u0101ja ar\u012b tr\u012bs rezultat\u012bvas piesp\u0113les un divas p\u0101rtvertas bumbas.<\/p>\n<p>Savuk\u0101rt Art\u016bra \u017dagara \u00abFenerbahce\u00bb komanda p\u0101rliecino\u0161i uzvar\u0113ja savu pretinieci. \u017dagars laukum\u0101 pavad\u012bja 16 min\u016btes un 10 sekundes, g\u016bstot 5 punktus, kas tika sasniegti ar vienu realiz\u0113tu divu punktu metienu un tr\u012b pret soda metienu l\u012bnijas realiz\u0101ciju. Vi\u0146a p\u0101r\u0101ksmes statistika ietver ar\u012b tr\u012bs atl\u0113ku\u0161\u0101s bumbas un vienu rezultat\u012bvu piesp\u0113li. \u0160\u012b uzvara \u013cauj \u00abFenerbahce\u00bb nostiprin\u0101ties aug\u0161gal\u0101 turn\u012bra tabul\u0101.<\/p>\n<p>Sp\u0113les gaita un Kuruca sniegums<\/p>\n<p>Sp\u0113le aizrit\u0113ja \u00abBaskonia\u00bb m\u0101jas ar\u0113n\u0101, kur viesi no Stambulas jau no sp\u0113les s\u0101kuma p\u0101r\u0113ma iniciat\u012bvu. Lai gan \u00abBaskonia\u00bb c\u012bn\u012bj\u0101s un cent\u0101s samazin\u0101t rezult\u0101ta starp\u012bbu, \u00abFenerbahce\u00bb sp\u0113ja notur\u0113t dro\u0161u p\u0101rsvaru visas sp\u0113les garum\u0101. Rodions Kurucs, start\u0113dams pamatsast\u0101v\u0101, cent\u0101s dot savu \u012bpa\u0161o artavu uzbrukum\u0101, ta\u010du komandas neveiksm\u012bgais sniegums kopum\u0101 liedza g\u016bt pozit\u012bvu rezult\u0101tu. Vi\u0146a metienu precizit\u0101te nebija ide\u0101la, \u012bpa\u0161i t\u0101lmetienos, kur realiz\u0113ts tikai viens no \u010detriem m\u0113\u0123in\u0101jumiem. Vi\u0146a ieguld\u0101jums komandas kopsp\u0113l\u0113 gan bija j\u0101atz\u012bstams, it sevi\u0161\u0137i rezultat\u012bv\u0101s piesp\u0113les un aizsardz\u012bbas darb\u0101s.<\/p>\n<p>\u017dagars un &#8220;Fenerbahce&#8221; &#8211; p\u0101rliecino\u0161a uzvara<\/p>\n<p>Art\u016bra \u017dagars p\u0101rst\u0101v\u0113t\u0101 \u00abFenerbahce\u00bb demonstr\u0113ja stabilu un rezultat\u012bvu basketbolu. Komanda nekad ne\u013c\u0101va \u00abBaskonia\u00bb pietuvoties un nodro\u0161in\u0101ja sev p\u0101rliecino\u0161u uzvaru. \u017dagars, dodoties laukum\u0101 no rezervistu soli\u0146a, \u00abiekustin\u0101ja\u00bb sp\u0113li ar savu ener\u0123iju un akt\u012bvo darb\u012bbu. Lai gan vi\u0146a individu\u0101lais punktu skaits nebija \u012bpa\u0161i iespaid\u012bgs, vi\u0146a kl\u0101tb\u016btne laukum\u0101 bija j\u0101j\u016bt, \u012bpa\u0161i atl\u0113ku\u0161o bumbu sav\u0101k\u0161an\u0101 un komandas biedru veido\u0161an\u0101. Vi\u0146a m\u0101jas laukuma priek\u0161roc\u012bba \u00abFenerbahce\u00bb noteikti pal\u012bdz\u0113ja sasniegt \u0161o svar\u012bgo uzvaru.<\/p>\n<p>Konteksts un turpm\u0101k\u0101s perspekt\u012bvas<\/p>\n<p>\u0160\u012b sp\u0113le bija svar\u012bga ab\u0101m komand\u0101m Eirol\u012bgas kopv\u0113rt\u0113jum\u0101. \u00abFenerbahce\u00bb ar \u0161o uzvaru nostiprina savas poz\u012bcijas aug\u0161gal\u0101, saglab\u0101jot cer\u012bbas uz augst\u0101ku vietu izsl\u0113g\u0161anas sp\u0113l\u0113s. Tikm\u0101r \u00abBaskonia\u00bb piedz\u012bvo\u0146i n\u0101kamo zaud\u0113jumu, kas liek aizdom\u0101ties par komandas sniegumu un iesp\u0113j\u0101m izmai\u0146\u0101m sast\u0101v\u0101 vai taktikas pieej\u0101. Rodiona Kuruca individu\u0101lais sniegums \u0161aj\u0101 sp\u0113l\u0113 nebija pietiekams, lai nov\u0113rstu komandas sak\u0101vi, un vi\u0146am un vi\u0146a komandas biedriem b\u016bs j\u0101str\u0101d\u0101 pie savas sp\u0113les uzlabo\u0161anas, lai tuv\u0101kaj\u0101s sp\u0113l\u0113s izc\u012bn\u012btu svar\u012bgus punktus. Art\u016bra \u017dagars sniegums \u00abFenerbahce\u00bb rind\u0101s apliecina vi\u0146a adapt\u012bciju jaunaj\u0101 komand\u0101 un sp\u0113ju dot \u012bpa\u0161u artavu komandas pan\u0101kumos.<\/p>\n","protected":false},"excerpt":{"rendered":"&#8220;Fenerbahce&#8221; uzvar &#8220;Baskonia&#8221;, abi latvie\u0161u basketbolisti piedal\u0101s sp\u0113l\u0113 \u0160odien, 2026. gada 3. janv\u0101r\u012b, Eirol\u012bgas sp\u0113l\u0113 Turcijas grandi \u00abFenerbahce\u00bb&hellip;\n","protected":false},"author":2,"featured_media":92979,"comment_status":"","ping_status":"","sticky":false,"template":"","format":"standard","meta":{"footnotes":""},"categories":[17],"tags":[1099,5927,2693,2692,35,39,38,36,37,34,40,5360,67],"class_list":{"0":"post-92978","1":"post","2":"type-post","3":"status-publish","4":"format-standard","5":"has-post-thumbnail","7":"category-sports","8":"tag-arturs-zagars","9":"tag-baskonia","10":"tag-euroleague","11":"tag-fenerbahce","12":"tag-latvia","13":"tag-latvian","14":"tag-latviesu","15":"tag-latviesu-valoda","16":"tag-latviesuvaloda","17":"tag-latvija","18":"tag-lv","19":"tag-rodions-kurucs","20":"tag-sports"},"share_on_mastodon":{"url":"https:\/\/pubeurope.com\/@lv\/115828276761531061","error":""},"_links":{"self":[{"href":"https:\/\/www.europesays.com\/lv\/wp-json\/wp\/v2\/posts\/92978","targetHints":{"allow":["GET"]}}],"collection":[{"href":"https:\/\/www.europesays.com\/lv\/wp-json\/wp\/v2\/posts"}],"about":[{"href":"https:\/\/www.europesays.com\/lv\/wp-json\/wp\/v2\/types\/post"}],"author":[{"embeddable":true,"href":"https:\/\/www.europesays.com\/lv\/wp-json\/wp\/v2\/users\/2"}],"replies":[{"embeddable":true,"href":"https:\/\/www.europesays.com\/lv\/wp-json\/wp\/v2\/comments?post=92978"}],"version-history":[{"count":0,"href":"https:\/\/www.europesays.com\/lv\/wp-json\/wp\/v2\/posts\/92978\/revisions"}],"wp:featuredmedia":[{"embeddable":true,"href":"https:\/\/www.europesays.com\/lv\/wp-json\/wp\/v2\/media\/92979"}],"wp:attachment":[{"href":"https:\/\/www.europesays.com\/lv\/wp-json\/wp\/v2\/media?parent=92978"}],"wp:term":[{"taxonomy":"category","embeddable":true,"href":"https:\/\/www.europesays.com\/lv\/wp-json\/wp\/v2\/categories?post=92978"},{"taxonomy":"post_tag","embeddable":true,"href":"https:\/\/www.europesays.com\/lv\/wp-json\/wp\/v2\/tags?post=92978"}],"curies":[{"name":"wp","href":"https:\/\/api.w.org\/{rel}","templated":true}]}}