{"id":92984,"date":"2026-01-03T00:21:03","date_gmt":"2026-01-03T00:21:03","guid":{"rendered":"https:\/\/www.europesays.com\/lv\/92984\/"},"modified":"2026-01-03T00:21:03","modified_gmt":"2026-01-03T00:21:03","slug":"valsti-izsludinata-bistama-atkala-un-sniega-kupenas-lente-lv","status":"publish","type":"post","link":"https:\/\/www.europesays.com\/lv\/92984\/","title":{"rendered":"valst\u012b izsludin\u0101ta b\u012bstama atkala un sniega kupenas\u00a0\u2014\u00a0Lente.lv"},"content":{"rendered":"<p>Apmierino\u0161i brauk\u0161anas apst\u0101k\u013ci uz valsts ce\u013ciem<\/p>\n<p>\u0160or\u012bt piektdien\u0101, d\u0113\u013c sniegpute\u0146a, \u012bpa\u0161i sare\u017e\u0123\u012bti brauk\u0161anas apst\u0101k\u013ci izveidoju\u0161ies uz valsts ma\u0123istr\u0101lajiem un re\u0123ion\u0101lajiem ce\u013ciem Madonas apk\u0101rtn\u0113, inform\u0113 VAS \u201cLatvijas valsts ce\u013ci\u201d (LVC).<\/p>\n<p>Kopum\u0101 vis\u0101 Latvijas teritorij\u0101 sniegputenis un atkala pasliktina izbraucam\u012bbu pa galvenajiem un re\u0123ion\u0101lajiem autoce\u013ciem. Lai uzlabotu situ\u0101ciju, ce\u013cu uztur\u0113\u0161anas darbos ir iesaist\u012btas 159 ziemas dienesta tehnikas vien\u012bbas. Tiek t\u012br\u012bti un kais\u012bti slidenu un apledoju\u0161u posmu pretapledojuma materi\u0101li.<\/p>\n<p>Re\u0123ion\u0101lo ce\u013cu st\u0101voklis vis\u0101 Latvij\u0101<\/p>\n<p>Uz re\u0123ion\u0101lajiem ce\u013ciem satiksme ir apgr\u016btin\u0101ta gandr\u012bz vis\u0101 Latvij\u0101. Vien\u012bgais iz\u0146\u0113mums ir Balvu novads, kur situ\u0101cija ir lab\u0101ka.<\/p>\n<p>Darbi tiek veikti priorit\u0101r\u0101 sec\u012bb\u0101, galveno uzman\u012bbu piev\u0113r\u0161ot visvair\u0101k noslogotajiem mar\u0161rutiem. Tas noz\u012bm\u0113, ka priorit\u0101te tiek dota ce\u013ciem ar liel\u0101ku satiksmes intensit\u0101ti un tiem, kas savieno noz\u012bm\u012bgus infrastrukt\u016bras objektus.<\/p>\n<p>LVC aicina autovad\u012bt\u0101jus b\u016bt uzman\u012bgiem<\/p>\n<p>LVC stingri aicina visus autovad\u012bt\u0101jus r\u016bp\u012bgi izv\u0113rt\u0113t savus brauk\u0161anas pl\u0101nus, \u0146emot v\u0113r\u0101 pa\u0161reiz\u0113jos laikapst\u0101k\u013cu apst\u0101k\u013cus.<\/p>\n<p>\u201cVad\u012bt\u0101jiem ir j\u0101r\u0113\u0137in\u0101s ar papildu laiku, kas nepiecie\u0161ams, lai nok\u013c\u016btu galam\u0113r\u0137\u012b. T\u0101pat ir b\u016btiski izv\u0113l\u0113ties \u0101trumu atbilsto\u0161i ce\u013ca seguma st\u0101voklim un vienm\u0113r iev\u0113rot dro\u0161u distanci starp transportl\u012bdzek\u013ciem,\u201d uzsver uz\u0146\u0113muma p\u0101rst\u0101vji.<\/p>\n","protected":false},"excerpt":{"rendered":"Apmierino\u0161i brauk\u0161anas apst\u0101k\u013ci uz valsts ce\u013ciem \u0160or\u012bt piektdien\u0101, d\u0113\u013c sniegpute\u0146a, \u012bpa\u0161i sare\u017e\u0123\u012bti brauk\u0161anas apst\u0101k\u013ci izveidoju\u0161ies uz valsts ma\u0123istr\u0101lajiem&hellip;\n","protected":false},"author":2,"featured_media":92985,"comment_status":"","ping_status":"","sticky":false,"template":"","format":"standard","meta":{"footnotes":""},"categories":[12],"tags":[23,16354,14093,28,29,32,33,22,30,31,35,39,38,36,37,34,2857,40,20,26,27,23099,24,25,15570,21],"class_list":{"0":"post-92984","1":"post","2":"type-post","3":"status-publish","4":"format-standard","5":"has-post-thumbnail","7":"category-latvija","8":"tag-aktualitates","9":"tag-atkala","10":"tag-brauksanas-apstakli","11":"tag-breaking-news","12":"tag-breakingnews","13":"tag-featured-news","14":"tag-featurednews","15":"tag-headlines","16":"tag-latest-news","17":"tag-latestnews","18":"tag-latvia","19":"tag-latvian","20":"tag-latviesu","21":"tag-latviesu-valoda","22":"tag-latviesuvaloda","23":"tag-latvija","24":"tag-latvijas-valsts-celi","25":"tag-lv","26":"tag-news","27":"tag-popularakas-zinas","28":"tag-popularakaszinas","29":"tag-sniegputenis","30":"tag-top-stories","31":"tag-topstories","32":"tag-ziemas-dienests","33":"tag-zinas"},"share_on_mastodon":{"url":"https:\/\/pubeurope.com\/@lv\/115828312155871214","error":""},"_links":{"self":[{"href":"https:\/\/www.europesays.com\/lv\/wp-json\/wp\/v2\/posts\/92984","targetHints":{"allow":["GET"]}}],"collection":[{"href":"https:\/\/www.europesays.com\/lv\/wp-json\/wp\/v2\/posts"}],"about":[{"href":"https:\/\/www.europesays.com\/lv\/wp-json\/wp\/v2\/types\/post"}],"author":[{"embeddable":true,"href":"https:\/\/www.europesays.com\/lv\/wp-json\/wp\/v2\/users\/2"}],"replies":[{"embeddable":true,"href":"https:\/\/www.europesays.com\/lv\/wp-json\/wp\/v2\/comments?post=92984"}],"version-history":[{"count":0,"href":"https:\/\/www.europesays.com\/lv\/wp-json\/wp\/v2\/posts\/92984\/revisions"}],"wp:featuredmedia":[{"embeddable":true,"href":"https:\/\/www.europesays.com\/lv\/wp-json\/wp\/v2\/media\/92985"}],"wp:attachment":[{"href":"https:\/\/www.europesays.com\/lv\/wp-json\/wp\/v2\/media?parent=92984"}],"wp:term":[{"taxonomy":"category","embeddable":true,"href":"https:\/\/www.europesays.com\/lv\/wp-json\/wp\/v2\/categories?post=92984"},{"taxonomy":"post_tag","embeddable":true,"href":"https:\/\/www.europesays.com\/lv\/wp-json\/wp\/v2\/tags?post=92984"}],"curies":[{"name":"wp","href":"https:\/\/api.w.org\/{rel}","templated":true}]}}