{"id":93003,"date":"2026-01-03T00:53:13","date_gmt":"2026-01-03T00:53:13","guid":{"rendered":"https:\/\/www.europesays.com\/lv\/93003\/"},"modified":"2026-01-03T00:53:13","modified_gmt":"2026-01-03T00:53:13","slug":"sveices-alpos-ugunsgreka-bara-boja-gajusi-vismaz-40-cilveki-notiek-upuru-identificesana-lente-lv","status":"publish","type":"post","link":"https:\/\/www.europesays.com\/lv\/93003\/","title":{"rendered":"\u0160veices Alpos ugunsgr\u0113k\u0101 b\u0101r\u0101 boj\u0101 g\u0101ju\u0161i vismaz 40 cilv\u0113ki, notiek upuru identific\u0113\u0161ana\u00a0\u2014\u00a0Lente.lv"},"content":{"rendered":"<p>Ugunsgr\u0113ks izposta Jaungada svin\u012bbas \u0160veices Alpos<\/p>\n<p>Izmekl\u0113t\u0101ji piektdien turpin\u0101ja identific\u0113t upurus posto\u0161aj\u0101 ugunsgr\u0113k\u0101 b\u0101r\u0101 \u201cLe Constellation\u201d Krans-Montana k\u016brort\u0101 \u0160veices Alpos, kas Jaungada svin\u012bbu laik\u0101 pras\u012bjis vismaz 40 cilv\u0113ku dz\u012bv\u012bbas un ievainojis aptuveni 115 citus. K\u0101 inform\u0113 telekan\u0101ls EuroNews, notieko\u0161ais ir viens no smag\u0101kajiem tra\u0123\u0113dij\u0101m \u0160veic\u0113 p\u0113d\u0113j\u0101s desmitgad\u0113s.<\/p>\n<p>Ugunsgr\u0113ka prec\u012bzs iemesls v\u0113l nav zin\u0101ms. \u0160veices prezidents Gijs Parmelins, uz\u0146emoties savus pien\u0101kumus ceturtdien, notiku\u0161o nod\u0113v\u0113ja par \u201cneaptverama, \u0161ausmino\u0161a m\u0113roga katastrofu\u201d un pazi\u0146oja, ka valsts karogi piecas dienas tiks nolaisti pusmast\u0101.<\/p>\n<blockquote><p>\u201cAiz \u0161iem skait\u013ciem sl\u0113pjas sejas, v\u0101rdi, \u0123imenes, dz\u012bves, kas brut\u0101li p\u0101rtrauktas, piln\u012bb\u0101 izjauktas vai uz visiem laikiem main\u012btas,\u201d uzsv\u0113ra Parmelins preses konferenc\u0113.<\/p><\/blockquote>\n<p>Varasiest\u0101des br\u012bdin\u0101ju\u0161as, ka visu boj\u0101g\u0101ju\u0161o personu identific\u0113\u0161ana var aiz\u0146emt vair\u0101kas dienas vai pat ned\u0113\u013cas, radot s\u0101p\u012bgu gaid\u012b\u0161anas periodu tuviniekiem.<\/p>\n<p>Starptautisk\u0101 upuru vid\u016b gaid\u0101mi ar\u012b \u0101rzemnieki<\/p>\n<p>\u201c\u0145emot v\u0113r\u0101 Krans k\u016brorta starptautisko raksturu, m\u0113s varam sagaid\u012bt, ka upuru vid\u016b b\u016bs ar\u012b \u0101rvalstu pilso\u0146i,\u201d sac\u012bja viet\u0113jais policijas komandieris Frederiks \u017disl\u0113rs. Prec\u012bzs cilv\u0113ku skaits, kas atrad\u0101s b\u0101r\u0101 ugunsgr\u0113ka br\u012bd\u012b, joproj\u0101m nav skaidrs, un policija nav preciz\u0113jusi, cik cilv\u0113ku joproj\u0101m tiek uzskat\u012bti par bezv\u0113sts pazudu\u0161iem. Saska\u0146\u0101 ar Krans-Montana t\u012bmek\u013ca vietnes datiem, \u201cLe Constellation\u201d ietilp\u012bba bija 300 cilv\u0113ki, neskaitot v\u0113l 40 cilv\u0113kus uz t\u0101 terases.<\/p>\n<p>17 gadus vec\u0101 Eleonora dal\u012bj\u0101s sav\u0101 pieredz\u0113: \u201cM\u0113s m\u0113\u0123in\u0101j\u0101m sazin\u0101ties ar m\u016bsu draugiem. M\u0113s uz\u0146\u0113m\u0101m daudz fotogr\u0101fiju un public\u0113j\u0101m t\u0101s Instagram, Facebook, visos iesp\u0113jamos soci\u0101lajos t\u012bklos, lai m\u0113\u0123in\u0101tu vi\u0146us atrast. Bet nav nek\u0101du zi\u0146u. Nav atbildes.\u201d Vi\u0146a piebilda: \u201cPat vec\u0101ki nezina.\u201d<\/p>\n<p>Varasiest\u0101des atturas spekul\u0113t par c\u0113lo\u0146iem<\/p>\n<p>Ugunsgr\u0113ks izc\u0113l\u0101s ap pulksten 1:30 nakt\u012b uz ceturtdienu b\u0101r\u0101 \u201cLe Constellation\u201d, kas bija popul\u0101rs jaunie\u0161u un t\u016bristu vid\u016b. Matemati\u0137is no kaimi\u0146u pils\u0113tas aprakst\u012bja notiku\u0161o: \u201cM\u0113s dom\u0101j\u0101m, ka tas ir tikai neliels ugunsgr\u0113ks \u2014 bet, kad m\u0113s tur non\u0101c\u0101m, t\u0101 bija k\u0101 kara aina. T\u0101 ir vien\u012bg\u0101 v\u0101rds, ko es varu lietot, lai to aprakst\u012btu: apokalipse.\u201d Neitans, kur\u0161 atrad\u0101s b\u0101r\u0101 pirms ugunsgr\u0113ka, redz\u0113ja cilv\u0113kus izskrienam \u0101r\u0101 sadegu\u0161iem. \u201cVi\u0146i l\u016bdza pal\u012bdz\u012bbu, kliedza p\u0113c pal\u012bdz\u012bbas,\u201d vi\u0146\u0161 teica.<\/p>\n<p>Varasiest\u0101des atturas spekul\u0113t par tra\u0123\u0113dijas c\u0113lo\u0146iem, nor\u0101dot tikai to, ka tas nav bijis terorakts. Tom\u0113r vair\u0101ki liecinieki, kuru liec\u012bbas p\u0101rraid\u012bja \u0160veices, Francijas un It\u0101lijas mediji, nor\u0101d\u012bju\u0161i uz sal\u016bt\u0101m (sparklers), kas, \u0161\u0137iet, bija piestiprin\u0101tas pie \u0161ampanie\u0161a pudel\u0113m un ko restor\u0101na person\u0101ls tur\u0113ja gais\u0101 k\u0101 da\u013cu no k\u0101rt\u0113j\u0101 \u201c\u0161ova\u201d klientiem, kas veica \u012bpa\u0161us pas\u016bt\u012bjumus saviem galdiem.<\/p>\n<blockquote><p>\u201cBija viesm\u012bles ar \u0161ampanie\u0161a pudel\u0113m un maz\u0101m sal\u016bt\u0101m. T\u0101s non\u0101ca p\u0101r\u0101k tuvu griestiem, un p\u0113k\u0161\u0146i viss aizdeg\u0101s,\u201d it\u0101\u013cu medijam Local Team st\u0101st\u012bja liecinieks Aksels.<\/p><\/blockquote>\n<p>Kantona galven\u0101 prokurore Beatrice Pillus pazi\u0146oja, ka izmekl\u0113t\u0101ji p\u0101rbaud\u012bs, vai b\u0101rs atbilda dro\u0161\u012bbas standartiem un bija apr\u012bkots ar nepiecie\u0161amo izeju skaitu.<\/p>\n<p>Kaimi\u0146valstis pied\u0101v\u0101 pal\u012bdz\u012bbu<\/p>\n<p>Sarkana un balta br\u012bdin\u0101juma lente, ziedi un svec\u012btes rot\u0101ja ielu, kur notika tra\u0123\u0113dija, kam\u0113r policija ar baltiem ekr\u0101niem norobe\u017eoja notikuma vietu. P\u0113c tam, kad viet\u0113jo slimn\u012bcu neatliekam\u0101s pal\u012bdz\u012bbas noda\u013cas tika piepild\u012btas, daudzi ievainotie tika nog\u0101d\u0101ti cit\u0101s \u0160veices pils\u0113t\u0101s un uz kaimi\u0146valst\u012bm. Eiropas Savien\u012bba pazi\u0146ojusi, ka ir sazin\u0101jusies ar \u0160veices varasiest\u0101d\u0113m, lai pied\u0101v\u0101tu medic\u012bnisko pal\u012bdz\u012bbu, savuk\u0101rt Francijas prezidents Emanuels Makrons apstiprin\u0101jis, ka da\u017ei no ievainotajiem tiek apr\u016bp\u0113ti Francijas slimn\u012bc\u0101s.<\/p>\n<p>It\u0101lijas \u0101rlietu ministrs Antonio Tajani It\u0101lijas telev\u012bzijas kan\u0101lam Rete 4 sac\u012bjis, ka ugunsgr\u0113k\u0101 ievainoti aptuveni 15 it\u0101lie\u0161i, un l\u012bdz\u012bgs skaits joproj\u0101m tiek uzskat\u012bti par bezv\u0113sts pazudu\u0161iem. Francijas \u0100rlietu ministrija inform\u0113jusi, ka devi\u0146i Francijas pilso\u0146i ir starp ievainotajiem, un v\u0113l asto\u0146i nav sastopami. Vair\u0101ki avoti medijiem pav\u0113st\u012bju\u0161i, ka b\u0101ra \u012bpa\u0161nieki ir Francijas pilso\u0146i \u2013 p\u0101ris no Korsikas, kuri, k\u0101 zi\u0146ots, ir dro\u0161\u012bb\u0101, bet nav sasniedzami kop\u0161 tra\u0123\u0113dijas.<\/p>\n","protected":false},"excerpt":{"rendered":"Ugunsgr\u0113ks izposta Jaungada svin\u012bbas \u0160veices Alpos Izmekl\u0113t\u0101ji piektdien turpin\u0101ja identific\u0113t upurus posto\u0161aj\u0101 ugunsgr\u0113k\u0101 b\u0101r\u0101 \u201cLe Constellation\u201d Krans-Montana k\u016brort\u0101&hellip;\n","protected":false},"author":2,"featured_media":93004,"comment_status":"","ping_status":"","sticky":false,"template":"","format":"standard","meta":{"footnotes":""},"categories":[5],"tags":[23,28,29,32,33,22,23323,23322,30,31,35,39,38,36,37,34,40,20,26,27,23319,24,25,23320,23321,21],"class_list":{"0":"post-93003","1":"post","2":"type-post","3":"status-publish","4":"format-standard","5":"has-post-thumbnail","7":"category-aktualitates","8":"tag-aktualitates","9":"tag-breaking-news","10":"tag-breakingnews","11":"tag-featured-news","12":"tag-featurednews","13":"tag-headlines","14":"tag-jaungada-tragedija","15":"tag-kran-montana","16":"tag-latest-news","17":"tag-latestnews","18":"tag-latvia","19":"tag-latvian","20":"tag-latviesu","21":"tag-latviesu-valoda","22":"tag-latviesuvaloda","23":"tag-latvija","24":"tag-lv","25":"tag-news","26":"tag-popularakas-zinas","27":"tag-popularakaszinas","28":"tag-sveices-alpi","29":"tag-top-stories","30":"tag-topstories","31":"tag-ugunsgreks-bara","32":"tag-upuru-identificesana","33":"tag-zinas"},"share_on_mastodon":{"url":"https:\/\/pubeurope.com\/@lv\/115828438015276060","error":""},"_links":{"self":[{"href":"https:\/\/www.europesays.com\/lv\/wp-json\/wp\/v2\/posts\/93003","targetHints":{"allow":["GET"]}}],"collection":[{"href":"https:\/\/www.europesays.com\/lv\/wp-json\/wp\/v2\/posts"}],"about":[{"href":"https:\/\/www.europesays.com\/lv\/wp-json\/wp\/v2\/types\/post"}],"author":[{"embeddable":true,"href":"https:\/\/www.europesays.com\/lv\/wp-json\/wp\/v2\/users\/2"}],"replies":[{"embeddable":true,"href":"https:\/\/www.europesays.com\/lv\/wp-json\/wp\/v2\/comments?post=93003"}],"version-history":[{"count":0,"href":"https:\/\/www.europesays.com\/lv\/wp-json\/wp\/v2\/posts\/93003\/revisions"}],"wp:featuredmedia":[{"embeddable":true,"href":"https:\/\/www.europesays.com\/lv\/wp-json\/wp\/v2\/media\/93004"}],"wp:attachment":[{"href":"https:\/\/www.europesays.com\/lv\/wp-json\/wp\/v2\/media?parent=93003"}],"wp:term":[{"taxonomy":"category","embeddable":true,"href":"https:\/\/www.europesays.com\/lv\/wp-json\/wp\/v2\/categories?post=93003"},{"taxonomy":"post_tag","embeddable":true,"href":"https:\/\/www.europesays.com\/lv\/wp-json\/wp\/v2\/tags?post=93003"}],"curies":[{"name":"wp","href":"https:\/\/api.w.org\/{rel}","templated":true}]}}