{"id":9301,"date":"2025-10-01T04:42:11","date_gmt":"2025-10-01T04:42:11","guid":{"rendered":"https:\/\/www.europesays.com\/lv\/9301\/"},"modified":"2025-10-01T04:42:11","modified_gmt":"2025-10-01T04:42:11","slug":"tresdien-saglabasies-sauss-laiks","status":"publish","type":"post","link":"https:\/\/www.europesays.com\/lv\/9301\/","title":{"rendered":"Tre\u0161dien saglab\u0101sies sauss laiks"},"content":{"rendered":"<p>Oktobra pirmaj\u0101 dien\u0101 Latvij\u0101 nav gaid\u0101mi nokri\u0161\u0146i un daudzviet sp\u012bd\u0113s saule, prognoz\u0113 sinopti\u0137i.<\/p>\n<p>Nakt\u012b p\u016bt\u012bs l\u0113ns v\u0113j\u0161 un minim\u0101l\u0101 gaisa temperat\u016bra b\u016bs -2..+7 gr\u0101di, liel\u0101k\u0101 salna gaid\u0101ma valsts austrumos.<\/p>\n<p>Dien\u0101 v\u0113j\u0161 l\u0113ni l\u012bdz m\u0113reni p\u016bt\u012bs no austrumiem, zieme\u013caustrumiem un gaisa temperat\u016bra pak\u0101psies l\u012bdz +9..+14 gr\u0101diem.<\/p>\n<p>R\u012bg\u0101 tre\u0161dien gaid\u0101ms sauss un p\u0101rsvar\u0101 saulains laiks, p\u016bt\u012bs neliels v\u0113j\u0161 no austrumu puses. Gaisa temperat\u016bra nakt\u012b pazemin\u0101sies l\u012bdz +5 gr\u0101diem, p\u0113cpusdien\u0101 t\u0101 sasniegs +12, +13 gr\u0101dus.<\/p>\n","protected":false},"excerpt":{"rendered":"Oktobra pirmaj\u0101 dien\u0101 Latvij\u0101 nav gaid\u0101mi nokri\u0161\u0146i un daudzviet sp\u012bd\u0113s saule, prognoz\u0113 sinopti\u0137i. Nakt\u012b p\u016bt\u012bs l\u0113ns v\u0113j\u0161 un&hellip;\n","protected":false},"author":2,"featured_media":9302,"comment_status":"","ping_status":"","sticky":false,"template":"","format":"standard","meta":{"footnotes":""},"categories":[12],"tags":[129,1395,23,28,29,32,33,22,30,31,35,39,38,36,37,34,40,20,26,27,3179,3180,24,25,21],"class_list":{"0":"post-9301","1":"post","2":"type-post","3":"status-publish","4":"format-standard","5":"has-post-thumbnail","7":"category-latvija","8":"tag-__typenameadvicekeyword","9":"tag-id408","10":"tag-aktualitates","11":"tag-breaking-news","12":"tag-breakingnews","13":"tag-featured-news","14":"tag-featurednews","15":"tag-headlines","16":"tag-latest-news","17":"tag-latestnews","18":"tag-latvia","19":"tag-latvian","20":"tag-latviesu","21":"tag-latviesu-valoda","22":"tag-latviesuvaloda","23":"tag-latvija","24":"tag-lv","25":"tag-news","26":"tag-popularakas-zinas","27":"tag-popularakaszinas","28":"tag-slugweather","29":"tag-titleweather","30":"tag-top-stories","31":"tag-topstories","32":"tag-zinas"},"share_on_mastodon":{"url":"","error":""},"_links":{"self":[{"href":"https:\/\/www.europesays.com\/lv\/wp-json\/wp\/v2\/posts\/9301","targetHints":{"allow":["GET"]}}],"collection":[{"href":"https:\/\/www.europesays.com\/lv\/wp-json\/wp\/v2\/posts"}],"about":[{"href":"https:\/\/www.europesays.com\/lv\/wp-json\/wp\/v2\/types\/post"}],"author":[{"embeddable":true,"href":"https:\/\/www.europesays.com\/lv\/wp-json\/wp\/v2\/users\/2"}],"replies":[{"embeddable":true,"href":"https:\/\/www.europesays.com\/lv\/wp-json\/wp\/v2\/comments?post=9301"}],"version-history":[{"count":0,"href":"https:\/\/www.europesays.com\/lv\/wp-json\/wp\/v2\/posts\/9301\/revisions"}],"wp:featuredmedia":[{"embeddable":true,"href":"https:\/\/www.europesays.com\/lv\/wp-json\/wp\/v2\/media\/9302"}],"wp:attachment":[{"href":"https:\/\/www.europesays.com\/lv\/wp-json\/wp\/v2\/media?parent=9301"}],"wp:term":[{"taxonomy":"category","embeddable":true,"href":"https:\/\/www.europesays.com\/lv\/wp-json\/wp\/v2\/categories?post=9301"},{"taxonomy":"post_tag","embeddable":true,"href":"https:\/\/www.europesays.com\/lv\/wp-json\/wp\/v2\/tags?post=9301"}],"curies":[{"name":"wp","href":"https:\/\/api.w.org\/{rel}","templated":true}]}}