{"id":931,"date":"2025-09-21T17:37:08","date_gmt":"2025-09-21T17:37:08","guid":{"rendered":"https:\/\/www.europesays.com\/lv\/931\/"},"modified":"2025-09-21T17:37:08","modified_gmt":"2025-09-21T17:37:08","slug":"kokrupnieki-nav-apmierinati-ar-ilzes-smites-virzisanu-konkurences-padomes-vaditaja-amatam","status":"publish","type":"post","link":"https:\/\/www.europesays.com\/lv\/931\/","title":{"rendered":"Kokr\u016bpnieki nav apmierin\u0101ti ar Ilzes \u0160mites virz\u012b\u0161anu Konkurences padomes vad\u012bt\u0101ja amatam"},"content":{"rendered":"<p>Raivis Kronbergs, Valsts kancelejas vad\u012bt\u0101js<\/p>\n<p>NP: Vai konkursa gait\u0101 k\u0101ds no konkursa pretendentiem dar\u012bja zin\u0101mu, ka uz vi\u0146u tiek izdar\u012bts k\u0101ds spiediens?<\/p>\n<p>R.K: M\u0113s sa\u0146\u0113m\u0101m v\u0113stuli. M\u0113s, ar\u012b konkursa komisija, paman\u012bj\u0101m, kas notiek publiskaj\u0101 telp\u0101 attiec\u012bb\u0101 uz iest\u0101di, iest\u0101des vad\u012bt\u0101ju un to c\u012b\u0146u, ja t\u0101 var teikt. Un konkursa komisija ar\u012b uzdeva jaut\u0101jumu, k\u0101 pa\u0161i pretendenti j\u016btas. Neviens nejut\u0101s \u0113rti par t\u0101du ietekm\u0113\u0161anu, iespaido\u0161anu.<\/p>\n<p>NP: Bet tik sp\u0113c\u012bgi sign\u0101li, lai v\u0113rstos k\u0101d\u0101s ties\u012bbsarg\u0101jo\u0161\u0101s vai dro\u0161\u012bbas iest\u0101d\u0113s, netika sa\u0146emti?<\/p>\n<p>Konkurss v\u0113l nebija nosl\u0113dzies, kad pret Ievu \u0160miti vair\u0101kos medijos par\u0101d\u012bj\u0101s negat\u012bvu publik\u0101ciju s\u0113rija. \u0160miti, kas iest\u0101d\u0113 nostr\u0101d\u0101jusi 17 gadu, cent\u0101s pasniegt k\u0101 nepiem\u0113rotu \u0161\u012bs iest\u0101des vad\u012bt\u0101jas amat\u0101.\u00a0Tika selekt\u012bvi izgaismotas vair\u0101kas nelielas p\u0101rk\u0101pumu lietas, bet noklus\u0113ts, piem\u0113ram, ka \u0160mites vad\u012btais Aizliegto vieno\u0161anos departaments pirms 4 gadiem sod\u012bja kartel\u012b iesaist\u012btus ietekm\u012bgus b\u016bvniec\u012bbas flagma\u0146us.<\/p>\n<p>Viktors Valainis, ekonomikas ministrs (ZZS)<\/p>\n<p>NP: Konkurss v\u0113l nebija nosl\u0113dzies, kad bija s\u0101kta kampa\u0146a pret Ievu \u0160miti . Jums zin\u0101ms, kas aiz t\u0101s st\u0101v?<\/p>\n<p>V.V: Gr\u016bti pateikt. Tas spiediens ir liels. Konkurences padome ir svar\u012bga instit\u016bcija. Bija v\u0113rojama ar\u012b spiediena izdar\u012b\u0161ana uz \u0161o atbild\u012bgo komisiju Bet, manupr\u0101t, vi\u0146i \u013coti labi ir tiku\u0161i gal\u0101.<\/p>\n<p>NP: Bet kam Ieva \u0160mite var\u0113tu b\u016bt ne\u0113rta \u0161ai amat\u0101?<\/p>\n<p>V.V: Gr\u016bti pateikt. Te jau t\u0101s nozares, kuras (iest\u0101des l\u0113mumi) skar mums ir \u013coti pla\u0161as un tie jaut\u0101jumi, kas ir \u2013 gan par p\u0101rtikas cen\u0101m, gan da\u017e\u0101di kokr\u016bpniec\u012bbas jaut\u0101jumi.<\/p>\n","protected":false},"excerpt":{"rendered":"Raivis Kronbergs, Valsts kancelejas vad\u012bt\u0101js NP: Vai konkursa gait\u0101 k\u0101ds no konkursa pretendentiem dar\u012bja zin\u0101mu, ka uz vi\u0146u&hellip;\n","protected":false},"author":2,"featured_media":932,"comment_status":"","ping_status":"","sticky":false,"template":"","format":"standard","meta":{"footnotes":""},"categories":[12],"tags":[668,23,665,28,29,32,33,22,669,667,30,31,35,39,38,36,37,34,664,40,663,20,26,27,24,25,592,21,666],"class_list":{"0":"post-931","1":"post","2":"type-post","3":"status-publish","4":"format-standard","5":"has-post-thumbnail","7":"category-latvija","8":"tag-neka-personiga","9":"tag-aktualitates","10":"tag-armands-krauze","11":"tag-breaking-news","12":"tag-breakingnews","13":"tag-featured-news","14":"tag-featurednews","15":"tag-headlines","16":"tag-ieva-smite","17":"tag-konkurences-padome","18":"tag-latest-news","19":"tag-latestnews","20":"tag-latvia","21":"tag-latvian","22":"tag-latviesu","23":"tag-latviesu-valoda","24":"tag-latviesuvaloda","25":"tag-latvija","26":"tag-latvijas-valsts-mezi","27":"tag-lv","28":"tag-lvm","29":"tag-news","30":"tag-popularakas-zinas","31":"tag-popularakaszinas","32":"tag-top-stories","33":"tag-topstories","34":"tag-viktors-valainis","35":"tag-zinas","36":"tag-zzs"},"share_on_mastodon":{"url":"","error":""},"_links":{"self":[{"href":"https:\/\/www.europesays.com\/lv\/wp-json\/wp\/v2\/posts\/931","targetHints":{"allow":["GET"]}}],"collection":[{"href":"https:\/\/www.europesays.com\/lv\/wp-json\/wp\/v2\/posts"}],"about":[{"href":"https:\/\/www.europesays.com\/lv\/wp-json\/wp\/v2\/types\/post"}],"author":[{"embeddable":true,"href":"https:\/\/www.europesays.com\/lv\/wp-json\/wp\/v2\/users\/2"}],"replies":[{"embeddable":true,"href":"https:\/\/www.europesays.com\/lv\/wp-json\/wp\/v2\/comments?post=931"}],"version-history":[{"count":0,"href":"https:\/\/www.europesays.com\/lv\/wp-json\/wp\/v2\/posts\/931\/revisions"}],"wp:featuredmedia":[{"embeddable":true,"href":"https:\/\/www.europesays.com\/lv\/wp-json\/wp\/v2\/media\/932"}],"wp:attachment":[{"href":"https:\/\/www.europesays.com\/lv\/wp-json\/wp\/v2\/media?parent=931"}],"wp:term":[{"taxonomy":"category","embeddable":true,"href":"https:\/\/www.europesays.com\/lv\/wp-json\/wp\/v2\/categories?post=931"},{"taxonomy":"post_tag","embeddable":true,"href":"https:\/\/www.europesays.com\/lv\/wp-json\/wp\/v2\/tags?post=931"}],"curies":[{"name":"wp","href":"https:\/\/api.w.org\/{rel}","templated":true}]}}