{"id":93114,"date":"2026-01-03T06:17:32","date_gmt":"2026-01-03T06:17:32","guid":{"rendered":"https:\/\/www.europesays.com\/lv\/93114\/"},"modified":"2026-01-03T06:17:32","modified_gmt":"2026-01-03T06:17:32","slug":"eiro-ieviesana-un-cels-uz-pilntiesigu-integraciju-eiropa","status":"publish","type":"post","link":"https:\/\/www.europesays.com\/lv\/93114\/","title":{"rendered":"Eiro ievie\u0161ana un ce\u013c\u0161 uz pilnties\u012bgu integr\u0101ciju Eirop\u0101"},"content":{"rendered":"<p><img loading=\"lazy\" decoding=\"async\" class=\"lazy lazy-hidden alignnone size-full wp-image-205438\" src=\"data:image\/gif;base64,R0lGODlhAQABAIAAAAAAAP\/\/\/yH5BAEAAAAALAAAAAABAAEAAAIBRAA7\" data-lazy-type=\"image\" data-lazy-src=\"https:\/\/www.europesays.com\/lv\/wp-content\/uploads\/2026\/01\/euro-5300442_1280.jpg\" alt=\"\" width=\"818\" height=\"545\" data-lazy- data-lazy-\/><\/p>\n<p>\u0160odien, 2026. gada 1. janv\u0101r\u012b, Bulg\u0101rija ir sasniegusi noz\u012bm\u012bgu pagrieziena punktu sav\u0101 modernaj\u0101 v\u0113stur\u0113, k\u013c\u016bstot par eirozonas 21. dal\u012bbvalsti. \u0160is strat\u0113\u0123iskais l\u0113mums iez\u012bm\u0113 Bulg\u0101rijas ilgsto\u0161o un m\u0113r\u0137tiec\u012bgo virz\u012bbu uz cie\u0161\u0101ku ekonomisko un politisko integr\u0101ciju Eiropas Savien\u012bb\u0101 (ES).<\/p>\n<p>Lai gan valsts tiek uzskat\u012bta par vienu no bloka nabadz\u012bg\u0101kaj\u0101m locekl\u0113m, eiro ievie\u0161ana tiek uzl\u016bkota k\u0101 instruments, kas var\u0113tu pa\u0101trin\u0101t ekonomisko izaugsmi un mazin\u0101t labkl\u0101j\u012bbas plaisu starp Bulg\u0101riju un att\u012bst\u012btaj\u0101m Rietumeiropas valst\u012bm.<\/p>\n<p>\u00a0<\/p>\n<p>Atvadas no levas un simbolisk\u0101 noz\u012bme<\/p>\n<p>L\u012bdz ar eiro ievie\u0161anu Bulg\u0101rijas nacion\u0101l\u0101 val\u016bta \u2013 leva, kuras v\u0113sture aizs\u0101k\u0101s t\u0101laj\u0101 1881. gad\u0101, \u2013 ofici\u0101li k\u013c\u016bst par v\u0113stures da\u013cu. P\u0113d\u0113jie m\u0113ne\u0161i Bulg\u0101rijas Nacion\u0101l\u0101s bankas kaltuvei bija \u0101rk\u0101rt\u012bgi intens\u012bvi, lai nodro\u0161in\u0101tu nepiecie\u0161amo eiro mon\u0113tu apjomu apgroz\u012bbai.<\/p>\n<p><a href=\"https:\/\/dzentlmenis.lv\/kuras-zodiaka-zimes-astrologi-uzskata-par-slinkakajam-zvaigznu-reitings\/236451\/\" rel=\"nofollow noopener\" target=\"_blank\"><img class=\"lazy lazy-hidden\" decoding=\"async\" src=\"data:image\/gif;base64,R0lGODlhAQABAIAAAAAAAP\/\/\/yH5BAEAAAAALAAAAAABAAEAAAIBRAA7\" data-lazy-type=\"image\" data-lazy-src=\"https:\/\/www.europesays.com\/lv\/wp-content\/uploads\/2026\/01\/1767421050_558_1-11.jpg\" data-lazy- alt=\"Kuras Zodiaka z\u012bmes astrologi uzskata par slink\u0101kaj\u0101m: zvaig\u017e\u0146u reitings\"\/><\/a>\u0160obr\u012bd citi lasa<a class=\"monsterinsights-inline-popular-posts-title\" href=\"https:\/\/dzentlmenis.lv\/kuras-zodiaka-zimes-astrologi-uzskata-par-slinkakajam-zvaigznu-reitings\/236451\/\" rel=\"nofollow noopener\" target=\"_blank\">Kuras Zodiaka z\u012bmes astrologi uzskata par slink\u0101kaj\u0101m: zvaig\u017e\u0146u reitings<\/a><\/p>\n<p>Domn\u012bcas \u201cEiropas \u0100rlietu padome\u201d Sofijas biroja vad\u012bt\u0101ja Marija Simeonova uzsver, ka \u0161is solis ir vair\u0101k nek\u0101 tikai finansi\u0101la reforma. Vi\u0146aspr\u0101t, eiro ievie\u0161ana simboliz\u0113 Bulg\u0101rijas k\u013c\u016b\u0161anu par pilnties\u012bgu, pirm\u0101 l\u012bme\u0146a ES dal\u012bbvalsti. P\u0113c pievieno\u0161an\u0101s \u0160engenas zonai pag\u0101ju\u0161aj\u0101 gad\u0101, eirozonas papla\u0161in\u0101\u0161an\u0101s apliecina Bulg\u0101rijas fisk\u0101l\u0101s politikas discipl\u012bnu un notur\u012bbu pret da\u017e\u0101d\u0101m ekonomiskaj\u0101m kr\u012bz\u0113m, kas p\u0113d\u0113jos gados satricin\u0101ju\u0161as kontinentu.<\/p>\n<p>\u00a0<\/p>\n<p>Ekonomiskie ieguvumi un invest\u012bciju vide<\/p>\n<p>Ekonomikas eksperti, tostarp Georgijs Ganevs, saredz virkni b\u016btisku priek\u0161roc\u012bbu, ko valstij sniegs vienot\u0101 val\u016bta:<\/p>\n<p>Samazin\u0101tas transakciju izmaksas: Tiek l\u0113sts, ka Bulg\u0101rijas uz\u0146\u0113mumi un m\u0101jsaimniec\u012bbas l\u012bdz \u0161im val\u016btas mai\u0146as komisij\u0101s zaud\u0113ja aptuveni pusi miljarda eiro gad\u0101. Tagad \u0161ie l\u012bdzek\u013ci paliks tautsaimniec\u012bb\u0101.<\/p>\n<p>Pa\u0101trin\u0101ta konver\u0123ence: Padzi\u013cin\u0101ta integr\u0101cija ar eirozonas finan\u0161u tirgiem \u013caus Bulg\u0101rijai strauj\u0101k tuvoties ES vid\u0113jam dz\u012bves l\u012bmenim.<\/p>\n<p>Investoru uztic\u012bba: Eiro ievie\u0161ana \u201ciez\u012bm\u0113\u201d Bulg\u0101riju to glob\u0101lo investoru kart\u0113, kuri iepriek\u0161 izvair\u012bj\u0101s no maz\u0101k\u0101m, lok\u0101l\u0101m val\u016bt\u0101m saist\u012bto risku d\u0113\u013c.<\/p>\n<p><a href=\"https:\/\/dzentlmenis.lv\/vai-apsargs-tiesam-drikst-parbaudit-jusu-somu-pie-veikala-izejas-noteikumi-ko-pirceji-biezi-nezina\/236746\/\" rel=\"nofollow noopener\" target=\"_blank\"><img class=\"lazy lazy-hidden\" decoding=\"async\" src=\"data:image\/gif;base64,R0lGODlhAQABAIAAAAAAAP\/\/\/yH5BAEAAAAALAAAAAABAAEAAAIBRAA7\" data-lazy-type=\"image\" data-lazy-src=\"https:\/\/www.europesays.com\/lv\/wp-content\/uploads\/2026\/01\/apsargs.jpg\" data-lazy- alt=\"Vai apsargs tie\u0161\u0101m dr\u012bkst p\u0101rbaud\u012bt j\u016bsu somu pie veikala izejas: noteikumi, ko pirc\u0113ji bie\u017ei nezina\"\/><\/a>\u0160obr\u012bd citi lasa<a class=\"monsterinsights-inline-popular-posts-title\" href=\"https:\/\/dzentlmenis.lv\/vai-apsargs-tiesam-drikst-parbaudit-jusu-somu-pie-veikala-izejas-noteikumi-ko-pirceji-biezi-nezina\/236746\/\" rel=\"nofollow noopener\" target=\"_blank\">Vai apsargs tie\u0161\u0101m dr\u012bkst p\u0101rbaud\u012bt j\u016bsu somu pie veikala izejas: noteikumi, ko pirc\u0113ji bie\u017ei nezina<\/a><\/p>\n<p>\u00a0<\/p>\n<p>Cenu pieaugums: M\u012bts vai realit\u0101te?<\/p>\n<p>Sabiedr\u012bb\u0101 joproj\u0101m valda ba\u017eas par iesp\u0113jamo infl\u0101cijas l\u0113cienu. Tom\u0113r ekonomists Ganevs nor\u0101da uz b\u016btisku at\u0161\u0137ir\u012bbu starp infl\u0101ciju un vienreiz\u0113ju cenu l\u012bme\u0146a korekciju. Lai gan uz\u0146\u0113m\u0113ji m\u0113dz izmantot eiro ievie\u0161anu k\u0101 ieganstu cenu noapa\u013co\u0161anai uz aug\u0161u, Eiropas Centr\u0101l\u0101s bankas (ECB) dati liecina, ka cit\u0101s valst\u012bs \u0161\u012b ietekme bijusi minim\u0101la \u2013 robe\u017e\u0101s no 0,2 l\u012bdz 0,4 procentpunktiem. Tas ir \u012bslaic\u012bgs efekts, kas nerada ilgtermi\u0146a infl\u0101cijas spiedienu.<\/p>\n<p>\u00a0<\/p>\n<p>Dezinform\u0101cija un politisk\u0101 pretest\u012bba<\/p>\n<p>Eiro ievie\u0161anas process Bulg\u0101rij\u0101 norit\u0113jis sare\u017e\u0123\u012bt\u0101 informat\u012bvaj\u0101 vid\u0113. Saska\u0146\u0101 ar aptauj\u0101m sabiedr\u012bba ir gandr\u012bz vien\u0101di sadal\u012bta: 51% atbalsta reformu, bet 45% pret to izturas noliedzo\u0161i. \u0160o inform\u0101cijas vakuumu un iedz\u012bvot\u0101ju nezin\u0101\u0161anu prasm\u012bgi izmantoja populistiskie sp\u0113ki, piem\u0113ram, gal\u0113ji lab\u0113j\u0101 partija \u201cAtdzim\u0161ana\u201d, kas izplat\u012bja lozungus par suverenit\u0101tes zaud\u0113\u0161anu.<\/p>\n<p>Eksperti ar\u012b nor\u0101da uz Krievijas m\u0113r\u0137tiec\u012bgo dezinform\u0101cijas kampa\u0146u. Izmantojot v\u0113sturisko, kult\u016bras un valodas radniec\u012bbu, Kremlis cent\u0101s kurin\u0101t eiroskepticismu Bulg\u0101rij\u0101. Marija Simeonova atz\u012bst, ka Krem\u013ca propaganda Sofij\u0101 joproj\u0101m atrod \u201cdzird\u012bgas ausis\u201d, lai gan p\u0113c iebrukuma Ukrain\u0101 Maskavas tie\u0161\u0101 ietekme un izmantojamie instrumenti ir mazin\u0101ju\u0161ies.<\/p>\n<p><a href=\"https:\/\/dzentlmenis.lv\/3-karotes-uz-blodu-un-baltas-drebes-bus-tirakas-par-sniegu-pat-peleciga-lupata-iemirdzesies-baltuma\/236477\/\" rel=\"nofollow noopener\" target=\"_blank\"><img class=\"lazy lazy-hidden\" decoding=\"async\" src=\"data:image\/gif;base64,R0lGODlhAQABAIAAAAAAAP\/\/\/yH5BAEAAAAALAAAAAABAAEAAAIBRAA7\" data-lazy-type=\"image\" data-lazy-src=\"https:\/\/www.europesays.com\/lv\/wp-content\/uploads\/2026\/01\/1767421052_440_household-999377_1280.jpg\" data-lazy- alt=\"3 karotes uz b\u013codu \u2013 un baltas dr\u0113bes b\u016bs t\u012br\u0101kas par sniegu: pat pel\u0113c\u012bga \u201clupata\u201d iemirdz\u0113sies baltum\u0101\"\/><\/a>\u0160obr\u012bd citi lasa<a class=\"monsterinsights-inline-popular-posts-title\" href=\"https:\/\/dzentlmenis.lv\/3-karotes-uz-blodu-un-baltas-drebes-bus-tirakas-par-sniegu-pat-peleciga-lupata-iemirdzesies-baltuma\/236477\/\" rel=\"nofollow noopener\" target=\"_blank\">3 karotes uz b\u013codu \u2013 un baltas dr\u0113bes b\u016bs t\u012br\u0101kas par sniegu: pat pel\u0113c\u012bga \u201clupata\u201d iemirdz\u0113sies baltum\u0101<\/a><\/p>\n<p>\u00a0<\/p>\n<p>Secin\u0101jumi un n\u0101kotnes perspekt\u012bva<\/p>\n<p>Bulg\u0101rijas vald\u012bbas nov\u0113lot\u0101 informat\u012bv\u0101 kampa\u0146a s\u0101kotn\u0113ji \u013c\u0101va nostiprin\u0101ties bail\u0113m, ta\u010du \u0161odienas fakts ir neapstr\u012bdams \u2013 eiro ir k\u013cuvis par realit\u0101ti. Valsts tagad atrodas pie viena galda ar Eiropas sp\u0113c\u012bg\u0101kaj\u0101m ekonomik\u0101m, un t\u0101s n\u0101kotne b\u016bs atkar\u012bga no sp\u0113jas izmantot vienot\u0101s val\u016btas sniegt\u0101s priek\u0161roc\u012bbas invest\u012bciju piesaistei un dz\u012bves l\u012bme\u0146a cel\u0161anai.<\/p>\n","protected":false},"excerpt":{"rendered":"\u0160odien, 2026. gada 1. janv\u0101r\u012b, Bulg\u0101rija ir sasniegusi noz\u012bm\u012bgu pagrieziena punktu sav\u0101 modernaj\u0101 v\u0113stur\u0113, k\u013c\u016bstot par eirozonas 21.&hellip;\n","protected":false},"author":2,"featured_media":93115,"comment_status":"","ping_status":"","sticky":false,"template":"","format":"standard","meta":{"footnotes":""},"categories":[14],"tags":[23,57,28,29,32,33,22,30,31,35,39,38,36,37,34,40,20,26,27,24,25,54,55,56,21,58],"class_list":{"0":"post-93114","1":"post","2":"type-post","3":"status-publish","4":"format-standard","5":"has-post-thumbnail","7":"category-zinas-no-arvalstim","8":"tag-aktualitates","9":"tag-arvalstim","10":"tag-breaking-news","11":"tag-breakingnews","12":"tag-featured-news","13":"tag-featurednews","14":"tag-headlines","15":"tag-latest-news","16":"tag-latestnews","17":"tag-latvia","18":"tag-latvian","19":"tag-latviesu","20":"tag-latviesu-valoda","21":"tag-latviesuvaloda","22":"tag-latvija","23":"tag-lv","24":"tag-news","25":"tag-popularakas-zinas","26":"tag-popularakaszinas","27":"tag-top-stories","28":"tag-topstories","29":"tag-world","30":"tag-world-news","31":"tag-worldnews","32":"tag-zinas","33":"tag-zinas-no-arvalstim"},"share_on_mastodon":{"url":"https:\/\/pubeurope.com\/@lv\/115829712039811215","error":""},"_links":{"self":[{"href":"https:\/\/www.europesays.com\/lv\/wp-json\/wp\/v2\/posts\/93114","targetHints":{"allow":["GET"]}}],"collection":[{"href":"https:\/\/www.europesays.com\/lv\/wp-json\/wp\/v2\/posts"}],"about":[{"href":"https:\/\/www.europesays.com\/lv\/wp-json\/wp\/v2\/types\/post"}],"author":[{"embeddable":true,"href":"https:\/\/www.europesays.com\/lv\/wp-json\/wp\/v2\/users\/2"}],"replies":[{"embeddable":true,"href":"https:\/\/www.europesays.com\/lv\/wp-json\/wp\/v2\/comments?post=93114"}],"version-history":[{"count":0,"href":"https:\/\/www.europesays.com\/lv\/wp-json\/wp\/v2\/posts\/93114\/revisions"}],"wp:featuredmedia":[{"embeddable":true,"href":"https:\/\/www.europesays.com\/lv\/wp-json\/wp\/v2\/media\/93115"}],"wp:attachment":[{"href":"https:\/\/www.europesays.com\/lv\/wp-json\/wp\/v2\/media?parent=93114"}],"wp:term":[{"taxonomy":"category","embeddable":true,"href":"https:\/\/www.europesays.com\/lv\/wp-json\/wp\/v2\/categories?post=93114"},{"taxonomy":"post_tag","embeddable":true,"href":"https:\/\/www.europesays.com\/lv\/wp-json\/wp\/v2\/tags?post=93114"}],"curies":[{"name":"wp","href":"https:\/\/api.w.org\/{rel}","templated":true}]}}