{"id":93123,"date":"2026-01-03T06:29:07","date_gmt":"2026-01-03T06:29:07","guid":{"rendered":"https:\/\/www.europesays.com\/lv\/93123\/"},"modified":"2026-01-03T06:29:07","modified_gmt":"2026-01-03T06:29:07","slug":"kad-beigsies-kars-ukraina-zelenska-prognoze-par-mieru","status":"publish","type":"post","link":"https:\/\/www.europesays.com\/lv\/93123\/","title":{"rendered":"Kad beigsies kar\u0161 Ukrain\u0101? Zelenska prognoze par mieru"},"content":{"rendered":"<p class=\"descr\">Kar\u0161 Ukrain\u0101 var\u0113tu beigties jau 2026. gad\u0101, ta\u010du, lai tas notiktu, ir j\u0101palielina spiediens uz Krieviju &#8211; t\u0101 sav\u0101 Jaungada uzrun\u0101 tautai pazi\u0146oja Ukrainas prezidents Volodimirs Zelenskis.<\/p>\n<p>&#8220;Es atdotu visu, visu pasaul\u0113, lai \u0161aj\u0101 uzrun\u0101 var\u0113tu pateikt, ka miers iest\u0101sies p\u0113c da\u017e\u0101m min\u016bt\u0113m. Diem\u017e\u0113l es to v\u0113l nevaru izdar\u012bt, bet ar t\u012bru sirdsapzi\u0146u es un m\u0113s visi varam teikt, ka Ukraina dara visu iesp\u0113jamo miera lab\u0101. Un turpina to dar\u012bt,&#8221; sac\u012bja Zelenskis.<\/p>\n<p>P\u0113c Zelenska teikt\u0101, miera l\u012bgums ir &#8220;par 90% pabeigts&#8221;, bet &#8220;pasaules, Ukrainas un Eiropas likteni&#8221; noteiks atliku\u0161ie 10%, par kuriem v\u0113l j\u0101vienojas.<\/p>\n<p>Prezidents uzsv\u0113ra, ka Krievija var\u0113tu \u0101tri izbeigt karu, ta\u010du t\u0101 nev\u0113las to dar\u012bt, tie\u0161i t\u0101p\u0113c ir nepiecie\u0161ams starptautisk\u0101s sabiedr\u012bbas spiediens.<\/p>\n<p>&#8220;Krievija nebeidz savus karus pati. V\u0113stur\u0113 nav bijis neviena kara, ko t\u0101 b\u016btu izbeigusi p\u0113c savas br\u012bvas gribas. Ir tikai spiediens no citiem, tikai piespie\u0161ana no citiem, ko vi\u0146i pa\u0161i sauc par &#8220;labas gribas \u017eestu&#8221;. T\u0101 ir bijis visus \u0161os gadus, kop\u0161 Krievija ir ar k\u0101du c\u012bn\u012bjusies, tas ir &#8211; vis\u0101 t\u0101s past\u0101v\u0113\u0161anas laik\u0101,&#8221; nor\u0101d\u012bja Ukrainas prezidents.<\/p>\n<p>Zelenskis piebilda, ka Ukraina ir spiesta pier\u0101d\u012bt &#8220;sen ac\u012bmredzamas paties\u012bbas&#8221;, un tas, ka da\u017eas pasaules da\u013cas turpina tic\u0113t Krievijas v\u0101rdiem, ir &#8220;vienk\u0101r\u0161i n\u0101ves spriedums kop\u0113jai starptautiskajai dro\u0161\u012bbai&#8221;.<\/p>\n<p>&#8220;Sankcijas \u201cko\u017e\u201d Krievijai, bet tikai n\u0101v\u0113jo\u0161s tv\u0113riens patie\u0161\u0101m darbosies. Krievijas nafta jau ir l\u0113t\u0101ka, bet vi\u0146u tankku\u0123iem ir piln\u012bb\u0101 j\u0101apst\u0101jas, lai aptur\u0113tu karu. Krievijas naftas p\u0101rstr\u0101des r\u016bpn\u012bcas jau pal\u0113nina \u0101trumu, bet t\u0101m ir piln\u012bb\u0101 j\u0101apst\u0101jas, lai okupantu tur\u0113tu pa gabalu. Un &#8220;Tomahawks&#8221; Ukrainas rok\u0101s paties\u012bb\u0101 pier\u0101d\u012btu tikai vienu: mieram nav alternat\u012bvas,&#8221; sac\u012bja Ukrainas prezidents.<\/p>\n<p>Vi\u0146\u0161 piebilda, ka, r\u012bkojoties &#8220;\u013coti \u0101tri un izl\u0113m\u012bgi&#8221;, <a href=\"https:\/\/nra.lv\/politika\/510436-cepuritis-krievija-sogad-pastiprinas-savas-aktivitates.htm\" data-item-link=\"true\" data-item-id=\"510436\" rel=\"nofollow noopener\" target=\"_blank\">Krievijas agresiju var\u0113tu aptur\u0113t jau 2026. gad\u0101.<\/a><\/p>\n<p>\t\t\t\t\t\tinfo<\/p>\n<p>Uzzini pirmais<br \/>kas interesants noticis Latvij\u0101 un pasaul\u0113,<br \/>pievienojoties mums <a href=\"https:\/\/t.me\/neatkariga\" rel=\"nofollow\">Telegram<\/a> vai <a href=\"https:\/\/whatsapp.com\/channel\/0029VaMLFUH5K3zLU5s4wm3y\" rel=\"nofollow noopener\" target=\"_blank\">Whatsapp<\/a> kan\u0101l\u0101<\/p>\n","protected":false},"excerpt":{"rendered":"Kar\u0161 Ukrain\u0101 var\u0113tu beigties jau 2026. gad\u0101, ta\u010du, lai tas notiktu, ir j\u0101palielina spiediens uz Krieviju &#8211; t\u0101&hellip;\n","protected":false},"author":2,"featured_media":93124,"comment_status":"","ping_status":"","sticky":false,"template":"","format":"standard","meta":{"footnotes":""},"categories":[14],"tags":[23,57,28,29,32,33,22,30,31,35,39,38,36,37,34,40,20,26,27,24,25,54,55,56,21,58],"class_list":{"0":"post-93123","1":"post","2":"type-post","3":"status-publish","4":"format-standard","5":"has-post-thumbnail","7":"category-zinas-no-arvalstim","8":"tag-aktualitates","9":"tag-arvalstim","10":"tag-breaking-news","11":"tag-breakingnews","12":"tag-featured-news","13":"tag-featurednews","14":"tag-headlines","15":"tag-latest-news","16":"tag-latestnews","17":"tag-latvia","18":"tag-latvian","19":"tag-latviesu","20":"tag-latviesu-valoda","21":"tag-latviesuvaloda","22":"tag-latvija","23":"tag-lv","24":"tag-news","25":"tag-popularakas-zinas","26":"tag-popularakaszinas","27":"tag-top-stories","28":"tag-topstories","29":"tag-world","30":"tag-world-news","31":"tag-worldnews","32":"tag-zinas","33":"tag-zinas-no-arvalstim"},"share_on_mastodon":{"url":"https:\/\/pubeurope.com\/@lv\/115829759202200134","error":""},"_links":{"self":[{"href":"https:\/\/www.europesays.com\/lv\/wp-json\/wp\/v2\/posts\/93123","targetHints":{"allow":["GET"]}}],"collection":[{"href":"https:\/\/www.europesays.com\/lv\/wp-json\/wp\/v2\/posts"}],"about":[{"href":"https:\/\/www.europesays.com\/lv\/wp-json\/wp\/v2\/types\/post"}],"author":[{"embeddable":true,"href":"https:\/\/www.europesays.com\/lv\/wp-json\/wp\/v2\/users\/2"}],"replies":[{"embeddable":true,"href":"https:\/\/www.europesays.com\/lv\/wp-json\/wp\/v2\/comments?post=93123"}],"version-history":[{"count":0,"href":"https:\/\/www.europesays.com\/lv\/wp-json\/wp\/v2\/posts\/93123\/revisions"}],"wp:featuredmedia":[{"embeddable":true,"href":"https:\/\/www.europesays.com\/lv\/wp-json\/wp\/v2\/media\/93124"}],"wp:attachment":[{"href":"https:\/\/www.europesays.com\/lv\/wp-json\/wp\/v2\/media?parent=93123"}],"wp:term":[{"taxonomy":"category","embeddable":true,"href":"https:\/\/www.europesays.com\/lv\/wp-json\/wp\/v2\/categories?post=93123"},{"taxonomy":"post_tag","embeddable":true,"href":"https:\/\/www.europesays.com\/lv\/wp-json\/wp\/v2\/tags?post=93123"}],"curies":[{"name":"wp","href":"https:\/\/api.w.org\/{rel}","templated":true}]}}