{"id":93125,"date":"2026-01-03T06:35:08","date_gmt":"2026-01-03T06:35:08","guid":{"rendered":"https:\/\/www.europesays.com\/lv\/93125\/"},"modified":"2026-01-03T06:35:08","modified_gmt":"2026-01-03T06:35:08","slug":"asv-slave-baltiju-ka-paraugu-bet-x-stunda-lemumu-pienems-tramps-norada-eksperts","status":"publish","type":"post","link":"https:\/\/www.europesays.com\/lv\/93125\/","title":{"rendered":"ASV slav\u0113 Baltiju k\u0101 paraugu, bet &#8220;X stund\u0101&#8221; l\u0113mumu pie\u0146ems Tramps, nor\u0101da eksperts"},"content":{"rendered":"<p>Run\u0101jot par Latvijas r\u012bc\u012bbu, \u0122eopolitikas p\u0113t\u012bjumu centra direktors piebilda, ka valsts aizsardz\u012bbas dienestu var\u0113ja ieviest \u0101tr\u0101k, un min\u0113ja, ka Latvij\u0101 \u0161ogad 11 m\u0113ne\u0161u iesaukums ir ar 1000 cilv\u0113kiem, bet n\u0101kamgad &#8211; apm\u0113ram 1600 cilv\u0113kiem, kam\u0113r Igaunij\u0101 un Lietuv\u0101 gad\u0101 apm\u0101ca ap 4000 cilv\u0113ku gad\u0101, kas piecu gadu laik\u0101 dod aptuveni 20 000 apm\u0101c\u012btu cilv\u0113ku.<\/p>\n<p>Vi\u0146\u0161 par no\u017e\u0113lojamu nosauca situ\u0101ciju attiec\u012bb\u0101 uz tirdzniec\u012bbu ar Krieviju un Baltkrieviju, k\u0101 ar\u012b dzelzce\u013ca slie\u017eu jaut\u0101jumu. And\u017e\u0101ns sac\u012bja, ka Krievija joproj\u0101m ir sestais liel\u0101kais pre\u010du eksporta tirgus Latvijai, p\u0101rsniedzot 800 miljonus eiro, un vi\u0146\u0161 nor\u0101d\u012bja uz divkos\u012bbu &#8211; Latvija atbalsta Ukrainu un stiprina aizsardz\u012bbu, bet vienlaikus turpin\u0101s tirdzniec\u012bba ar agresoru. Vi\u0146\u0161 piebilda, ka bru\u0146otie sp\u0113ki aicina sliedes demont\u0113t un uzsv\u0113ra, ka br\u012bv\u012bbai ir cena, lai ar\u012b tas noz\u012bm\u0113 ekonomiskus zaud\u0113jumus.<\/p>\n<p>Vi\u0146\u0161 ar\u012b kritiz\u0113ja pieeju slie\u017eu jaut\u0101jum\u0101, nor\u0101dot, ka pras\u012bba p\u0113c kop\u012bga l\u0113muma starp Latviju, Lietuvu un Igauniju ir solis atpaka\u013c, jo kop\u012bgu l\u0113mumu nevar\u0113s pie\u0146emt, tostarp t\u0101d\u0113\u013c, ka Lietuvai ir K\u0113nigsbergas tranz\u012bts, kas noteikts saska\u0146\u0101 ar ES un Krievijas l\u012bgumu.<\/p>\n<p>And\u017e\u0101ns rezum\u0113ja, ka Latvij\u0101 daudz ir dar\u012bts, ta\u010du temps var\u0113ja b\u016bt \u0101tr\u0101ks un nost\u0101ja &#8211; principi\u0101l\u0101ka, \u012bpa\u0161i jaut\u0101jumos par tirdzniec\u012bbu ar Krieviju un slied\u0113m uz Krieviju un Baltkrieviju. Eksperts akcent\u0113ja, ka Latvija iztiek bez Krievijas g\u0101zes, elektr\u012bbas, bet bez tirgus Latvija negrib iztikt.<\/p>\n","protected":false},"excerpt":{"rendered":"Run\u0101jot par Latvijas r\u012bc\u012bbu, \u0122eopolitikas p\u0113t\u012bjumu centra direktors piebilda, ka valsts aizsardz\u012bbas dienestu var\u0113ja ieviest \u0101tr\u0101k, un min\u0113ja,&hellip;\n","protected":false},"author":2,"featured_media":93126,"comment_status":"","ping_status":"","sticky":false,"template":"","format":"standard","meta":{"footnotes":""},"categories":[14],"tags":[23,57,28,29,32,33,22,74,30,31,35,39,38,36,37,34,40,1710,20,26,27,24,25,54,55,56,21,58],"class_list":{"0":"post-93125","1":"post","2":"type-post","3":"status-publish","4":"format-standard","5":"has-post-thumbnail","7":"category-zinas-no-arvalstim","8":"tag-aktualitates","9":"tag-arvalstim","10":"tag-breaking-news","11":"tag-breakingnews","12":"tag-featured-news","13":"tag-featurednews","14":"tag-headlines","15":"tag-krievijas-iebrukums-ukraina","16":"tag-latest-news","17":"tag-latestnews","18":"tag-latvia","19":"tag-latvian","20":"tag-latviesu","21":"tag-latviesu-valoda","22":"tag-latviesuvaloda","23":"tag-latvija","24":"tag-lv","25":"tag-maris-andzans","26":"tag-news","27":"tag-popularakas-zinas","28":"tag-popularakaszinas","29":"tag-top-stories","30":"tag-topstories","31":"tag-world","32":"tag-world-news","33":"tag-worldnews","34":"tag-zinas","35":"tag-zinas-no-arvalstim"},"share_on_mastodon":{"url":"https:\/\/pubeurope.com\/@lv\/115829782776916691","error":""},"_links":{"self":[{"href":"https:\/\/www.europesays.com\/lv\/wp-json\/wp\/v2\/posts\/93125","targetHints":{"allow":["GET"]}}],"collection":[{"href":"https:\/\/www.europesays.com\/lv\/wp-json\/wp\/v2\/posts"}],"about":[{"href":"https:\/\/www.europesays.com\/lv\/wp-json\/wp\/v2\/types\/post"}],"author":[{"embeddable":true,"href":"https:\/\/www.europesays.com\/lv\/wp-json\/wp\/v2\/users\/2"}],"replies":[{"embeddable":true,"href":"https:\/\/www.europesays.com\/lv\/wp-json\/wp\/v2\/comments?post=93125"}],"version-history":[{"count":0,"href":"https:\/\/www.europesays.com\/lv\/wp-json\/wp\/v2\/posts\/93125\/revisions"}],"wp:featuredmedia":[{"embeddable":true,"href":"https:\/\/www.europesays.com\/lv\/wp-json\/wp\/v2\/media\/93126"}],"wp:attachment":[{"href":"https:\/\/www.europesays.com\/lv\/wp-json\/wp\/v2\/media?parent=93125"}],"wp:term":[{"taxonomy":"category","embeddable":true,"href":"https:\/\/www.europesays.com\/lv\/wp-json\/wp\/v2\/categories?post=93125"},{"taxonomy":"post_tag","embeddable":true,"href":"https:\/\/www.europesays.com\/lv\/wp-json\/wp\/v2\/tags?post=93125"}],"curies":[{"name":"wp","href":"https:\/\/api.w.org\/{rel}","templated":true}]}}