{"id":93133,"date":"2026-01-03T06:59:11","date_gmt":"2026-01-03T06:59:11","guid":{"rendered":"https:\/\/www.europesays.com\/lv\/93133\/"},"modified":"2026-01-03T06:59:11","modified_gmt":"2026-01-03T06:59:11","slug":"telegraph-nosauc-krievijas-miera-plana-sliktako-scenariju","status":"publish","type":"post","link":"https:\/\/www.europesays.com\/lv\/93133\/","title":{"rendered":"&#8220;Telegraph&#8221; nosauc Krievijas miera pl\u0101na slikt\u0101ko scen\u0101riju"},"content":{"rendered":"<p>K\u0101 nor\u0101da koment\u0113t\u0101js, ir \u013coti svar\u012bgi, lai 15 gadu ASV un NATO dro\u0161\u012bbas garantijas efekt\u012bvi atspogu\u013cotu NATO aizsardz\u012bbu. V\u0113l satrauco\u0161\u0101ka Kremlim ir Trampa atkl\u0101t\u0101 diskusija par Rietumu karasp\u0113ka kl\u0101tb\u016btni Ukrain\u0101:<\/p>\n<blockquote class=\"quote ck-widget\" contenteditable=\"false\">\n<p>&#8220;\u0160is ir visslikt\u0101kais scen\u0101rijs Putinam. Nek\u0101da manipul\u0101cija, pat Krem\u013ca propagandas ma\u0161\u012bnas darb\u012bbas zen\u012bt\u0101, nevar\u0113tu nomask\u0113t \u0161\u0101du izn\u0101kumu k\u0101 kaut ko citu k\u0101 vien sak\u0101vi.&#8221;<\/p>\n<\/blockquote>\n<p>T\u0101 k\u0101 frontes l\u012bnija ir iesald\u0113ta, sarunas ar Kijivu par piek\u013cuvi retzemju miner\u0101liem Donbas\u0101 veiks Tramps, nevis Putins. Pievienojiet tam pieaugo\u0161o repar\u0101ciju iesp\u0113jam\u012bbu un iesp\u0113jamo iesald\u0113to Krievijas akt\u012bvu konfisk\u0101ciju 200 miljardu dol\u0101ru apm\u0113r\u0101, Krievijas ekonomika, kas jau t\u0101 atrodas br\u012bv\u0101 kritien\u0101, \u0161\u0137iet arvien nedro\u0161\u0101ka, nor\u0101da anal\u012bti\u0137is.<\/p>\n<p>V\u0113l divi faktori rad\u012bs iev\u0113rojamu spiedienu uz Va\u0161ingtonu. Pirmk\u0101rt, Krievija tagad saprot, ka t\u0101s milit\u0101rie sp\u0113ki nevar st\u0101ties pret\u012b NATO pat bez Amerikas Savienotaj\u0101m Valst\u012bm. Otrk\u0101rt, naftas cen\u0101m kr\u012btoties zem 60 dol\u0101riem par barelu, degviela, kas uztur Krievijas milit\u0101ro ma\u0161in\u0113riju, strauji iztvaiko. Bez ie\u0146\u0113mumiem iero\u010di apklus\u012bs.<\/p>\n<p>&#8220;CIP faktiski ir at\u0146\u0113musi prezidentam iesp\u0113ju saskat\u012bt Krem\u013ca maldin\u0101\u0161anu. Tagad Tramps stingri tur Putina r\u012bkli,&#8221; uzsver Bretons-Gordons.<\/p>\n<p>Lai gan ba\u017eas par kodoliero\u010du eskal\u0101ciju joproj\u0101m past\u0101v, Krem\u013ca konvencion\u0101lie kodoldraudi p\u0113d\u0113j\u0101s ned\u0113\u013c\u0101s ir praktiski izzudu\u0161i, un t\u0101 nav nejau\u0161\u012bba \u2013 Maskava saprot, ka kodoliero\u010du \u017evadin\u0101\u0161ana vairs nebied\u0113 Eiropas l\u012bderus, uzsver anal\u012bti\u0137is.<\/p>\n<p>&#8220;Pirmo reizi daudzu gadu laik\u0101 ir re\u0101ls pamats piesardz\u012bgam optimismam. Ja Tramps turpin\u0101s izdar\u012bt spiedienu uz Putinu un Eiropas NATO valstis turpin\u0101s atjaunot re\u0101lu milit\u0101ro sp\u0113ku \u2013 vien\u012bgo valodu, ko Kremlis respekt\u0113 \u2013, tad 2026. gads var\u0113tu nest Ukrainai taisn\u012bgu un ilgsto\u0161u mieru,&#8221; vi\u0146\u0161 uzskata.<\/p>\n","protected":false},"excerpt":{"rendered":"K\u0101 nor\u0101da koment\u0113t\u0101js, ir \u013coti svar\u012bgi, lai 15 gadu ASV un NATO dro\u0161\u012bbas garantijas efekt\u012bvi atspogu\u013cotu NATO aizsardz\u012bbu.&hellip;\n","protected":false},"author":2,"featured_media":93134,"comment_status":"","ping_status":"","sticky":false,"template":"","format":"standard","meta":{"footnotes":""},"categories":[14],"tags":[23,57,292,28,29,32,33,22,74,30,31,35,39,38,36,37,34,40,20,26,27,24,25,235,54,55,56,21,58],"class_list":{"0":"post-93133","1":"post","2":"type-post","3":"status-publish","4":"format-standard","5":"has-post-thumbnail","7":"category-zinas-no-arvalstim","8":"tag-aktualitates","9":"tag-arvalstim","10":"tag-asv","11":"tag-breaking-news","12":"tag-breakingnews","13":"tag-featured-news","14":"tag-featurednews","15":"tag-headlines","16":"tag-krievijas-iebrukums-ukraina","17":"tag-latest-news","18":"tag-latestnews","19":"tag-latvia","20":"tag-latvian","21":"tag-latviesu","22":"tag-latviesu-valoda","23":"tag-latviesuvaloda","24":"tag-latvija","25":"tag-lv","26":"tag-news","27":"tag-popularakas-zinas","28":"tag-popularakaszinas","29":"tag-top-stories","30":"tag-topstories","31":"tag-vladimirs-putins","32":"tag-world","33":"tag-world-news","34":"tag-worldnews","35":"tag-zinas","36":"tag-zinas-no-arvalstim"},"share_on_mastodon":{"url":"https:\/\/pubeurope.com\/@lv\/115829877151982575","error":""},"_links":{"self":[{"href":"https:\/\/www.europesays.com\/lv\/wp-json\/wp\/v2\/posts\/93133","targetHints":{"allow":["GET"]}}],"collection":[{"href":"https:\/\/www.europesays.com\/lv\/wp-json\/wp\/v2\/posts"}],"about":[{"href":"https:\/\/www.europesays.com\/lv\/wp-json\/wp\/v2\/types\/post"}],"author":[{"embeddable":true,"href":"https:\/\/www.europesays.com\/lv\/wp-json\/wp\/v2\/users\/2"}],"replies":[{"embeddable":true,"href":"https:\/\/www.europesays.com\/lv\/wp-json\/wp\/v2\/comments?post=93133"}],"version-history":[{"count":0,"href":"https:\/\/www.europesays.com\/lv\/wp-json\/wp\/v2\/posts\/93133\/revisions"}],"wp:featuredmedia":[{"embeddable":true,"href":"https:\/\/www.europesays.com\/lv\/wp-json\/wp\/v2\/media\/93134"}],"wp:attachment":[{"href":"https:\/\/www.europesays.com\/lv\/wp-json\/wp\/v2\/media?parent=93133"}],"wp:term":[{"taxonomy":"category","embeddable":true,"href":"https:\/\/www.europesays.com\/lv\/wp-json\/wp\/v2\/categories?post=93133"},{"taxonomy":"post_tag","embeddable":true,"href":"https:\/\/www.europesays.com\/lv\/wp-json\/wp\/v2\/tags?post=93133"}],"curies":[{"name":"wp","href":"https:\/\/api.w.org\/{rel}","templated":true}]}}