{"id":93135,"date":"2026-01-03T07:01:07","date_gmt":"2026-01-03T07:01:07","guid":{"rendered":"https:\/\/www.europesays.com\/lv\/93135\/"},"modified":"2026-01-03T07:01:07","modified_gmt":"2026-01-03T07:01:07","slug":"darba-meklejumos-pat-cetrus-gadus-ko-vesta-nodarbinatibas-valsts-agenturas-dati","status":"publish","type":"post","link":"https:\/\/www.europesays.com\/lv\/93135\/","title":{"rendered":"Darba mekl\u0113jumos &#8211; pat \u010detrus gadus. Ko v\u0113sta Nodarbin\u0101t\u012bbas valsts a\u0123ent\u016bras dati?"},"content":{"rendered":"<p>Kopum\u0101 valst\u012b, p\u0113c CSP sniegt\u0101s inform\u0101cijas, p\u0113rn septembra beig\u0101s Latvij\u0101 bija 66 200 bezdarbnieku. Vairums no tiem jeb 10 100 darbu mekl\u0113ju\u0161i vienu l\u012bdz divus gadus. V\u0113l 9800 &#8211; se\u0161us l\u012bdz 11 m\u0113ne\u0161us.<\/p>\n<p>Re\u0123istr\u0113ts bezdarbnieka statuss noz\u012bm\u0113, ka persona ir ofici\u0101li atz\u012bta k\u0101 bez darba un mekl\u0113 darbu. Esot \u0161aj\u0101 status\u0101, bezdarbniekam j\u0101pilda vair\u0101kas Nodarbin\u0101t\u012bbas valsts a\u0123ent\u016bras noteikt\u0101s aktivit\u0101tes darba atra\u0161anai. Bezdarbniekam ir iesp\u0113ja sa\u0146emt stipendiju profesion\u0101l\u0101s apm\u0101c\u012bbas, p\u0101rkvalifik\u0101cijas un kvalifik\u0101cijas paaugstin\u0101\u0161anas laik\u0101 un neform\u0101l\u0101s izgl\u012bt\u012bbas ieguves laik\u0101. T\u0101pat iesp\u0113jams sa\u0146emt karjeras konsult\u0101cijas.<\/p>\n<p>Bezdarbnieka pabalstu var sa\u0146emt ne ilg\u0101k k\u0101 asto\u0146us m\u0113ne\u0161us. Pabalsta apm\u0113rs ir atkar\u012bgs no personas apdro\u0161in\u0101\u0161anas st\u0101\u017ea un iemaksu algas.<\/p>\n","protected":false},"excerpt":{"rendered":"Kopum\u0101 valst\u012b, p\u0113c CSP sniegt\u0101s inform\u0101cijas, p\u0113rn septembra beig\u0101s Latvij\u0101 bija 66 200 bezdarbnieku. Vairums no tiem jeb&hellip;\n","protected":false},"author":2,"featured_media":93136,"comment_status":"","ping_status":"","sticky":false,"template":"","format":"standard","meta":{"footnotes":""},"categories":[5],"tags":[23,28,29,32,33,22,30,31,35,39,38,36,37,34,40,20,4966,4195,26,27,24,25,21],"class_list":{"0":"post-93135","1":"post","2":"type-post","3":"status-publish","4":"format-standard","5":"has-post-thumbnail","7":"category-aktualitates","8":"tag-aktualitates","9":"tag-breaking-news","10":"tag-breakingnews","11":"tag-featured-news","12":"tag-featurednews","13":"tag-headlines","14":"tag-latest-news","15":"tag-latestnews","16":"tag-latvia","17":"tag-latvian","18":"tag-latviesu","19":"tag-latviesu-valoda","20":"tag-latviesuvaloda","21":"tag-latvija","22":"tag-lv","23":"tag-news","24":"tag-nodarbinatiba","25":"tag-nodarbinatibas-valsts-agentura","26":"tag-popularakas-zinas","27":"tag-popularakaszinas","28":"tag-top-stories","29":"tag-topstories","30":"tag-zinas"},"share_on_mastodon":{"url":"https:\/\/pubeurope.com\/@lv\/115829884991520775","error":""},"_links":{"self":[{"href":"https:\/\/www.europesays.com\/lv\/wp-json\/wp\/v2\/posts\/93135","targetHints":{"allow":["GET"]}}],"collection":[{"href":"https:\/\/www.europesays.com\/lv\/wp-json\/wp\/v2\/posts"}],"about":[{"href":"https:\/\/www.europesays.com\/lv\/wp-json\/wp\/v2\/types\/post"}],"author":[{"embeddable":true,"href":"https:\/\/www.europesays.com\/lv\/wp-json\/wp\/v2\/users\/2"}],"replies":[{"embeddable":true,"href":"https:\/\/www.europesays.com\/lv\/wp-json\/wp\/v2\/comments?post=93135"}],"version-history":[{"count":0,"href":"https:\/\/www.europesays.com\/lv\/wp-json\/wp\/v2\/posts\/93135\/revisions"}],"wp:featuredmedia":[{"embeddable":true,"href":"https:\/\/www.europesays.com\/lv\/wp-json\/wp\/v2\/media\/93136"}],"wp:attachment":[{"href":"https:\/\/www.europesays.com\/lv\/wp-json\/wp\/v2\/media?parent=93135"}],"wp:term":[{"taxonomy":"category","embeddable":true,"href":"https:\/\/www.europesays.com\/lv\/wp-json\/wp\/v2\/categories?post=93135"},{"taxonomy":"post_tag","embeddable":true,"href":"https:\/\/www.europesays.com\/lv\/wp-json\/wp\/v2\/tags?post=93135"}],"curies":[{"name":"wp","href":"https:\/\/api.w.org\/{rel}","templated":true}]}}