{"id":93145,"date":"2026-01-03T07:13:08","date_gmt":"2026-01-03T07:13:08","guid":{"rendered":"https:\/\/www.europesays.com\/lv\/93145\/"},"modified":"2026-01-03T07:13:08","modified_gmt":"2026-01-03T07:13:08","slug":"francijas-kurorts-santkolomban-de-vilardza-piedava-bezmaksas-sleposanu-cinoties-ar-finansialam-grutibam-lente-lv","status":"publish","type":"post","link":"https:\/\/www.europesays.com\/lv\/93145\/","title":{"rendered":"Francijas k\u016brorts Santkolomb\u0101n-de-Vilard\u017e\u0101 pied\u0101v\u0101 bezmaksas sl\u0113po\u0161anu, c\u012bnoties ar finansi\u0101l\u0101m gr\u016bt\u012bb\u0101m\u00a0\u2014\u00a0Lente.lv"},"content":{"rendered":"<p>Francijas Alpu mazais k\u016brorts pie\u0146em neparastu l\u0113mumu<\/p>\n<p>Kam\u0113r daudzi Eiropas sl\u0113po\u0161anas k\u016brorti saskaras ar augo\u0161\u0101m cen\u0101m, Francijas Alpos eso\u0161ais Santkolomb\u0101n-de-Vilard\u017e\u0101 (Saint-Colomban-des-Villards) ciemats ir izdar\u012bjis bezprecedenta soli, pied\u0101v\u0101jot sl\u0113po\u0161anu piln\u012bgi bez maksas \u0161oziem. K\u0101 zi\u0146o telekan\u0101ls TV3, \u0161is drosm\u012bgais l\u0113mums nav balst\u012bts uz d\u0101snumu, bet gan uz nepiecie\u0161am\u012bbu c\u012bn\u012bties par savu finansi\u0101lo izdz\u012bvo\u0161anu. K\u016brorts, kas atrodas aptuveni 1100 metru augstum\u0101 virs j\u016bras l\u012bme\u0146a, jau ilgu laiku piedz\u012bvo finansi\u0101las gr\u016bt\u012bbas, ko p\u0113d\u0113jos gados ir saasin\u0101jis sniega tr\u016bkums un klimata p\u0101rmai\u0146u sekas.<\/p>\n<p>R\u016bgtais iemesls: Sniega tr\u016bkums un finansi\u0101lie zaud\u0113jumi<\/p>\n<p>Santkolomb\u0101n-de-Vilard\u017e\u0101 ciems jau gandr\u012bz 25 gadus str\u0101d\u0101 ar zaud\u0113jumiem, kas p\u0113d\u0113jos gados sasniegu\u0161i pat 1 miljonu eiro gad\u0101. Situ\u0101cija k\u013cuvusi nepanesama pa\u0161vald\u012bbai ar 2,7 miljonu eiro bud\u017eetu. Izp\u0113tot izdevumus saist\u012bb\u0101 ar bi\u013ce\u0161u tirdzniec\u012bbu, tika secin\u0101ts, ka izdevumi par bi\u013ce\u0161u p\u0101rdo\u0161anu p\u0101rsniegtu ien\u0101kumus. T\u0101p\u0113c tika pie\u0146emts radik\u0101ls l\u0113mums \u2013 atcelt sl\u0113po\u0161anas bi\u013ce\u0161u p\u0101rdo\u0161anu piln\u012bb\u0101.<\/p>\n<p>P\u0101rejas risin\u0101jums un n\u0101kotnes v\u012bzija<\/p>\n<p>\u0160obr\u012bd Santkolomb\u0101n-de-Vilard\u017e\u0101 darbojas neliela sl\u0113po\u0161anas zona, kas apr\u012bkota ar diviem pac\u0113l\u0101jiem un b\u0113rnu trasi, galvenok\u0101rt paredz\u0113ta \u0123imen\u0113m un ies\u0101c\u0113jiem. \u0160\u0101ds risin\u0101jums \u013cauj samazin\u0101t sezonas izmaksas l\u012bdz 150\u2013200 t\u016bksto\u0161iem eiro. Tom\u0113r pa\u0161vald\u012bba uzsver, ka tas ir tikai pagaidu risin\u0101jums. Sl\u0113po\u0161ana 1100 metru augstum\u0101, \u0146emot v\u0113r\u0101 klimata p\u0101rmai\u0146as un to ietekmi uz sniega segumu, ilgtermi\u0146\u0101 vairs nav ilgtsp\u0113j\u012bga. T\u0101p\u0113c ciems akt\u012bvi pl\u0101no att\u012bst\u012bt alternat\u012bvus t\u016brisma veidus, piem\u0113ram, p\u0101rg\u0101jienus, dabas aktivit\u0101tes un pied\u0101v\u0101jumus vis\u0101m \u010detr\u0101m sezon\u0101m. Eksperimenta rezult\u0101ti tiks r\u016bp\u012bgi izv\u0113rt\u0113ti pavasar\u012b, lai pie\u0146emtu l\u0113mumus par turpm\u0101ko att\u012bst\u012bbu.<\/p>\n<p>Klimata p\u0101rmai\u0146u ietekme uz sl\u0113po\u0161anas k\u016brortiem<\/p>\n<p>Santkolomb\u0101n-de-Vilard\u017e\u0101 gad\u012bjums nav vien\u012bgais, kas nor\u0101da uz klimata p\u0101rmai\u0146u rad\u012btaj\u0101m probl\u0113m\u0101m sl\u0113po\u0161anas k\u016brortos Francij\u0101 un citviet Eirop\u0101. Daudzi mazie un vid\u0113j\u0101 augstum\u0101 eso\u0161ie k\u016brorti saskaras ar past\u0101v\u012bgu sniega tr\u016bkumu, kas liek tiem mekl\u0113t jaunus att\u012bst\u012bbas virzienus vai pat sl\u0113gt savas darb\u012bbas. Francijas augst\u0101k\u0101 rev\u012bzijas tiesa (la Cour des comptes) jau 2024. gad\u0101 public\u0113ja zi\u0146ojumu, kur\u0101 tika klasific\u0113ti 163 Francijas sl\u0113po\u0161anas k\u016brorti p\u0113c to neaizsarg\u0101t\u012bbas pret klimata p\u0101rmai\u0146\u0101m un glob\u0101lo sasil\u0161anu. Zi\u0146ojum\u0101 tika prognoz\u0113ts, ka l\u012bdz 2050. gadam daudziem k\u016brortiem, \u012bpa\u0161i Dienvidu Alpos, n\u0101ksies p\u0101rtraukt sl\u0113po\u0161anas pac\u0113l\u0101ju darb\u012bbu un vai nu piln\u012bb\u0101 sl\u0113gt, vai p\u0101rorient\u0113ties uz citiem sporta veidiem un atrakcij\u0101m. T\u0101p\u0113c k\u016brorti arvien vair\u0101k s\u0101k invest\u0113t atjaunojamos ener\u0123ijas avotos un veicin\u0101t ekolo\u0123iski draudz\u012bgu t\u016brismu, lai piel\u0101gotos main\u012bgajiem apst\u0101k\u013ciem.<\/p>\n<p>Alternat\u012bvas un ilgtsp\u0113j\u012bga att\u012bst\u012bba<\/p>\n<p>Kam\u0113r augsta kalnu k\u016brorti, piem\u0113ram, Val Thorens, Tignes un Val d&#8217;Is\u00e8re, sp\u0113j nodro\u0161in\u0101t sniega segumu liel\u0101koties visas sezonas garum\u0101, zem\u0101ka augstuma k\u016brortiem ir j\u0101dom\u0101 par savu n\u0101kotni. Daudzi no \u0161iem k\u016brortiem, k\u0101 piem\u0113ram, Morzine un Meg\u00e8ve, att\u012bsta savu pied\u0101v\u0101jumu k\u0101 daudzssezonu t\u016brisma galam\u0113r\u0137us, pied\u0101v\u0101jot aktivit\u0101tes ne tikai ziem\u0101, bet ar\u012b pavasar\u012b, vasar\u0101 un ruden\u012b. Tas ietver velobrauk\u0161anas parkus, daudzveid\u012bgas p\u0101rg\u0101jienu takas, golfa laukumus, kult\u016bras festiv\u0101lus un konferen\u010du iesp\u0113jas. Lai gan \u0161\u0101das p\u0101rmai\u0146as prasa laiku un invest\u012bcijas, t\u0101s ir b\u016btiskas, lai nodro\u0161in\u0101tu k\u016brortu ilgtsp\u0113j\u012bgu att\u012bst\u012bbu n\u0101kotn\u0113. Santkolomb\u0101n-de-Vilard\u017e\u0101 pied\u0101v\u0101jums bez maksas ir ne tikai iesp\u0113ja sl\u0113pot\u0101jiem baud\u012bt ziemas priekus bez finansi\u0101l\u0101 spiediena, bet ar\u012b solis pret\u012b jaunas, ilgtsp\u0113j\u012bg\u0101kas n\u0101kotnes veido\u0161anai \u0101rpus tradicion\u0101l\u0101s sl\u0113po\u0161anas.<\/p>\n","protected":false},"excerpt":{"rendered":"Francijas Alpu mazais k\u016brorts pie\u0146em neparastu l\u0113mumu Kam\u0113r daudzi Eiropas sl\u0113po\u0161anas k\u016brorti saskaras ar augo\u0161\u0101m cen\u0101m, Francijas Alpos&hellip;\n","protected":false},"author":2,"featured_media":93146,"comment_status":"","ping_status":"","sticky":false,"template":"","format":"standard","meta":{"footnotes":""},"categories":[5],"tags":[23,23330,28,29,32,33,23329,22,3761,30,31,35,39,38,36,37,34,40,20,26,27,23331,22464,24,25,21],"class_list":{"0":"post-93145","1":"post","2":"type-post","3":"status-publish","4":"format-standard","5":"has-post-thumbnail","7":"category-aktualitates","8":"tag-aktualitates","9":"tag-bezmaksas-sleposana","10":"tag-breaking-news","11":"tag-breakingnews","12":"tag-featured-news","13":"tag-featurednews","14":"tag-francijas-kurorts","15":"tag-headlines","16":"tag-klimata-parmainas","17":"tag-latest-news","18":"tag-latestnews","19":"tag-latvia","20":"tag-latvian","21":"tag-latviesu","22":"tag-latviesu-valoda","23":"tag-latviesuvaloda","24":"tag-latvija","25":"tag-lv","26":"tag-news","27":"tag-popularakas-zinas","28":"tag-popularakaszinas","29":"tag-santkolomban-de-vilardza","30":"tag-sleposanas-kurorts","31":"tag-top-stories","32":"tag-topstories","33":"tag-zinas"},"share_on_mastodon":{"url":"https:\/\/pubeurope.com\/@lv\/115829932180720272","error":""},"_links":{"self":[{"href":"https:\/\/www.europesays.com\/lv\/wp-json\/wp\/v2\/posts\/93145","targetHints":{"allow":["GET"]}}],"collection":[{"href":"https:\/\/www.europesays.com\/lv\/wp-json\/wp\/v2\/posts"}],"about":[{"href":"https:\/\/www.europesays.com\/lv\/wp-json\/wp\/v2\/types\/post"}],"author":[{"embeddable":true,"href":"https:\/\/www.europesays.com\/lv\/wp-json\/wp\/v2\/users\/2"}],"replies":[{"embeddable":true,"href":"https:\/\/www.europesays.com\/lv\/wp-json\/wp\/v2\/comments?post=93145"}],"version-history":[{"count":0,"href":"https:\/\/www.europesays.com\/lv\/wp-json\/wp\/v2\/posts\/93145\/revisions"}],"wp:featuredmedia":[{"embeddable":true,"href":"https:\/\/www.europesays.com\/lv\/wp-json\/wp\/v2\/media\/93146"}],"wp:attachment":[{"href":"https:\/\/www.europesays.com\/lv\/wp-json\/wp\/v2\/media?parent=93145"}],"wp:term":[{"taxonomy":"category","embeddable":true,"href":"https:\/\/www.europesays.com\/lv\/wp-json\/wp\/v2\/categories?post=93145"},{"taxonomy":"post_tag","embeddable":true,"href":"https:\/\/www.europesays.com\/lv\/wp-json\/wp\/v2\/tags?post=93145"}],"curies":[{"name":"wp","href":"https:\/\/api.w.org\/{rel}","templated":true}]}}