{"id":93157,"date":"2026-01-03T07:30:08","date_gmt":"2026-01-03T07:30:08","guid":{"rendered":"https:\/\/www.europesays.com\/lv\/93157\/"},"modified":"2026-01-03T07:30:08","modified_gmt":"2026-01-03T07:30:08","slug":"kas-notiek-ar-tavu-kermeni-ja-tu-menesi-nelieto-alkoholu-skaidro-atkaribu-specialists-2","status":"publish","type":"post","link":"https:\/\/www.europesays.com\/lv\/93157\/","title":{"rendered":"Kas notiek ar tavu \u0137ermeni, ja tu m\u0113nesi nelieto alkoholu? Skaidro atkar\u012bbu speci\u0101lists"},"content":{"rendered":"<p>Arvien popul\u0101r\u0101ks k\u013c\u016bst \u00absausais janv\u0101ris\u00bb \u2013 m\u0113nesis, kur\u0101 atsak\u0101s no alkohola. Da\u017eiem tas ir vien \u012bslaic\u012bgs izaicin\u0101jums, kura p\u0101rvar\u0113\u0161ana dod labu pa\u0161saj\u016btu. Citiem tas ir simbolisks pagrieziena punkts: pirmais solis pret\u012b lab\u0101kai vesel\u012bbai un liel\u0101kai pa\u0161apzi\u0146ai.<\/p>\n<p>Bet vai ar vienu m\u0113nesi pietiek, lai kaut kas patie\u0161\u0101m main\u012btos? Vai <a href=\"https:\/\/receptes.tvnet.lv\/term\/555435\/veseliba\" class=\"topicLink\" target=\"_blank\" rel=\"nofollow noopener\">vesel\u012bba<\/a> no t\u0101 g\u016bst labumu? Un cik liel\u0101 m\u0113r\u0101 rezult\u0101ts ir atkar\u012bgs no t\u0101, k\u0101das bija tavas attiec\u012bbas ar alkoholu pirms \u0161\u012b p\u0101rtraukuma?<\/p>\n<p>Atbildes pal\u012bdz rast gar\u012bg\u0101s vesel\u012bbas centra &#8220;Libertas&#8221; vad\u012bt\u0101js un atkar\u012bbu konsultants Kalle Halliks, kur\u0161 str\u0101d\u0101 ar cilv\u0113kiem, kuriem ir atkar\u012bbu probl\u0113mas un kur\u0161 pats savulaik ir c\u012bn\u012bjies ar alkohola atkar\u012bbu.<\/p>\n<p><img decoding=\"async\" class=\"figure__image\" onclick=\"triggerEvent('articleImageClick', { id: 17366768, focus: 'single-image', focusIndex: '17366768' })\" onkeydown=\"if (event.key === 'Enter') {&#10;        triggerEvent('articleImageClick', { id: 17366768, focus: 'single-image', focusIndex: '17366768' })&#10;        }\" role=\"button\" tabindex=\"0\" data-focus-from=\"single-image\" data-focus-index=\"17366768\" src=\"https:\/\/www.europesays.com\/lv\/wp-content\/uploads\/2026\/01\/17366768t1h1aad.jpg\"  onload=\"this.parentElement.classList.remove('figure__image-loading')\" alt=\"Kalle Halliks\"\/>Kalle Halliks Foto: Erakogu<\/p>\n","protected":false},"excerpt":{"rendered":"Arvien popul\u0101r\u0101ks k\u013c\u016bst \u00absausais janv\u0101ris\u00bb \u2013 m\u0113nesis, kur\u0101 atsak\u0101s no alkohola. Da\u017eiem tas ir vien \u012bslaic\u012bgs izaicin\u0101jums, kura&hellip;\n","protected":false},"author":2,"featured_media":93130,"comment_status":"","ping_status":"","sticky":false,"template":"","format":"standard","meta":{"footnotes":""},"categories":[5],"tags":[23,731,28,29,32,33,22,30,31,35,39,38,36,37,34,40,20,26,27,24,25,7070,181,21],"class_list":{"0":"post-93157","1":"post","2":"type-post","3":"status-publish","4":"format-standard","5":"has-post-thumbnail","7":"category-aktualitates","8":"tag-aktualitates","9":"tag-alkohols","10":"tag-breaking-news","11":"tag-breakingnews","12":"tag-featured-news","13":"tag-featurednews","14":"tag-headlines","15":"tag-latest-news","16":"tag-latestnews","17":"tag-latvia","18":"tag-latvian","19":"tag-latviesu","20":"tag-latviesu-valoda","21":"tag-latviesuvaloda","22":"tag-latvija","23":"tag-lv","24":"tag-news","25":"tag-popularakas-zinas","26":"tag-popularakaszinas","27":"tag-top-stories","28":"tag-topstories","29":"tag-tvnet-receptes","30":"tag-veseliba","31":"tag-zinas"},"share_on_mastodon":{"url":"https:\/\/pubeurope.com\/@lv\/115829999077792248","error":""},"_links":{"self":[{"href":"https:\/\/www.europesays.com\/lv\/wp-json\/wp\/v2\/posts\/93157","targetHints":{"allow":["GET"]}}],"collection":[{"href":"https:\/\/www.europesays.com\/lv\/wp-json\/wp\/v2\/posts"}],"about":[{"href":"https:\/\/www.europesays.com\/lv\/wp-json\/wp\/v2\/types\/post"}],"author":[{"embeddable":true,"href":"https:\/\/www.europesays.com\/lv\/wp-json\/wp\/v2\/users\/2"}],"replies":[{"embeddable":true,"href":"https:\/\/www.europesays.com\/lv\/wp-json\/wp\/v2\/comments?post=93157"}],"version-history":[{"count":0,"href":"https:\/\/www.europesays.com\/lv\/wp-json\/wp\/v2\/posts\/93157\/revisions"}],"wp:featuredmedia":[{"embeddable":true,"href":"https:\/\/www.europesays.com\/lv\/wp-json\/wp\/v2\/media\/93130"}],"wp:attachment":[{"href":"https:\/\/www.europesays.com\/lv\/wp-json\/wp\/v2\/media?parent=93157"}],"wp:term":[{"taxonomy":"category","embeddable":true,"href":"https:\/\/www.europesays.com\/lv\/wp-json\/wp\/v2\/categories?post=93157"},{"taxonomy":"post_tag","embeddable":true,"href":"https:\/\/www.europesays.com\/lv\/wp-json\/wp\/v2\/tags?post=93157"}],"curies":[{"name":"wp","href":"https:\/\/api.w.org\/{rel}","templated":true}]}}