{"id":9317,"date":"2025-10-01T04:59:10","date_gmt":"2025-10-01T04:59:10","guid":{"rendered":"https:\/\/www.europesays.com\/lv\/9317\/"},"modified":"2025-10-01T04:59:10","modified_gmt":"2025-10-01T04:59:10","slug":"bulgarija-ir-gatava-apturet-krievijas-gazes-tranzitu-uz-ungariju-un-slovakiju","status":"publish","type":"post","link":"https:\/\/www.europesays.com\/lv\/9317\/","title":{"rendered":"Bulg\u0101rija ir gatava aptur\u0113t Krievijas g\u0101zes tranz\u012btu uz Ung\u0101riju un Slov\u0101kiju"},"content":{"rendered":"<p>Bulg\u0101rija atbalsta Eiropas Savien\u012bbas (ES) pl\u0101nu l\u012bdz 2027.gada beig\u0101m p\u0101rtraukt Krievijas dabasg\u0101zes pieg\u0101des blokam un ir gatava aptur\u0113t Krievijas g\u0101zes tranz\u012btu uz Ung\u0101riju un Slov\u0101kiju, pazi\u0146oju\u0161as amatpersonas.<\/p>\n<p>Caur Bulg\u0101riju stiepjas p\u0113d\u0113jais cauru\u013cvads, pa kuru no Krievijas uz ES tiek pieg\u0101d\u0101ta g\u0101ze. Pl\u016bsmas aptur\u0113\u0161ana noz\u012bm\u0113tu, ka Ung\u0101rija un Slov\u0101kija zaud\u0113 iesp\u0113ju ar\u012b turpm\u0101k iepirkt g\u0101zi no Krievijas.<\/p>\n<p>&#8220;Bulg\u0101rija k\u0101 ES dal\u012bbvalsts r\u012bkojas saska\u0146\u0101 ar Eiropas ties\u012bbu aktiem un politiku, tostarp [ierosin\u0101to] pak\u0101penisko atteik\u0161anos [no Krievijas g\u0101zes] l\u012bdz 2027.gada beig\u0101m,&#8221; izdevumam &#8220;Politico&#8221; nor\u0101d\u012bja Bulg\u0101rijas ener\u0123\u0113tikas ministrs \u017de\u010do Stankovs. Paredzams, ka l\u012bdz 2028.gada 1.janv\u0101rim Krievijas g\u0101zes pat\u0113ri\u0146\u0161 Eirop\u0101 tiks piln\u012bb\u0101 p\u0101rtraukts, vi\u0146\u0161 piebilda.<\/p>\n<p>Pirms p\u0101ris dien\u0101m Bulg\u0101rijas premjerministrs Rosens \u017de\u013cazkovs p\u0113c ASV prezidenta Donalda Trampa aicin\u0101juma Eiropai p\u0101rtraukt iepirkt Krievijas energoresursus sol\u012bja, ka Bulg\u0101rija tuv\u0101kaj\u0101 laik\u0101 pievienosies ES l\u0113mumiem p\u0101rtraukt Krievijas dabasg\u0101zes izmanto\u0161anu un tranz\u012btu.<\/p>\n<p>Saska\u0146\u0101 ar \u017eurn\u0101listu v\u0113rt\u0113jumiem Sofijas nodoms atbalst\u012bt ES centienus atteikties no Krievijas g\u0101zes var\u0113tu rad\u012bt nopietnas ba\u017eas Budape\u0161t\u0101 un Bratislav\u0101. Ung\u0101rija un Slov\u0101kija joproj\u0101m sa\u0146em aptuveni 70% no t\u0101m nepiecie\u0161am\u0101s g\u0101zes no Krievijas, un abas valstis ba\u017e\u012bjas, ka attiek\u0161an\u0101s no krievu g\u0101zes izrais\u012bs strauju energoresursu cenu k\u0101pumu iek\u0161\u0113jos tirgos.<\/p>\n<p>Tikm\u0113r eksperti nor\u0101da, ka Ung\u0101rija un Slov\u0101kija var kompens\u0113t Krievijas g\u0101zes tr\u016bkumu, ieg\u0101d\u0101joties sa\u0161\u0137idrin\u0101to dabasg\u0101zi (LNG), kas ES non\u0101k caur termin\u0101\u013ciem Norv\u0113\u0123ij\u0101. Saska\u0146\u0101 ar Stankova teikto, Bulg\u0101rija ved &#8220;konstrukt\u012bvas sarunas ar kol\u0113\u0123iem re\u0123ion\u0101 par iesp\u0113ju kop\u012bgi piedal\u012bties konkursos par ASV sa\u0161\u0137idrin\u0101t\u0101s dabasg\u0101zes ieg\u0101di&#8221;.<\/p>\n<p><img decoding=\"async\" src=\"https:\/\/www.europesays.com\/lv\/wp-content\/uploads\/2025\/10\/55f4ccfff3a9cc351812e5a518af5e9b.jpg\" title=\"Foto: EPA\/MAXIM SHIPENKOV\" alt=\"Foto: EPA\/MAXIM SHIPENKOV\"\/><\/p>\n<p class=\"article-img-desc\">Foto: EPA\/MAXIM SHIPENKOV<\/p>\n","protected":false},"excerpt":{"rendered":"Bulg\u0101rija atbalsta Eiropas Savien\u012bbas (ES) pl\u0101nu l\u012bdz 2027.gada beig\u0101m p\u0101rtraukt Krievijas dabasg\u0101zes pieg\u0101des blokam un ir gatava aptur\u0113t&hellip;\n","protected":false},"author":2,"featured_media":9318,"comment_status":"","ping_status":"","sticky":false,"template":"","format":"standard","meta":{"footnotes":""},"categories":[14],"tags":[129,3639,2334,1209,3636,3594,23,57,28,29,32,33,22,30,31,35,39,38,36,37,34,40,20,26,27,3640,2335,1210,3637,3595,3641,2336,1211,3638,3596,24,25,54,55,56,21,58],"class_list":{"0":"post-9317","1":"post","2":"type-post","3":"status-publish","4":"format-standard","5":"has-post-thumbnail","7":"category-zinas-no-arvalstim","8":"tag-__typenameadvicekeyword","9":"tag-id1108","10":"tag-id554","11":"tag-id824","12":"tag-id844","13":"tag-id976","14":"tag-aktualitates","15":"tag-arvalstim","16":"tag-breaking-news","17":"tag-breakingnews","18":"tag-featured-news","19":"tag-featurednews","20":"tag-headlines","21":"tag-latest-news","22":"tag-latestnews","23":"tag-latvia","24":"tag-latvian","25":"tag-latviesu","26":"tag-latviesu-valoda","27":"tag-latviesuvaloda","28":"tag-latvija","29":"tag-lv","30":"tag-news","31":"tag-popularakas-zinas","32":"tag-popularakaszinas","33":"tag-slugbulgarija","34":"tag-slugkrievija","35":"tag-slugpolitika","36":"tag-slugslovakija","37":"tag-slugungarija","38":"tag-titlebulgarija","39":"tag-titlekrievija","40":"tag-titlepolitika","41":"tag-titleslovakija","42":"tag-titleungarija","43":"tag-top-stories","44":"tag-topstories","45":"tag-world","46":"tag-world-news","47":"tag-worldnews","48":"tag-zinas","49":"tag-zinas-no-arvalstim"},"share_on_mastodon":{"url":"","error":""},"_links":{"self":[{"href":"https:\/\/www.europesays.com\/lv\/wp-json\/wp\/v2\/posts\/9317","targetHints":{"allow":["GET"]}}],"collection":[{"href":"https:\/\/www.europesays.com\/lv\/wp-json\/wp\/v2\/posts"}],"about":[{"href":"https:\/\/www.europesays.com\/lv\/wp-json\/wp\/v2\/types\/post"}],"author":[{"embeddable":true,"href":"https:\/\/www.europesays.com\/lv\/wp-json\/wp\/v2\/users\/2"}],"replies":[{"embeddable":true,"href":"https:\/\/www.europesays.com\/lv\/wp-json\/wp\/v2\/comments?post=9317"}],"version-history":[{"count":0,"href":"https:\/\/www.europesays.com\/lv\/wp-json\/wp\/v2\/posts\/9317\/revisions"}],"wp:featuredmedia":[{"embeddable":true,"href":"https:\/\/www.europesays.com\/lv\/wp-json\/wp\/v2\/media\/9318"}],"wp:attachment":[{"href":"https:\/\/www.europesays.com\/lv\/wp-json\/wp\/v2\/media?parent=9317"}],"wp:term":[{"taxonomy":"category","embeddable":true,"href":"https:\/\/www.europesays.com\/lv\/wp-json\/wp\/v2\/categories?post=9317"},{"taxonomy":"post_tag","embeddable":true,"href":"https:\/\/www.europesays.com\/lv\/wp-json\/wp\/v2\/tags?post=9317"}],"curies":[{"name":"wp","href":"https:\/\/api.w.org\/{rel}","templated":true}]}}