{"id":93175,"date":"2026-01-03T07:46:08","date_gmt":"2026-01-03T07:46:08","guid":{"rendered":"https:\/\/www.europesays.com\/lv\/93175\/"},"modified":"2026-01-03T07:46:08","modified_gmt":"2026-01-03T07:46:08","slug":"venecuelas-galvaspilseta-atskanejusas-specigas-eksplozijas","status":"publish","type":"post","link":"https:\/\/www.europesays.com\/lv\/93175\/","title":{"rendered":"Venecu\u0113las galvaspils\u0113t\u0101 atskan\u0113ju\u0161as sp\u0113c\u012bgas eksplozijas"},"content":{"rendered":"<p>Eksplozijas nogranda ap plkst. 2 (plkst. 8 p\u0113c Latvijas laika).<\/p>\n<p>T\u0101s Karakasu satricin\u0101ja p\u0113c tam, kad <a href=\"https:\/\/www.tvnet.lv\/term\/555410\/asv\" class=\"topicLink\" target=\"_blank\" rel=\"nofollow noopener\">ASV<\/a> prezidents Donalds Tramps, kur\u0161 Kar\u012bbu j\u016br\u0101 izvietojis j\u016bras sp\u0113kus, pie\u013c\u0101va iesp\u0113jam\u012bbu veikt sauszemes triecienus Venecu\u0113l\u0101.<\/p>\n<p>Pirmdien Tramps pazi\u0146oja, ka ASV ir izn\u012bcin\u0101ju\u0161as piest\u0101tni, kuru izmantojot Venecu\u0113las narkotiku tirgo\u0146u ku\u0123u uzkrau\u0161anai.<\/p>\n<p>Tramps neatkl\u0101ja, vai t\u0101 bija armijas vai Centr\u0101l\u0101s izl\u016bko\u0161anas p\u0101rvaldes (CIP) oper\u0101cija. Vi\u0146\u0161 ar\u012b nepreciz\u0113ja, kur veikts trieciens, tikai piebilda, ka tas bijis piekrast\u0113.<\/p>\n<p>Ja t\u0101ds uzbrukums ir bijis, tad tas b\u016btu pirmais zin\u0101mais ASV trieciens Venecu\u0113l\u0101.<\/p>\n<p>Venecu\u0113las prezidents Nikolass Maduro nav ne apstiprin\u0101jis, ne noliedzis pirmdienas triecienu, bet ceturtdien pazi\u0146oja, ka ir gatavs sadarboties ar Va\u0161ingtonu p\u0113c ned\u0113\u013c\u0101m ilg\u0101 ASV milit\u0101r\u0101 spiediena.<\/p>\n<p>Trampa administr\u0101cija ir aps\u016bdz\u0113jusi Maduro narkotiku karte\u013ca vad\u012bb\u0101 un apgalvo, ka Va\u0161ingtona v\u0113r\u0161as pret kontrabandu, ta\u010du Maduro noliedz jebk\u0101du iesaisti narkotiku tirdzniec\u012bb\u0101 un uzst\u0101j, ka Va\u0161ingtona cen\u0161as vi\u0146u g\u0101zt no amata, jo Venecu\u0113l\u0101 ir liel\u0101k\u0101s zin\u0101m\u0101s naftas rezerves uz Zemes.<\/p>\n","protected":false},"excerpt":{"rendered":"Eksplozijas nogranda ap plkst. 2 (plkst. 8 p\u0113c Latvijas laika). T\u0101s Karakasu satricin\u0101ja p\u0113c tam, kad ASV prezidents&hellip;\n","protected":false},"author":2,"featured_media":93176,"comment_status":"","ping_status":"","sticky":false,"template":"","format":"standard","meta":{"footnotes":""},"categories":[14],"tags":[23,57,292,28,29,32,33,22,30,31,35,39,38,36,37,34,40,20,26,27,24,25,358,54,55,56,21,58],"class_list":{"0":"post-93175","1":"post","2":"type-post","3":"status-publish","4":"format-standard","5":"has-post-thumbnail","7":"category-zinas-no-arvalstim","8":"tag-aktualitates","9":"tag-arvalstim","10":"tag-asv","11":"tag-breaking-news","12":"tag-breakingnews","13":"tag-featured-news","14":"tag-featurednews","15":"tag-headlines","16":"tag-latest-news","17":"tag-latestnews","18":"tag-latvia","19":"tag-latvian","20":"tag-latviesu","21":"tag-latviesu-valoda","22":"tag-latviesuvaloda","23":"tag-latvija","24":"tag-lv","25":"tag-news","26":"tag-popularakas-zinas","27":"tag-popularakaszinas","28":"tag-top-stories","29":"tag-topstories","30":"tag-venecuela","31":"tag-world","32":"tag-world-news","33":"tag-worldnews","34":"tag-zinas","35":"tag-zinas-no-arvalstim"},"share_on_mastodon":{"url":"https:\/\/pubeurope.com\/@lv\/115830061994030687","error":""},"_links":{"self":[{"href":"https:\/\/www.europesays.com\/lv\/wp-json\/wp\/v2\/posts\/93175","targetHints":{"allow":["GET"]}}],"collection":[{"href":"https:\/\/www.europesays.com\/lv\/wp-json\/wp\/v2\/posts"}],"about":[{"href":"https:\/\/www.europesays.com\/lv\/wp-json\/wp\/v2\/types\/post"}],"author":[{"embeddable":true,"href":"https:\/\/www.europesays.com\/lv\/wp-json\/wp\/v2\/users\/2"}],"replies":[{"embeddable":true,"href":"https:\/\/www.europesays.com\/lv\/wp-json\/wp\/v2\/comments?post=93175"}],"version-history":[{"count":0,"href":"https:\/\/www.europesays.com\/lv\/wp-json\/wp\/v2\/posts\/93175\/revisions"}],"wp:featuredmedia":[{"embeddable":true,"href":"https:\/\/www.europesays.com\/lv\/wp-json\/wp\/v2\/media\/93176"}],"wp:attachment":[{"href":"https:\/\/www.europesays.com\/lv\/wp-json\/wp\/v2\/media?parent=93175"}],"wp:term":[{"taxonomy":"category","embeddable":true,"href":"https:\/\/www.europesays.com\/lv\/wp-json\/wp\/v2\/categories?post=93175"},{"taxonomy":"post_tag","embeddable":true,"href":"https:\/\/www.europesays.com\/lv\/wp-json\/wp\/v2\/tags?post=93175"}],"curies":[{"name":"wp","href":"https:\/\/api.w.org\/{rel}","templated":true}]}}