{"id":93177,"date":"2026-01-03T07:47:08","date_gmt":"2026-01-03T07:47:08","guid":{"rendered":"https:\/\/www.europesays.com\/lv\/93177\/"},"modified":"2026-01-03T07:47:08","modified_gmt":"2026-01-03T07:47:08","slug":"apstiprinata-vel-viena-cilveka-nave","status":"publish","type":"post","link":"https:\/\/www.europesays.com\/lv\/93177\/","title":{"rendered":"apstiprin\u0101ta v\u0113l viena cilv\u0113ka n\u0101ve"},"content":{"rendered":"<p>P\u0113c s\u0101kotn\u0113j\u0101s inform\u0101cijas tika zi\u0146ots, ka boj\u0101 g\u0101jis viens cilv\u0113ks un vair\u0101ki cilv\u0113ki ievainoti.<\/p>\n<p>\u0160odien <a href=\"https:\/\/www.tvnet.lv\/term\/555464\/vugd\" class=\"topicLink\" target=\"_blank\" rel=\"nofollow noopener\">VUGD<\/a> zi\u0146o, ka spr\u0101dzien\u0101 g\u0101ja boj\u0101 divi cilv\u0113ki, bet v\u0113l divi cieta. Veicot gl\u0101b\u0161anas darbus, cieta ar\u012b ugunsdz\u0113s\u0113js, kur\u0161 nog\u0101d\u0101ts \u0101rstniec\u012bbas iest\u0101d\u0113. Viens no boj\u0101g\u0101ju\u0161ajiem ir AS &#8220;Gaso&#8221; Av\u0101rijas dienesta darbinieks, kur\u0161 bija ieradies uz izsaukumu par iesp\u0113jamu g\u0101zes nopl\u016bdi.<\/p>\n<p>No \u0113kas saviem sp\u0113kiem pirms VUGD iera\u0161an\u0101s evaku\u0113j\u0101s 35 cilv\u0113ki, bet v\u0113l 11 cilv\u0113kus evaku\u0113ja ugunsdz\u0113s\u0113ji.<\/p>\n<p>Negad\u012bjum\u0101 izgl\u0101bti tr\u012bs cilv\u0113ki un se\u0161i ka\u0137i.<\/p>\n<p>Ugunsdz\u0113s\u0113ji turpina darbu notikuma viet\u0101. Darbu turpina ar\u012b vakar izveidotais operat\u012bvais \u0161t\u0101bs.<\/p>\n<p>Vakar tika izmantots ar\u012b ce\u013camkr\u0101ns, ar kura pal\u012bdz\u012bbu tika nocelti 13 pane\u013ci. Visu nakti turpin\u0101j\u0101s b\u012bstamo konstrukciju nov\u0101k\u0161ana.<\/p>\n<p>Pa\u0161laik tas ir paveikts, un notikuma viet\u0101 tiek gaid\u012bts b\u016bvinspektors, kur\u0161 apsekos eksplozij\u0101 cietu\u0161\u0101s \u0113kas da\u013cu.<\/p>\n<p>Notikuma apst\u0101k\u013cus skaidro ar\u012b Valsts policija.<\/p>\n<p>L\u012bdz sertific\u0113ta b\u016bvspeci\u0101lista atzinuma sa\u0146em\u0161anai aizliegta g\u0101zes spr\u0101dzien\u0101 cietu\u0161\u0101s \u0113kas ekspluat\u0101cija.<\/p>\n<p>Piecst\u0101vu daudzdz\u012bvok\u013cu \u0113k\u0101 boj\u0101ta g\u0101zes vada d\u0113\u013c notika spr\u0101dziens, k\u0101 rezult\u0101t\u0101 sagruvis \u0113kas ceturtais un piektais st\u0101vs, k\u0101 ar\u012b jumts.<\/p>\n<p>\u0112ku apsaimnieko SIA &#8220;Latvijas namsaimnieks&#8221;, taj\u0101 ir 74 dz\u012bvok\u013ci, no kuriem \u010detri pieder pa\u0161vald\u012bbai. P\u0113c pagaid\u0101m ofici\u0101li neapstiprin\u0101tas inform\u0101cijas spr\u0101dziens noticis neleg\u0101la g\u0101zes piesl\u0113guma d\u0113\u013c pa\u0161vald\u012bbai piedero\u0161\u0101 dz\u012bvokl\u012b.<\/p>\n<p>Valsts policij\u0101 a\u0123ent\u016brai LETA pav\u0113st\u012bja, ka par notiku\u0161o s\u0101kts krimin\u0101lprocess par noziedz\u012bgiem nodar\u012bjumiem pret visp\u0101r\u0113jo dro\u0161\u012bbu un sabiedrisko k\u0101rt\u012bbu.<\/p>\n","protected":false},"excerpt":{"rendered":"P\u0113c s\u0101kotn\u0113j\u0101s inform\u0101cijas tika zi\u0146ots, ka boj\u0101 g\u0101jis viens cilv\u0113ks un vair\u0101ki cilv\u0113ki ievainoti. \u0160odien VUGD zi\u0146o, ka&hellip;\n","protected":false},"author":2,"featured_media":93178,"comment_status":"","ping_status":"","sticky":false,"template":"","format":"standard","meta":{"footnotes":""},"categories":[12],"tags":[23,28,29,32,33,22,30,31,35,39,38,36,37,34,40,20,26,27,24,25,4909,1994,4908,21],"class_list":{"0":"post-93177","1":"post","2":"type-post","3":"status-publish","4":"format-standard","5":"has-post-thumbnail","7":"category-latvija","8":"tag-aktualitates","9":"tag-breaking-news","10":"tag-breakingnews","11":"tag-featured-news","12":"tag-featurednews","13":"tag-headlines","14":"tag-latest-news","15":"tag-latestnews","16":"tag-latvia","17":"tag-latvian","18":"tag-latviesu","19":"tag-latviesu-valoda","20":"tag-latviesuvaloda","21":"tag-latvija","22":"tag-lv","23":"tag-news","24":"tag-popularakas-zinas","25":"tag-popularakaszinas","26":"tag-top-stories","27":"tag-topstories","28":"tag-valsts-ugunsdzesibas-un-glabsanas-dienests-vugd","29":"tag-video","30":"tag-vugd","31":"tag-zinas"},"share_on_mastodon":{"url":"https:\/\/pubeurope.com\/@lv\/115830066019565130","error":""},"_links":{"self":[{"href":"https:\/\/www.europesays.com\/lv\/wp-json\/wp\/v2\/posts\/93177","targetHints":{"allow":["GET"]}}],"collection":[{"href":"https:\/\/www.europesays.com\/lv\/wp-json\/wp\/v2\/posts"}],"about":[{"href":"https:\/\/www.europesays.com\/lv\/wp-json\/wp\/v2\/types\/post"}],"author":[{"embeddable":true,"href":"https:\/\/www.europesays.com\/lv\/wp-json\/wp\/v2\/users\/2"}],"replies":[{"embeddable":true,"href":"https:\/\/www.europesays.com\/lv\/wp-json\/wp\/v2\/comments?post=93177"}],"version-history":[{"count":0,"href":"https:\/\/www.europesays.com\/lv\/wp-json\/wp\/v2\/posts\/93177\/revisions"}],"wp:featuredmedia":[{"embeddable":true,"href":"https:\/\/www.europesays.com\/lv\/wp-json\/wp\/v2\/media\/93178"}],"wp:attachment":[{"href":"https:\/\/www.europesays.com\/lv\/wp-json\/wp\/v2\/media?parent=93177"}],"wp:term":[{"taxonomy":"category","embeddable":true,"href":"https:\/\/www.europesays.com\/lv\/wp-json\/wp\/v2\/categories?post=93177"},{"taxonomy":"post_tag","embeddable":true,"href":"https:\/\/www.europesays.com\/lv\/wp-json\/wp\/v2\/tags?post=93177"}],"curies":[{"name":"wp","href":"https:\/\/api.w.org\/{rel}","templated":true}]}}