{"id":93185,"date":"2026-01-03T07:52:10","date_gmt":"2026-01-03T07:52:10","guid":{"rendered":"https:\/\/www.europesays.com\/lv\/93185\/"},"modified":"2026-01-03T07:52:10","modified_gmt":"2026-01-03T07:52:10","slug":"australija-sagaida-2026-gadu-ar-cienu-pret-bondi-uzbrukuma-upuriem-lente-lv","status":"publish","type":"post","link":"https:\/\/www.europesays.com\/lv\/93185\/","title":{"rendered":"Austr\u0101lija sagaida 2026. gadu ar cie\u0146u pret Bondi uzbrukuma upuriem\u00a0\u2014\u00a0Lente.lv"},"content":{"rendered":"<p>Sidneja piemin upurus pirms jaun\u0101 gada<\/p>\n<p>Stundu pirms pusnakts Sidneja uz mirkli apklusa, lai godin\u0101tu Bondi pludmales terorakta upurus. K\u0101 zi\u0146o telekan\u0101ls TV3, \u0161is klusuma br\u012bdis iez\u012bm\u0113ja dzi\u013cas s\u0113ras un cie\u0146u pret 15 cilv\u0113kiem, kuri tika nogalin\u0101ti antisem\u012btisk\u0101 uzbrukum\u0101. Notikums, kas satricin\u0101ja Austr\u0101liju un pasauli, notika tie\u0161i pirms div\u0101m ned\u0113\u013c\u0101m, aiz\u0113nojot ierasto sv\u0113tku noska\u0146u.<\/p>\n<p>Sp\u0113c\u012bgs dro\u0161\u012bbas pas\u0101kumu garn\u0113jums<\/p>\n<p>Jaun\u0101 gada sagaid\u012b\u0161ana notika pastiprin\u0101tas dro\u0161\u012bbas uzraudz\u012bbas apst\u0101k\u013cos. Austr\u0101lijas varasiest\u0101des, rea\u0123\u0113jot uz tra\u0123\u0113diju Bondi pludmal\u0113, ieviesa rekordlielu policistu skaitu \u2013 vair\u0101k nek\u0101 2500 policistu tika izvietoti vis\u0101 pils\u0113t\u0101, tostarp bru\u0146oti un \u012bpa\u0161i apm\u0101c\u012bti darbinieki. \u0160\u0101di pas\u0101kumi tika veikti, lai nodro\u0161in\u0101tu sabiedr\u012bbas dro\u0161\u012bbu un demonstr\u0113tu nevienl\u012bdz\u012bbu pret terorismu, uzsverot, ka \u013caunumam nav vietas. K\u0101 atz\u012bm\u0113ja k\u0101ds augsta ranga amatpersona no Jaun\u0101s Dienvidvelsas \u0161tata, tas bija nepiecie\u0161ams, lai par\u0101d\u012btu pretest\u012bbu \u013caunumam.<\/p>\n<p>Cer\u012bba uz mier\u012bg\u0101ku un dro\u0161\u0101ku n\u0101kotni<\/p>\n<p>Neskatoties uz tra\u0123iskajiem notikumiem, Sidnejas sagaid\u012b\u0161anas pas\u0101kumi notika ar v\u0113rien\u012bgu sv\u0113tku ugu\u0146o\u0161anu, kas izgaismoja ostu un pils\u0113tas panor\u0101mu. \u0160is notikums simboliz\u0113ja ne tikai jauna gada s\u0101k\u0161anos, bet ar\u012b pils\u0113tas un valsts notur\u012bbu un v\u0113lmi raudz\u012bties n\u0101kotn\u0113 ar cer\u012bbu. Sidnejas m\u0113rs pirms pas\u0101kuma pauda cer\u012bbu, ka sv\u0113tku laiks sniegs iesp\u0113ju cilv\u0113kiem apvienoties un ar cer\u012bb\u0101m sagaid\u012bt mier\u012bgu un laim\u012bgu 2026. gadu. Austr\u0101lijas premjerministrs Entonijs Albaz\u012bns sav\u0101 Jaungada uzrun\u0101 atzina, ka prieku par jauno gadu aiz\u0113no s\u0101pes par zaud\u0113jumiem, tom\u0113r uzsv\u0113ra, ka sirdis s\u0101p par katru zaud\u0113to dz\u012bv\u012bbu un dz\u012bvi, kas uz visiem laikiem main\u012bjusies.<\/p>\n<p>Pieminot uzbrukuma deta\u013cas un sekas<\/p>\n<p>Tra\u0123iskais uzbrukums, kas notika Hanukas sv\u0113tku laik\u0101 Bondi pludmal\u0113, bija t\u012b\u0161s antisem\u012btisks akts, kas v\u0113rsts pret ebreju kopienu. Uzbrukumu veica t\u0113va un d\u0113la tand\u0113ms, kuri bija iedvesmoju\u0161ies no ekstr\u0113mistisk\u0101s ideolo\u0123ijas. \u0160\u012b uzbrukuma rezult\u0101t\u0101 tika nogalin\u0101ti 15 cilv\u0113ki, padarot to par vienu no n\u0101v\u0113jo\u0161\u0101kaj\u0101m bru\u0146otaj\u0101m ap\u0161aud\u0113m Austr\u0101lij\u0101 p\u0113d\u0113jo tr\u012bsdesmit gadu laik\u0101. Lai nov\u0113rstu l\u012bdz\u012bgus incidentus n\u0101kotn\u0113, Austr\u0101lija pl\u0101no ieviest stingr\u0101kus iero\u010du aprites noteikumus, tostarp ierobe\u017eot vienai personai piedero\u0161o iero\u010du skaitu un \u012bstenot valsts m\u0113roga programmu iero\u010du izpirk\u0161anai, lai no iel\u0101m atsavin\u0101tu simtiem t\u016bksto\u0161u \u0161aujamiero\u010du.<\/p>\n","protected":false},"excerpt":{"rendered":"Sidneja piemin upurus pirms jaun\u0101 gada Stundu pirms pusnakts Sidneja uz mirkli apklusa, lai godin\u0101tu Bondi pludmales terorakta&hellip;\n","protected":false},"author":2,"featured_media":93186,"comment_status":"","ping_status":"","sticky":false,"template":"","format":"standard","meta":{"footnotes":""},"categories":[14],"tags":[12118,23,57,502,23361,28,29,32,33,22,16276,30,31,35,39,38,36,37,34,40,20,26,27,20720,24,25,54,55,56,21,58],"class_list":{"0":"post-93185","1":"post","2":"type-post","3":"status-publish","4":"format-standard","5":"has-post-thumbnail","7":"category-zinas-no-arvalstim","8":"tag-2026-gads","9":"tag-aktualitates","10":"tag-arvalstim","11":"tag-australija","12":"tag-bondi-terorakts","13":"tag-breaking-news","14":"tag-breakingnews","15":"tag-featured-news","16":"tag-featurednews","17":"tag-headlines","18":"tag-jaungada-sagaidisana","19":"tag-latest-news","20":"tag-latestnews","21":"tag-latvia","22":"tag-latvian","23":"tag-latviesu","24":"tag-latviesu-valoda","25":"tag-latviesuvaloda","26":"tag-latvija","27":"tag-lv","28":"tag-news","29":"tag-popularakas-zinas","30":"tag-popularakaszinas","31":"tag-sidneja","32":"tag-top-stories","33":"tag-topstories","34":"tag-world","35":"tag-world-news","36":"tag-worldnews","37":"tag-zinas","38":"tag-zinas-no-arvalstim"},"share_on_mastodon":{"url":"https:\/\/pubeurope.com\/@lv\/115830086294838822","error":""},"_links":{"self":[{"href":"https:\/\/www.europesays.com\/lv\/wp-json\/wp\/v2\/posts\/93185","targetHints":{"allow":["GET"]}}],"collection":[{"href":"https:\/\/www.europesays.com\/lv\/wp-json\/wp\/v2\/posts"}],"about":[{"href":"https:\/\/www.europesays.com\/lv\/wp-json\/wp\/v2\/types\/post"}],"author":[{"embeddable":true,"href":"https:\/\/www.europesays.com\/lv\/wp-json\/wp\/v2\/users\/2"}],"replies":[{"embeddable":true,"href":"https:\/\/www.europesays.com\/lv\/wp-json\/wp\/v2\/comments?post=93185"}],"version-history":[{"count":0,"href":"https:\/\/www.europesays.com\/lv\/wp-json\/wp\/v2\/posts\/93185\/revisions"}],"wp:featuredmedia":[{"embeddable":true,"href":"https:\/\/www.europesays.com\/lv\/wp-json\/wp\/v2\/media\/93186"}],"wp:attachment":[{"href":"https:\/\/www.europesays.com\/lv\/wp-json\/wp\/v2\/media?parent=93185"}],"wp:term":[{"taxonomy":"category","embeddable":true,"href":"https:\/\/www.europesays.com\/lv\/wp-json\/wp\/v2\/categories?post=93185"},{"taxonomy":"post_tag","embeddable":true,"href":"https:\/\/www.europesays.com\/lv\/wp-json\/wp\/v2\/tags?post=93185"}],"curies":[{"name":"wp","href":"https:\/\/api.w.org\/{rel}","templated":true}]}}