{"id":9319,"date":"2025-10-01T05:01:08","date_gmt":"2025-10-01T05:01:08","guid":{"rendered":"https:\/\/www.europesays.com\/lv\/9319\/"},"modified":"2025-10-01T05:01:08","modified_gmt":"2025-10-01T05:01:08","slug":"asv-valdibai-draud-darba-apturesana","status":"publish","type":"post","link":"https:\/\/www.europesays.com\/lv\/9319\/","title":{"rendered":"ASV vald\u012bbai draud darba aptur\u0113\u0161ana"},"content":{"rendered":"<p>Par likumprojektu balsoja 55 senatori, bet 45 to noraid\u012bja, t\u0101d\u0113j\u0101di netika nodro\u0161in\u0101tas vismaz 60 balsis, kas bija nepiecie\u0161amas, lai p\u0101rvar\u0113tu demokr\u0101tu novilcin\u0101\u0161anas taktiku.<\/p>\n<p>Demokr\u0101ti piedraud\u0113ju\u0161i aptur\u0113t prezidenta Donalda Trampa administr\u0101cijas darbu, ja republik\u0101\u0146i nepiek\u0101psies vi\u0146u pras\u012bb\u0101m pie\u0161\u0137irt liel\u0101ku finans\u0113jumu vesel\u012bbas apr\u016bpei.<\/p>\n<blockquote class=\"quote ck-widget\" contenteditable=\"false\">\n<p>P\u0113c otrdienas balsojuma ir arvien maz\u0101k izred\u017eu, ka b\u016btu iesp\u0113jams pan\u0101kt abu partiju vieno\u0161anos l\u012bdz tre\u0161dienai plkst.12.01, kad izbeigsies l\u012bdz\u0161in\u0113jais valsts iest\u0101\u017eu finans\u0113jums.<\/p>\n<\/blockquote>\n<p>Neskatoties uz vald\u012bbas darba aptur\u0113\u0161anu, atsevi\u0161\u0137u vald\u012bbas iest\u0101\u017eu funkciju izpilde turpin\u0101sies. Darbu, piem\u0113ram, turpin\u0101s ASV Nacion\u0101l\u0101s Aeronautikas un kosmosa p\u0101rvaldes (NASA) kosmosa misijas, turpin\u0101sies neleg\u0101l\u0101s imigr\u0101cijas apkaro\u0161ana, k\u0101 ar\u012b P\u0101rtikas un z\u0101\u013cu administr\u0101cijas un Lauksaimniec\u012bbas ministrijas zin\u0101mu funkciju izpilde.<\/p>\n<p>Tikm\u0113r Balt\u0101 nama Bud\u017eeta vad\u012bbas birojs (OMB) jau otrdien aicin\u0101ja valsts iest\u0101des gatavoties darba aptur\u0113\u0161anai, un OMB vad\u012bt\u0101js Rasels Vouts aps\u016bdz\u0113ja demokr\u0101tus &#8220;nepr\u0101t\u012bgu politisku pras\u012bbu&#8221; izvirz\u012b\u0161an\u0101.<\/p>\n<p>Iepriek\u0161\u0113jo reizi vald\u012bbas darbs tika aptur\u0113ts Trampa pirm\u0101s prezident\u016bras laik\u0101 2018.gad\u0101, un tas tika ats\u0101kts tikai p\u0113c 35 dien\u0101m.<\/p>\n","protected":false},"excerpt":{"rendered":"Par likumprojektu balsoja 55 senatori, bet 45 to noraid\u012bja, t\u0101d\u0113j\u0101di netika nodro\u0161in\u0101tas vismaz 60 balsis, kas bija nepiecie\u0161amas,&hellip;\n","protected":false},"author":2,"featured_media":9320,"comment_status":"","ping_status":"","sticky":false,"template":"","format":"standard","meta":{"footnotes":""},"categories":[5],"tags":[23,28,29,542,32,33,22,30,31,35,39,38,36,37,34,40,20,26,27,24,25,21],"class_list":{"0":"post-9319","1":"post","2":"type-post","3":"status-publish","4":"format-standard","5":"has-post-thumbnail","7":"category-aktualitates","8":"tag-aktualitates","9":"tag-breaking-news","10":"tag-breakingnews","11":"tag-donalds-tramps","12":"tag-featured-news","13":"tag-featurednews","14":"tag-headlines","15":"tag-latest-news","16":"tag-latestnews","17":"tag-latvia","18":"tag-latvian","19":"tag-latviesu","20":"tag-latviesu-valoda","21":"tag-latviesuvaloda","22":"tag-latvija","23":"tag-lv","24":"tag-news","25":"tag-popularakas-zinas","26":"tag-popularakaszinas","27":"tag-top-stories","28":"tag-topstories","29":"tag-zinas"},"share_on_mastodon":{"url":"","error":""},"_links":{"self":[{"href":"https:\/\/www.europesays.com\/lv\/wp-json\/wp\/v2\/posts\/9319","targetHints":{"allow":["GET"]}}],"collection":[{"href":"https:\/\/www.europesays.com\/lv\/wp-json\/wp\/v2\/posts"}],"about":[{"href":"https:\/\/www.europesays.com\/lv\/wp-json\/wp\/v2\/types\/post"}],"author":[{"embeddable":true,"href":"https:\/\/www.europesays.com\/lv\/wp-json\/wp\/v2\/users\/2"}],"replies":[{"embeddable":true,"href":"https:\/\/www.europesays.com\/lv\/wp-json\/wp\/v2\/comments?post=9319"}],"version-history":[{"count":0,"href":"https:\/\/www.europesays.com\/lv\/wp-json\/wp\/v2\/posts\/9319\/revisions"}],"wp:featuredmedia":[{"embeddable":true,"href":"https:\/\/www.europesays.com\/lv\/wp-json\/wp\/v2\/media\/9320"}],"wp:attachment":[{"href":"https:\/\/www.europesays.com\/lv\/wp-json\/wp\/v2\/media?parent=9319"}],"wp:term":[{"taxonomy":"category","embeddable":true,"href":"https:\/\/www.europesays.com\/lv\/wp-json\/wp\/v2\/categories?post=9319"},{"taxonomy":"post_tag","embeddable":true,"href":"https:\/\/www.europesays.com\/lv\/wp-json\/wp\/v2\/tags?post=9319"}],"curies":[{"name":"wp","href":"https:\/\/api.w.org\/{rel}","templated":true}]}}