{"id":93216,"date":"2026-01-03T08:36:03","date_gmt":"2026-01-03T08:36:03","guid":{"rendered":"https:\/\/www.europesays.com\/lv\/93216\/"},"modified":"2026-01-03T08:36:03","modified_gmt":"2026-01-03T08:36:03","slug":"latvijas-kamaninu-sportisti-uzsak-pasaules-kausa-posmu-sigulda","status":"publish","type":"post","link":"https:\/\/www.europesays.com\/lv\/93216\/","title":{"rendered":"Latvijas kamani\u0146u sportisti uzs\u0101k Pasaules kausa posmu Siguld\u0101"},"content":{"rendered":"<p>Sievietes vieniniekos pirmo braucienu aizvad\u012bs plkst. 9.30, bet v\u012brie\u0161i &#8211; plkst. 11.05, otros braucienus aizvadot sv\u0113tdien. Plkst. 12.25 un plkst. 14.10 notiks braucieni sievie\u0161u divnieku ekip\u0101\u017e\u0101m, bet plkst. 13. un plkst. 14.45 &#8211; start\u0113s v\u012brie\u0161u divnieki. Pasaules kausa sacens\u012bbas kamani\u0146u sport\u0101 tie\u0161raid\u0113 transl\u0113 telev\u012bzijas kan\u0101ls TV6.<\/p>\n<p>Sievie\u0161u vieninieku sacens\u012bb\u0101s Latviju p\u0101rst\u0101v\u0113s Zane Kaluma, Margita Sirsni\u0146a, El\u012bna Ieva Bota un Kendija Aparjode, bet v\u012brie\u0161u vieninieku sacens\u012bb\u0101s starts paredz\u0113ts Kasparam Rinkam, Gintam B\u0113rzi\u0146am un Kristeram Aparjodam.<\/p>\n<p>Divnieku sacens\u012bb\u0101s sievie\u0161u konkurenc\u0113 start\u0113s tr\u012bs Latvijas ekip\u0101\u017eas &#8211; Amanda Ogorod\u0146ikova\/Sel\u012bna Zvilna, Marta Robe\u017eniece\/Kitija Bogdanova un Anda Up\u012bte\/Madara Pavlova, bet v\u012brie\u0161u konkurenc\u0113 sacent\u012bsies Eduards \u0160evics-Mike\u013c\u0161evics\/L\u016bkass Krasts, M\u0101rti\u0146\u0161 Bots\/Roberts Pl\u016bme un Edvards Marts Markit\u0101ns\/Roberts Lazd\u0101ns.<\/p>\n<p>Sv\u0113tdien otros braucienus vieniniekos aizvad\u012bs sievietes un v\u012brie\u0161i, bet nosl\u0113gum\u0101 paredz\u0113ta komandu stafete.<\/p>\n<p>PK \u0161osezon ir devi\u0146i posmi, un p\u0113c pirmajiem trim posmiem lab\u0101kais no latvie\u0161iem v\u012brie\u0161u konkurenc\u0113 ir Kristers Aparjods, kur\u0161 kopv\u0113rt\u0113jum\u0101 ie\u0146em sesto vietu. Gints B\u0113rzi\u0146\u0161 atrodas dal\u012bt\u0101 astotaj\u0101 poz\u012bcij\u0101, bet Kaspars Rinks ir 22. viet\u0101. Sievie\u0161u vieniniekos no latviet\u0113m visaugst\u0101k ir El\u012bna Ieva Bota, kura ir 11. poz\u012bcij\u0101, bet ail\u012bti zem\u0101k ir Kendija Aparjode, kam\u0113r Zane Kaluma atrodas 18. viet\u0101, bet Margita Sirsni\u0146a ie\u0146em 27. poz\u012bciju.<\/p>\n<p>Ekip\u0101\u017e\u0101m v\u012brie\u0161u konkurenc\u0113 M\u0101rti\u0146\u0161 Bots\/Roberts Pl\u016bme kopv\u0113rt\u0113jum\u0101 \u0161obr\u012bd ir tre\u0161ie, Eduards \u0160evics-Mike\u013c\u0161evics\/L\u016bkass Krasts nosl\u0113dz lab\u0101ko desmitnieku, bet Raimonds Baltgalvis\/Uldis Jakseboga atrodas 23. poz\u012bcij\u0101. D\u0101mu divniekos Anda Up\u012bte\/Madara Pavlova ir piekt\u0101s, bet Marta Robe\u017eniece\/Kitija Bogdanova ie\u0146em 13. vietu.<\/p>\n<p>PK piektais posms janv\u0101r\u012b notiks Vinterberg\u0101, kad nosl\u0113gsies olimpisk\u0101 kvalifik\u0101cija, bet pirmaj\u0101 no diviem posmiem v\u0113l vien\u0101 V\u0101cijas tras\u0113 Oberhof\u0101 tiks dal\u012btas ar\u012b Eiropas \u010dempion\u0101ta meda\u013cas, febru\u0101ra s\u0101kum\u0101 sportistiem sacen\u0161oties Mil\u0101nas-Kort\u012bnas d\u2019Ampeco olimpiskaj\u0101s sp\u0113l\u0113s.<\/p>\n","protected":false},"excerpt":{"rendered":"Sievietes vieniniekos pirmo braucienu aizvad\u012bs plkst. 9.30, bet v\u012brie\u0161i &#8211; plkst. 11.05, otros braucienus aizvadot sv\u0113tdien. Plkst. 12.25&hellip;\n","protected":false},"author":2,"featured_media":85090,"comment_status":"","ping_status":"","sticky":false,"template":"","format":"standard","meta":{"footnotes":""},"categories":[5],"tags":[23,28,29,32,33,22,10482,30,31,35,39,38,36,37,34,40,20,26,27,24,25,21],"class_list":{"0":"post-93216","1":"post","2":"type-post","3":"status-publish","4":"format-standard","5":"has-post-thumbnail","7":"category-aktualitates","8":"tag-aktualitates","9":"tag-breaking-news","10":"tag-breakingnews","11":"tag-featured-news","12":"tag-featurednews","13":"tag-headlines","14":"tag-kamaninu-sports","15":"tag-latest-news","16":"tag-latestnews","17":"tag-latvia","18":"tag-latvian","19":"tag-latviesu","20":"tag-latviesu-valoda","21":"tag-latviesuvaloda","22":"tag-latvija","23":"tag-lv","24":"tag-news","25":"tag-popularakas-zinas","26":"tag-popularakaszinas","27":"tag-top-stories","28":"tag-topstories","29":"tag-zinas"},"share_on_mastodon":{"url":"https:\/\/pubeurope.com\/@lv\/115830258610967760","error":""},"_links":{"self":[{"href":"https:\/\/www.europesays.com\/lv\/wp-json\/wp\/v2\/posts\/93216","targetHints":{"allow":["GET"]}}],"collection":[{"href":"https:\/\/www.europesays.com\/lv\/wp-json\/wp\/v2\/posts"}],"about":[{"href":"https:\/\/www.europesays.com\/lv\/wp-json\/wp\/v2\/types\/post"}],"author":[{"embeddable":true,"href":"https:\/\/www.europesays.com\/lv\/wp-json\/wp\/v2\/users\/2"}],"replies":[{"embeddable":true,"href":"https:\/\/www.europesays.com\/lv\/wp-json\/wp\/v2\/comments?post=93216"}],"version-history":[{"count":0,"href":"https:\/\/www.europesays.com\/lv\/wp-json\/wp\/v2\/posts\/93216\/revisions"}],"wp:featuredmedia":[{"embeddable":true,"href":"https:\/\/www.europesays.com\/lv\/wp-json\/wp\/v2\/media\/85090"}],"wp:attachment":[{"href":"https:\/\/www.europesays.com\/lv\/wp-json\/wp\/v2\/media?parent=93216"}],"wp:term":[{"taxonomy":"category","embeddable":true,"href":"https:\/\/www.europesays.com\/lv\/wp-json\/wp\/v2\/categories?post=93216"},{"taxonomy":"post_tag","embeddable":true,"href":"https:\/\/www.europesays.com\/lv\/wp-json\/wp\/v2\/tags?post=93216"}],"curies":[{"name":"wp","href":"https:\/\/api.w.org\/{rel}","templated":true}]}}