{"id":93223,"date":"2026-01-03T08:42:10","date_gmt":"2026-01-03T08:42:10","guid":{"rendered":"https:\/\/www.europesays.com\/lv\/93223\/"},"modified":"2026-01-03T08:42:10","modified_gmt":"2026-01-03T08:42:10","slug":"likvidets-uznemums-ericsson-latvia","status":"publish","type":"post","link":"https:\/\/www.europesays.com\/lv\/93223\/","title":{"rendered":"Likvid\u0113ts uz\u0146\u0113mums &#8220;Ericsson Latvia&#8221;"},"content":{"rendered":"<p>L\u0113mums likvid\u0113t komp\u0101niju pie\u0146emts \u0161ogad 3. j\u016blij\u0101, bet likvid\u0101cijas process s\u0101kts 16. j\u016blij\u0101 un pabeigts 23. decembr\u012b.<\/p>\n<p>Uz\u0146\u0113muma 2024. gada p\u0101rskat\u0101 min\u0113ts, ka &#8220;Ericsson Latvia&#8221; ir main\u012bjusi savu biznesa modeli no pl\u016bsmas tirgus uz tie\u0161o tirgu. P\u0113c \u0161\u012b l\u0113muma pie\u0146em\u0161anas &#8220;Ericsson Latvia&#8221; vairs nav akt\u012bvas viet\u0113j\u0101s darb\u012bbas, un tas atst\u0101ja uz\u0146\u0113mumu bez ie\u0146\u0113mumu avota. Biznesa mode\u013ca mai\u0146as rezult\u0101t\u0101 &#8220;Ericsson Latvia&#8221; sa\u0146\u0113ma kompens\u0101ciju 87 000 eiro apm\u0113r\u0101, kas ir atspogu\u013cota pe\u013c\u0146as vai zaud\u0113jumu apr\u0113\u0137ina posten\u012b &#8220;P\u0101r\u0113jie saimniecisk\u0101s darb\u012bbas.<\/p>\n<p>T\u0101pat uz\u0146\u0113muma 2024. gada p\u0101rskat\u0101 teikts, ka nav pie\u0146emts form\u0101ls l\u0113mums par sabiedr\u012bbas likvid\u0101ciju, tom\u0113r, \u0146emot v\u0113r\u0101 biznesa mode\u013ca mai\u0146u un lielu varb\u016bt\u012bbu, ka \u0161\u0101ds l\u0113mums tiks pie\u0146emts un process, iesp\u0113jams, tiks pabeigts 12 m\u0113ne\u0161u laik\u0101 p\u0113c gada p\u0101rskata parakst\u012b\u0161anas.<\/p>\n<p>&#8220;Ericsson Latvia&#8221; p\u0113rn str\u0101d\u0101ja ar 139 445 eiro apgroz\u012bjumu, kas ir par 93,5% maz\u0101ks nek\u0101 gadu iepriek\u0161, bet uz\u0146\u0113muma pe\u013c\u0146a palielin\u0101j\u0101s par 23,3% un sasniedza 101 626 eiro. Uz\u0146\u0113mums re\u0123istr\u0113ts 1998. gad\u0101, un &#8220;Ericsson Latvia&#8221; vien\u012bgais \u012bpa\u0161nieks bija Zviedrijas &#8220;Telefonaktiebolaget L M Ericsson&#8221;.<\/p>\n","protected":false},"excerpt":{"rendered":"L\u0113mums likvid\u0113t komp\u0101niju pie\u0146emts \u0161ogad 3. j\u016blij\u0101, bet likvid\u0101cijas process s\u0101kts 16. j\u016blij\u0101 un pabeigts 23. decembr\u012b. Uz\u0146\u0113muma&hellip;\n","protected":false},"author":2,"featured_media":93224,"comment_status":"","ping_status":"","sticky":false,"template":"","format":"standard","meta":{"footnotes":""},"categories":[5],"tags":[23,28,29,32,33,22,30,31,35,39,38,36,37,34,40,20,26,27,3738,24,25,21],"class_list":{"0":"post-93223","1":"post","2":"type-post","3":"status-publish","4":"format-standard","5":"has-post-thumbnail","7":"category-aktualitates","8":"tag-aktualitates","9":"tag-breaking-news","10":"tag-breakingnews","11":"tag-featured-news","12":"tag-featurednews","13":"tag-headlines","14":"tag-latest-news","15":"tag-latestnews","16":"tag-latvia","17":"tag-latvian","18":"tag-latviesu","19":"tag-latviesu-valoda","20":"tag-latviesuvaloda","21":"tag-latvija","22":"tag-lv","23":"tag-news","24":"tag-popularakas-zinas","25":"tag-popularakaszinas","26":"tag-tehnologijas","27":"tag-top-stories","28":"tag-topstories","29":"tag-zinas"},"share_on_mastodon":{"url":"https:\/\/pubeurope.com\/@lv\/115830282170264845","error":""},"_links":{"self":[{"href":"https:\/\/www.europesays.com\/lv\/wp-json\/wp\/v2\/posts\/93223","targetHints":{"allow":["GET"]}}],"collection":[{"href":"https:\/\/www.europesays.com\/lv\/wp-json\/wp\/v2\/posts"}],"about":[{"href":"https:\/\/www.europesays.com\/lv\/wp-json\/wp\/v2\/types\/post"}],"author":[{"embeddable":true,"href":"https:\/\/www.europesays.com\/lv\/wp-json\/wp\/v2\/users\/2"}],"replies":[{"embeddable":true,"href":"https:\/\/www.europesays.com\/lv\/wp-json\/wp\/v2\/comments?post=93223"}],"version-history":[{"count":0,"href":"https:\/\/www.europesays.com\/lv\/wp-json\/wp\/v2\/posts\/93223\/revisions"}],"wp:featuredmedia":[{"embeddable":true,"href":"https:\/\/www.europesays.com\/lv\/wp-json\/wp\/v2\/media\/93224"}],"wp:attachment":[{"href":"https:\/\/www.europesays.com\/lv\/wp-json\/wp\/v2\/media?parent=93223"}],"wp:term":[{"taxonomy":"category","embeddable":true,"href":"https:\/\/www.europesays.com\/lv\/wp-json\/wp\/v2\/categories?post=93223"},{"taxonomy":"post_tag","embeddable":true,"href":"https:\/\/www.europesays.com\/lv\/wp-json\/wp\/v2\/tags?post=93223"}],"curies":[{"name":"wp","href":"https:\/\/api.w.org\/{rel}","templated":true}]}}