{"id":93225,"date":"2026-01-03T08:47:36","date_gmt":"2026-01-03T08:47:36","guid":{"rendered":"https:\/\/www.europesays.com\/lv\/93225\/"},"modified":"2026-01-03T08:47:36","modified_gmt":"2026-01-03T08:47:36","slug":"airbaltic-sanem-jaunako-airbus-a220-300-lidmasinu-dienas-bizness","status":"publish","type":"post","link":"https:\/\/www.europesays.com\/lv\/93225\/","title":{"rendered":"airBaltic sa\u0146em jaun\u0101ko Airbus A220-300 lidma\u0161\u012bnu :: Dienas Bizness"},"content":{"rendered":"<p class=\"text-font font-size--text-xlarge margin-3--bottom font-weight--bold padding-1--top\">Latvijas nacion\u0101l\u0101 aviokomp\u0101nija &#8220;airBaltic&#8221; n\u0101kamaj\u0101 gad\u0101 turpin\u0101s iznom\u0101t lidma\u0161\u012bnas cit\u0101m aviokomp\u0101nij\u0101m, bet pagaid\u0101m nepl\u0101no nom\u0101t lidma\u0161\u012bnas, kas &#8220;airBaltic&#8221; viet\u0101 izpilda reisus, intervij\u0101 Latvijas Sabiedriskajam medijam (LSM) nor\u0101d\u012bjis komp\u0101nijas izpilddirektors Erno Hild\u0113ns.<\/p>\n<p class=\"text-font font-size--text-xlarge margin-3--bottom\">&#8220;M\u0113s turpin\u0101sim pa\u0161i iznom\u0101t savas lidma\u0161\u012bnas cit\u0101m aviokomp\u0101nij\u0101m, bet pa\u0161laik nepl\u0101nojam iznom\u0101t lidma\u0161\u012bnas, lai veiktu &#8220;airBaltic&#8221; reisus,&#8221; sac\u012bjis Hild\u0113ns.<\/p>\n<p class=\"text-font font-size--text-xlarge margin-3--bottom\">Vi\u0146\u0161 atz\u012bm\u0113jis, ka darb\u012bbas modelis, kad &#8220;airBaltic&#8221; iznom\u0101 da\u013cu savu lidma\u0161\u012bnu cit\u0101m aviokomp\u0101nij\u0101m, ir lab\u0101kais iesp\u0113jamais pozicion\u0113jums.<\/p>\n<p class=\"text-font font-size--text-xlarge margin-3--bottom\">&#8220;Pa\u0161laik mums ir 51 lidma\u0161\u012bna, un, raugoties uz n\u0101kam\u0101s vasaras sezonu, pl\u0101nots gandr\u012bz vien\u0101ds sadal\u012bjums starp regul\u0101rajiem reisiem un lidma\u0161\u012bnu nomas oper\u0101cij\u0101m, lidojot citu aviokomp\u0101niju uzdevum\u0101. Tas ir svar\u012bgi gan finan\u0161u stabilit\u0101tei, gan sezonalit\u0101tes ietekmes mazin\u0101\u0161anai, kas \u0161aj\u0101 Eiropas da\u013c\u0101 ir \u013coti izteikta,&#8221; skaidrojis Hild\u0113ns.<\/p>\n<p class=\"text-font font-size--text-xlarge margin-3--bottom\">&#8220;airBaltic&#8221; \u0161obr\u012bd izmanto tikai &#8220;Airbus A220-300&#8221; lidma\u0161\u012bnas un, p\u0113c Hild\u0113na teikt\u0101, pagaid\u0101m aviokomp\u0101nijas flot\u0113 nav pl\u0101nots ieviest v\u0113l k\u0101da cita tipa vai modifik\u0101cijas lidma\u0161\u012bnas, jo, izmantojot viena tipa lidma\u0161\u012bnu floti, ir daudz priek\u0161roc\u012bbu, piem\u0113ram, izmaksu samazin\u0101\u0161ana un vienk\u0101r\u0161ota uztur\u0113\u0161ana.<\/p>\n","protected":false},"excerpt":{"rendered":"Latvijas nacion\u0101l\u0101 aviokomp\u0101nija &#8220;airBaltic&#8221; n\u0101kamaj\u0101 gad\u0101 turpin\u0101s iznom\u0101t lidma\u0161\u012bnas cit\u0101m aviokomp\u0101nij\u0101m, bet pagaid\u0101m nepl\u0101no nom\u0101t lidma\u0161\u012bnas, kas &#8220;airBaltic&#8221;&hellip;\n","protected":false},"author":2,"featured_media":93226,"comment_status":"","ping_status":"","sticky":false,"template":"","format":"standard","meta":{"footnotes":""},"categories":[12],"tags":[23,869,77,870,28,29,867,32,33,22,30,31,35,39,38,36,37,34,871,868,40,20,26,27,24,25,21],"class_list":{"0":"post-93225","1":"post","2":"type-post","3":"status-publish","4":"format-standard","5":"has-post-thumbnail","7":"category-latvija","8":"tag-aktualitates","9":"tag-biznesa-zinas","10":"tag-bizness","11":"tag-bizness-latvija","12":"tag-breaking-news","13":"tag-breakingnews","14":"tag-dienas-zinas","15":"tag-featured-news","16":"tag-featurednews","17":"tag-headlines","18":"tag-latest-news","19":"tag-latestnews","20":"tag-latvia","21":"tag-latvian","22":"tag-latviesu","23":"tag-latviesu-valoda","24":"tag-latviesuvaloda","25":"tag-latvija","26":"tag-latvijas-biznesa-zinas","27":"tag-latvijas-zinas","28":"tag-lv","29":"tag-news","30":"tag-popularakas-zinas","31":"tag-popularakaszinas","32":"tag-top-stories","33":"tag-topstories","34":"tag-zinas"},"share_on_mastodon":{"url":"https:\/\/pubeurope.com\/@lv\/115830301898307655","error":""},"_links":{"self":[{"href":"https:\/\/www.europesays.com\/lv\/wp-json\/wp\/v2\/posts\/93225","targetHints":{"allow":["GET"]}}],"collection":[{"href":"https:\/\/www.europesays.com\/lv\/wp-json\/wp\/v2\/posts"}],"about":[{"href":"https:\/\/www.europesays.com\/lv\/wp-json\/wp\/v2\/types\/post"}],"author":[{"embeddable":true,"href":"https:\/\/www.europesays.com\/lv\/wp-json\/wp\/v2\/users\/2"}],"replies":[{"embeddable":true,"href":"https:\/\/www.europesays.com\/lv\/wp-json\/wp\/v2\/comments?post=93225"}],"version-history":[{"count":0,"href":"https:\/\/www.europesays.com\/lv\/wp-json\/wp\/v2\/posts\/93225\/revisions"}],"wp:featuredmedia":[{"embeddable":true,"href":"https:\/\/www.europesays.com\/lv\/wp-json\/wp\/v2\/media\/93226"}],"wp:attachment":[{"href":"https:\/\/www.europesays.com\/lv\/wp-json\/wp\/v2\/media?parent=93225"}],"wp:term":[{"taxonomy":"category","embeddable":true,"href":"https:\/\/www.europesays.com\/lv\/wp-json\/wp\/v2\/categories?post=93225"},{"taxonomy":"post_tag","embeddable":true,"href":"https:\/\/www.europesays.com\/lv\/wp-json\/wp\/v2\/tags?post=93225"}],"curies":[{"name":"wp","href":"https:\/\/api.w.org\/{rel}","templated":true}]}}