{"id":93227,"date":"2026-01-03T08:48:09","date_gmt":"2026-01-03T08:48:09","guid":{"rendered":"https:\/\/www.europesays.com\/lv\/93227\/"},"modified":"2026-01-03T08:48:09","modified_gmt":"2026-01-03T08:48:09","slug":"sniegs-un-apledojums-daudzviet-apgrutina-brauksanu-tvnet-2","status":"publish","type":"post","link":"https:\/\/www.europesays.com\/lv\/93227\/","title":{"rendered":"Sniegs un apledojums daudzviet apgr\u016btina brauk\u0161anu &#8211; TVNET"},"content":{"rendered":"<ol>\n<li><a href=\"https:\/\/news.google.com\/rss\/articles\/CBMihgFBVV95cUxPMzF4Zl9nT2F5eUYxOHdqVXhnbGQ2amNtWE45VW5ScDlUTjBvVUJFaHZpVU9Rb2xiSVFwa0tMa0UwSzF2M0pMcktlWjJMcGk1NFktZDJPaU5kUy1sRU5laWNMLUJjbzhocW9PQjBzbDRXWVhWeGNGWDd6OXBOT3pRbWc3d29ndw?oc=5\" target=\"_blank\" rel=\"nofollow noopener\">Sniegs un apledojums daudzviet apgr\u016btina brauk\u0161anu<\/a>&nbsp;&nbsp;TVNET<\/li>\n<li><a href=\"https:\/\/news.google.com\/rss\/articles\/CBMi1gFBVV95cUxOMzNVd0hGN1lIZ3Z1QmJ1bWNmOUJuSzgwaUl5dGlJWHdJS25BMDdrNVpOY2EtejdTV05nOVE0RF9mVGNGVUhFWEYzUF9EZDZiRDBXcHJ3MlkwUU9PczNPSkRGcXRsVF82TkZ5WlBFMkx5VGY1aTVuTllBUXI4a0lEai02REJJNWhBdVR2ZjBrczJ0d2xKMXc5NDVxUDJLaU9QY1AwYjgtRlJKOHlkZDVYSjJwZngxbGJpblhIWGFCVDN3ZEJUSWNVd0NHdHNTY1Z4OGc5OUxn?oc=5\" target=\"_blank\" rel=\"nofollow noopener\">Sniegs un apledojums daudzviet apgr\u016btina brauk\u0161anu pa valsts galvenajiem ce\u013ciem \/ Raksts<\/a>&nbsp;&nbsp;LSM<\/li>\n<li><a href=\"https:\/\/news.google.com\/rss\/articles\/CBMixgFBVV95cUxPbHVOZzgyWG40U2N6LUhNVVpKODBmTHNsM2ZRNGZpbzZlREdMMzN2OHQ2NDZDaWN6V01ZSWNqUC1XWlBST2s4bVRZZ3dNQS1wNHBKdThESDZqb1U1X3IxcUlVTkRJZy05eTBnZGZGdEVnVndEWFNIVDMwUGhQSk1WU1VXYUYzMFNxZkg1WkxLTTYxWkpzSFg1T29WR1ZpRHRnVnhNeEtpNDZOS3VselFSQXFRWXFyQ255M3ZIZ2FWenZvdkZJUnc?oc=5\" target=\"_blank\" rel=\"nofollow noopener\">Apgr\u016btin\u0101ti brauk\u0161anas apst\u0101k\u013ci un dz\u0113r\u0101j\u0161oferi \u2013 uz Latvijas ce\u013ciem aizvad\u012bt\u0101 diennakts bijusi pavisam nedro\u0161a<\/a>&nbsp;&nbsp;LA.LV<\/li>\n<li><a href=\"https:\/\/news.google.com\/rss\/articles\/CBMizAFBVV95cUxQS1I3NlhSZTZGalpyZC14XzktWU1vX0U3VjlrVWVUYlktUml6MG52N0hJczNtNVI4TV9JMEJZZWQ0QTlNTW9GR2Y2RzQxTDM5Y3ptSWNNQi1WNnhxdnpmN19DdnAtcHJTZGFNeVgtZUpLemZNME0zRFFsR2kxRlVhblgxWFF4MFl2U3JrODJCN2R1anNwRDVuN1pHSTNYUWN3RjRDQmg0cTE2VVdCNUoyQk1FczVRWnN2b3k5Vmx1MExqVGVOTlRFd1ZJbmw?oc=5\" target=\"_blank\" rel=\"nofollow noopener\">Br\u012bdina par apgr\u016btin\u0101tu brauk\u0161anu vis\u0101 Latvij\u0101; sniegpute\u0146a d\u0113\u013c \u012bpa\u0161i j\u0101uzman\u0101s Madonas apk\u0101rtn\u0113<\/a>&nbsp;&nbsp;Jauns.lv<\/li>\n<li><a href=\"https:\/\/news.google.com\/rss\/articles\/CBMivgFBVV95cUxNTXRXb2tfY2dFYndsU1hlVDRxVWRRbFhuSkNRako0b3U0ZGtXWjJWeEgzbTh4NjQ0VzJLdTlyc0RVbWJBQkZJVTFzR0pWYmRTUVJsWU14LTNRUmNOc2xmR1Q2WFZKQUJPVXB6WFBicE5YVUZBSkdBbDJWQ1l6QW44X2F5X3B4UENVT0c0NFM4a0J2cFJXS09OVW5iQzVnZUtIQlhGRjFEMTYyZUJmRnZreEJHYnNpWDZVYmlaS2FB?oc=5\" target=\"_blank\" rel=\"nofollow noopener\">Sniega d\u0113\u013c piektdienas r\u012bt\u0101 daudzviet Latvij\u0101 apgr\u016btin\u0101ti brauk\u0161anas apst\u0101k\u013ci<\/a>&nbsp;&nbsp;Delfi<\/li>\n<\/ol>\n","protected":false},"excerpt":{"rendered":"Sniegs un apledojums daudzviet apgr\u016btina brauk\u0161anu&nbsp;&nbsp;TVNET Sniegs un apledojums daudzviet apgr\u016btina brauk\u0161anu pa valsts galvenajiem ce\u013ciem \/ Raksts&nbsp;&nbsp;LSM&hellip;\n","protected":false},"author":2,"featured_media":93228,"comment_status":"","ping_status":"","sticky":false,"template":"","format":"standard","meta":{"footnotes":""},"categories":[5],"tags":[23,14937,28,29,32,33,22,30,31,35,39,38,36,37,34,40,20,26,27,24,25,21],"class_list":{"0":"post-93227","1":"post","2":"type-post","3":"status-publish","4":"format-standard","5":"has-post-thumbnail","7":"category-aktualitates","8":"tag-aktualitates","9":"tag-apledojums","10":"tag-breaking-news","11":"tag-breakingnews","12":"tag-featured-news","13":"tag-featurednews","14":"tag-headlines","15":"tag-latest-news","16":"tag-latestnews","17":"tag-latvia","18":"tag-latvian","19":"tag-latviesu","20":"tag-latviesu-valoda","21":"tag-latviesuvaloda","22":"tag-latvija","23":"tag-lv","24":"tag-news","25":"tag-popularakas-zinas","26":"tag-popularakaszinas","27":"tag-top-stories","28":"tag-topstories","29":"tag-zinas"},"share_on_mastodon":{"url":"https:\/\/pubeurope.com\/@lv\/115830305726823310","error":""},"_links":{"self":[{"href":"https:\/\/www.europesays.com\/lv\/wp-json\/wp\/v2\/posts\/93227","targetHints":{"allow":["GET"]}}],"collection":[{"href":"https:\/\/www.europesays.com\/lv\/wp-json\/wp\/v2\/posts"}],"about":[{"href":"https:\/\/www.europesays.com\/lv\/wp-json\/wp\/v2\/types\/post"}],"author":[{"embeddable":true,"href":"https:\/\/www.europesays.com\/lv\/wp-json\/wp\/v2\/users\/2"}],"replies":[{"embeddable":true,"href":"https:\/\/www.europesays.com\/lv\/wp-json\/wp\/v2\/comments?post=93227"}],"version-history":[{"count":0,"href":"https:\/\/www.europesays.com\/lv\/wp-json\/wp\/v2\/posts\/93227\/revisions"}],"wp:featuredmedia":[{"embeddable":true,"href":"https:\/\/www.europesays.com\/lv\/wp-json\/wp\/v2\/media\/93228"}],"wp:attachment":[{"href":"https:\/\/www.europesays.com\/lv\/wp-json\/wp\/v2\/media?parent=93227"}],"wp:term":[{"taxonomy":"category","embeddable":true,"href":"https:\/\/www.europesays.com\/lv\/wp-json\/wp\/v2\/categories?post=93227"},{"taxonomy":"post_tag","embeddable":true,"href":"https:\/\/www.europesays.com\/lv\/wp-json\/wp\/v2\/tags?post=93227"}],"curies":[{"name":"wp","href":"https:\/\/api.w.org\/{rel}","templated":true}]}}