{"id":93233,"date":"2026-01-03T08:54:12","date_gmt":"2026-01-03T08:54:12","guid":{"rendered":"https:\/\/www.europesays.com\/lv\/93233\/"},"modified":"2026-01-03T08:54:12","modified_gmt":"2026-01-03T08:54:12","slug":"rigas-domes-komiteja-lems-par-turpmako-ricibu","status":"publish","type":"post","link":"https:\/\/www.europesays.com\/lv\/93233\/","title":{"rendered":"R\u012bgas domes komiteja lems par turpm\u0101ko r\u012bc\u012bbu"},"content":{"rendered":"<p>Kop\u0101 23 \u0113kas iedz\u012bvot\u0101ji izmantoja pa\u0161vald\u012bbas pied\u0101v\u0101to pagaidu izmitin\u0101\u0161anu viesn\u012bc\u0101.<\/p>\n<p>Vair\u0101ki m\u0101jdz\u012bvnieki, kurus iedz\u012bvot\u0101ji izveda \u0101r\u0101, nog\u0101d\u0101ti dz\u012bvnieku patversm\u0113s.<\/p>\n<p>\u0112ku apsaimnieko SIA &#8220;Latvijas Namsaimnieks&#8221;, taj\u0101 ir 74 dz\u012bvok\u013ci, no kuriem \u010detri pieder pa\u0161vald\u012bbai. P\u0113c pagaid\u0101m ofici\u0101li neapstiprin\u0101tas inform\u0101cijas spr\u0101dziens noticis neleg\u0101la g\u0101zes piesl\u0113guma d\u0113\u013c pa\u0161vald\u012bbai piedero\u0161\u0101 dz\u012bvokl\u012b.<\/p>\n<p>Ja \u0113ka p\u0113c ugunsgr\u0113ka vai citas nelaimes nav izmantojama, dz\u012bvok\u013cu \u012bpa\u0161niekiem R\u012bgas pa\u0161vald\u012bba pied\u0101v\u0101 sa\u0146emt gan soci\u0101lo pal\u012bdz\u012bbu, gan iesp\u0113ju apmesties pagaidu izmitin\u0101\u0161anas viet\u0101.<\/p>\n<p>Evaku\u0113tajiem iedz\u012bvot\u0101jiem ir ties\u012bbas pa\u0161vald\u012bb\u0101 sa\u0146emt kr\u012bzes pabalstu, kuru var piepras\u012bt divu m\u0113ne\u0161u laik\u0101 no kr\u012bzes situ\u0101cijas ra\u0161an\u0101s dienas.<\/p>\n<p>T\u0101pat iedz\u012bvot\u0101ji aicin\u0101ti v\u0113rsties Soci\u0101laj\u0101 dienest\u0101, ja nepiecie\u0161ama k\u0101da cita pal\u012bdz\u012bba, piem\u0113ram, ap\u0123\u0113rbs, p\u0101rtikas pakas, dokumentu atjauno\u0161ana vai v\u0113l k\u0101ds cits soci\u0101lais atbalsts.<\/p>\n","protected":false},"excerpt":{"rendered":"Kop\u0101 23 \u0113kas iedz\u012bvot\u0101ji izmantoja pa\u0161vald\u012bbas pied\u0101v\u0101to pagaidu izmitin\u0101\u0161anu viesn\u012bc\u0101. Vair\u0101ki m\u0101jdz\u012bvnieki, kurus iedz\u012bvot\u0101ji izveda \u0101r\u0101, nog\u0101d\u0101ti dz\u012bvnieku&hellip;\n","protected":false},"author":2,"featured_media":93234,"comment_status":"","ping_status":"","sticky":false,"template":"","format":"standard","meta":{"footnotes":""},"categories":[5],"tags":[23,28,29,32,33,22,30,31,35,39,38,36,37,34,40,20,26,27,687,24,25,21],"class_list":{"0":"post-93233","1":"post","2":"type-post","3":"status-publish","4":"format-standard","5":"has-post-thumbnail","7":"category-aktualitates","8":"tag-aktualitates","9":"tag-breaking-news","10":"tag-breakingnews","11":"tag-featured-news","12":"tag-featurednews","13":"tag-headlines","14":"tag-latest-news","15":"tag-latestnews","16":"tag-latvia","17":"tag-latvian","18":"tag-latviesu","19":"tag-latviesu-valoda","20":"tag-latviesuvaloda","21":"tag-latvija","22":"tag-lv","23":"tag-news","24":"tag-popularakas-zinas","25":"tag-popularakaszinas","26":"tag-rigas-dome","27":"tag-top-stories","28":"tag-topstories","29":"tag-zinas"},"share_on_mastodon":{"url":"https:\/\/pubeurope.com\/@lv\/115830329408162908","error":""},"_links":{"self":[{"href":"https:\/\/www.europesays.com\/lv\/wp-json\/wp\/v2\/posts\/93233","targetHints":{"allow":["GET"]}}],"collection":[{"href":"https:\/\/www.europesays.com\/lv\/wp-json\/wp\/v2\/posts"}],"about":[{"href":"https:\/\/www.europesays.com\/lv\/wp-json\/wp\/v2\/types\/post"}],"author":[{"embeddable":true,"href":"https:\/\/www.europesays.com\/lv\/wp-json\/wp\/v2\/users\/2"}],"replies":[{"embeddable":true,"href":"https:\/\/www.europesays.com\/lv\/wp-json\/wp\/v2\/comments?post=93233"}],"version-history":[{"count":0,"href":"https:\/\/www.europesays.com\/lv\/wp-json\/wp\/v2\/posts\/93233\/revisions"}],"wp:featuredmedia":[{"embeddable":true,"href":"https:\/\/www.europesays.com\/lv\/wp-json\/wp\/v2\/media\/93234"}],"wp:attachment":[{"href":"https:\/\/www.europesays.com\/lv\/wp-json\/wp\/v2\/media?parent=93233"}],"wp:term":[{"taxonomy":"category","embeddable":true,"href":"https:\/\/www.europesays.com\/lv\/wp-json\/wp\/v2\/categories?post=93233"},{"taxonomy":"post_tag","embeddable":true,"href":"https:\/\/www.europesays.com\/lv\/wp-json\/wp\/v2\/tags?post=93233"}],"curies":[{"name":"wp","href":"https:\/\/api.w.org\/{rel}","templated":true}]}}