{"id":93235,"date":"2026-01-03T08:55:06","date_gmt":"2026-01-03T08:55:06","guid":{"rendered":"https:\/\/www.europesays.com\/lv\/93235\/"},"modified":"2026-01-03T08:55:06","modified_gmt":"2026-01-03T08:55:06","slug":"grandiozs-patriotiskais-dejas-lieluzvedums-indulis-un-arija-dzirnam-40-riga-sanem-stavovacijas-lente-lv","status":"publish","type":"post","link":"https:\/\/www.europesays.com\/lv\/93235\/","title":{"rendered":"Grandiozs patriotiskais dejas lieluzvedums &#8220;Indulis un \u0100rija. Dzirn\u0101m 40&#8221; R\u012bg\u0101 sa\u0146em st\u0101vov\u0101cijas\u00a0\u2014\u00a0Lente.lv"},"content":{"rendered":"<p>Grandiozs patriotiskais dejas lieluzvedums R\u012bg\u0101 izpeln\u0101s skat\u012bt\u0101ju atzin\u012bbu<\/p>\n<p>L\u0101\u010dpl\u0113\u0161a dien\u0101, 11. novembr\u012b, R\u012bg\u0101, pilnaj\u0101 &#8220;Xiaomi Ar\u0113n\u0101&#8221;, norisin\u0101j\u0101s grandiozs patriotiskais dejas lieluzvedums &#8220;Indulis un \u0100rija. Dzirn\u0101m 40&#8221;. K\u0101 zi\u0146o Latvijas Av\u012bze, izr\u0101de tika izr\u0101d\u012bta divas reizes, un abi seansi nosl\u0113dz\u0101s ar skat\u012bt\u0101ju st\u0101vov\u0101cij\u0101m un sirsn\u012bgiem aplausiem. Pas\u0101kums godin\u0101ja divas noz\u012bm\u012bgas jubilejas \u2013 dzejnieka Rai\u0146a 160. dzim\u0161anas dienu un deju skolas &#8220;Dzirnas&#8221; 40. gadadienu. Pas\u0101kums apliecin\u0101ja m\u0101kslas sp\u0113ju vienot un iedvesmot.<\/p>\n<p>Rai\u0146a mantojums deju valod\u0101<\/p>\n<p>Jaunais iestud\u0113jums balst\u012bts uz Rai\u0146a romantisk\u0101s tra\u0123\u0113dijas &#8220;Indulis un \u0100rija&#8221; mot\u012bviem, pied\u0101v\u0101jot laikmet\u012bgu interpret\u0101ciju dejas valod\u0101. Horeogr\u0101fs Agris Da\u0146i\u013cevi\u010ds, kur\u0161 ir ar\u012b deju skolas &#8220;Dzirnas&#8221; dibin\u0101t\u0101js un vad\u012bt\u0101js, uzsv\u0113ris, ka izr\u0101de veidota, lai rosin\u0101tu skat\u012bt\u0101jus dom\u0101t un just, nevis sniegt gatavas atbildes, atspogu\u013cojot Rai\u0146a dai\u013cradei rakstur\u012bgo dzi\u013cumu. Izr\u0101de nav moraliz\u0113jo\u0161a, bet gan mudina skat\u012bt\u0101jus uz p\u0101rdom\u0101m un dzi\u013c\u0101k\u0101m izj\u016bt\u0101m, atspogu\u013cojot Rai\u0146a dai\u013cradei rakstur\u012bgo dzi\u013cumu. Ori\u0123in\u0101lm\u016bziku uzvedumam rad\u012bjis komponists Valters P\u016bce, un to dz\u012bvaj\u0101 izpild\u012bjis kameror\u0137estris &#8220;Sinfonietta R\u012bga&#8221; kop\u0101 ar jaunie\u0161u kori &#8220;Balsis&#8221;.<\/p>\n<p>Re\u017eisora redz\u0113jums un patriotiskais v\u0113st\u012bjums<\/p>\n<p>Re\u017eisors Intars Re\u0161etins-P\u0113tersons, kur\u0161 ir ar\u012b zemessargs, uzsv\u0113ris izr\u0101des aktualit\u0101ti m\u016bsdienu \u0123eopolitiskaj\u0101 situ\u0101cij\u0101, radot patriotisku st\u0101stu par n\u0101ciju, likteni un sen\u010diem. Vi\u0146\u0161 nor\u0101d\u012bjis, ka izr\u0101de ir iesp\u0113ja aizdom\u0101ties par identit\u0101ti un atbild\u012bbu \u0161odien, akcent\u0113jot nepiecie\u0161am\u012bbu b\u016bt salied\u0113tiem un raudz\u012bties gai\u0161\u0101 n\u0101kotn\u0113 \u2013 plecu pie pleca.<\/p>\n<p>Vair\u0101k nek\u0101 600 dejot\u0101ju uz skatuves<\/p>\n<p>Lieluzvedum\u0101 piedal\u012bj\u0101s vair\u0101k nek\u0101 600 dejot\u0101ju, radot iespaid\u012bgu skatuves pieredzi. Taj\u0101 iesaist\u012bj\u0101s visu paaud\u017eu &#8220;Dzirnu&#8221; dejot\u0101ji, k\u0101 ar\u012b pieaicin\u0101tie deju kolekt\u012bvi &#8220;Lielupe&#8221; un &#8220;Ogre&#8221;, papildus piedal\u012bj\u0101s ar\u012b dejot\u0101ji kop\u0101 ar saviem vec\u0101kiem. \u0160\u0101ds pla\u0161ais dal\u012bbnieku loks \u013c\u0101va uz skatuves sav\u012bt da\u017e\u0101das paaudzes un deju pieredzes, radot dinamiska un emocion\u0101li pies\u0101tin\u0101ta uzveduma.<\/p>\n<p>Deju skola &#8220;Dzirnas&#8221; \u2013 40 gadi rado\u0161\u0101 lidojum\u0101<\/p>\n<p>Agra Da\u0146i\u013cevi\u010da deju skola &#8220;Dzirnas&#8221;, dibin\u0101ta 1985. gad\u0101, ir akredit\u0113ta m\u0101c\u012bbu iest\u0101de R\u012bg\u0101, kur\u0101 jaunie dejot\u0101ji apg\u016bst da\u017e\u0101dus stilus \u2013 hip-hopu, d\u017eezu, m\u016bsdienu un modern\u0101s dejas, breika elementus, k\u0101 ar\u012b latvie\u0161u tautas dejas. &#8220;Dzirnu&#8221; rado\u0161ais lidojums un tehnisk\u0101 var\u0113\u0161ana bie\u017ei stiepjas t\u0101lu \u0101rpus oblig\u0101t\u0101 repertu\u0101ra, ta\u010du \u0161aj\u0101 lidojum\u0101 nemain\u012bgi tiek saglab\u0101tas latvisk\u0101s pamatv\u0113rt\u012bbas un m\u012blest\u012bba pret deju. Skolas moto ir &#8220;dejot ir laime!&#8221;. Deju skolas vad\u012bt\u0101js ir Agris Da\u0146i\u013cevi\u010ds, bet direktore \u2013 Singita Da\u0146i\u013cevi\u010da.<\/p>\n","protected":false},"excerpt":{"rendered":"Grandiozs patriotiskais dejas lieluzvedums R\u012bg\u0101 izpeln\u0101s skat\u012bt\u0101ju atzin\u012bbu L\u0101\u010dpl\u0113\u0161a dien\u0101, 11. novembr\u012b, R\u012bg\u0101, pilnaj\u0101 &#8220;Xiaomi Ar\u0113n\u0101&#8221;, norisin\u0101j\u0101s grandiozs&hellip;\n","protected":false},"author":2,"featured_media":93236,"comment_status":"","ping_status":"","sticky":false,"template":"","format":"standard","meta":{"footnotes":""},"categories":[19],"tags":[14904,23368,89,1377,90,11267,35,39,38,36,37,34,40,22918],"class_list":{"0":"post-93235","1":"post","2":"type-post","3":"status-publish","4":"format-standard","5":"has-post-thumbnail","7":"category-izklaide","8":"tag-deju-lieluzvedums","9":"tag-dzirnam-40","10":"tag-entertainment","11":"tag-indulis-un-arija","12":"tag-izklaide","13":"tag-lacplesa-diena","14":"tag-latvia","15":"tag-latvian","16":"tag-latviesu","17":"tag-latviesu-valoda","18":"tag-latviesuvaloda","19":"tag-latvija","20":"tag-lv","21":"tag-xiaomi-arena-riga"},"share_on_mastodon":{"url":"https:\/\/pubeurope.com\/@lv\/115830333404505180","error":""},"_links":{"self":[{"href":"https:\/\/www.europesays.com\/lv\/wp-json\/wp\/v2\/posts\/93235","targetHints":{"allow":["GET"]}}],"collection":[{"href":"https:\/\/www.europesays.com\/lv\/wp-json\/wp\/v2\/posts"}],"about":[{"href":"https:\/\/www.europesays.com\/lv\/wp-json\/wp\/v2\/types\/post"}],"author":[{"embeddable":true,"href":"https:\/\/www.europesays.com\/lv\/wp-json\/wp\/v2\/users\/2"}],"replies":[{"embeddable":true,"href":"https:\/\/www.europesays.com\/lv\/wp-json\/wp\/v2\/comments?post=93235"}],"version-history":[{"count":0,"href":"https:\/\/www.europesays.com\/lv\/wp-json\/wp\/v2\/posts\/93235\/revisions"}],"wp:featuredmedia":[{"embeddable":true,"href":"https:\/\/www.europesays.com\/lv\/wp-json\/wp\/v2\/media\/93236"}],"wp:attachment":[{"href":"https:\/\/www.europesays.com\/lv\/wp-json\/wp\/v2\/media?parent=93235"}],"wp:term":[{"taxonomy":"category","embeddable":true,"href":"https:\/\/www.europesays.com\/lv\/wp-json\/wp\/v2\/categories?post=93235"},{"taxonomy":"post_tag","embeddable":true,"href":"https:\/\/www.europesays.com\/lv\/wp-json\/wp\/v2\/tags?post=93235"}],"curies":[{"name":"wp","href":"https:\/\/api.w.org\/{rel}","templated":true}]}}