{"id":93242,"date":"2026-01-03T09:00:12","date_gmt":"2026-01-03T09:00:12","guid":{"rendered":"https:\/\/www.europesays.com\/lv\/93242\/"},"modified":"2026-01-03T09:00:12","modified_gmt":"2026-01-03T09:00:12","slug":"porzingim-mazrezultativs-sniegums-hawks-uzvara-par-knicks-tvnet-sports","status":"publish","type":"post","link":"https:\/\/www.europesays.com\/lv\/93242\/","title":{"rendered":"Porzi\u0146\u0123im mazrezultat\u012bvs sniegums &quot;Hawks&quot; uzvar\u0101 p\u0101r &quot;Knicks&quot; &#8211; TVNET Sports"},"content":{"rendered":"<ol>\n<li><a href=\"https:\/\/news.google.com\/rss\/articles\/CBMikwFBVV95cUxQVk53dl81TGJXeHVlT1FhM0R4TlU1U1hhWnFuck8xLVFELXVvdHZJWnVfUWJUV2hZS05HdGlnWnBpejRUbjNEQUR0OTNZc2Q4V0VIa0VnZjRtcmZwbTJIWUNHZHRjRTNmZEJpMzU3aFg5Nk1OT1hIUnpGNUo3emJqNU9VZU9jT2RKMXdMM3VlS3dHdFU?oc=5\" target=\"_blank\" rel=\"nofollow noopener\">Porzi\u0146\u0123im mazrezultat\u012bvs sniegums &#8220;Hawks&#8221; uzvar\u0101 p\u0101r &#8220;Knicks&#8221;<\/a>&nbsp;&nbsp;TVNET Sports<\/li>\n<li><a href=\"https:\/\/news.google.com\/rss\/articles\/CBMilAFBVV95cUxOZDZfWmVIYVJ3VmhNSld3Mi1PS1pOVURGc0kzSHFJazQxdTFpQlRmTDg2LUpJajBIWHBoZklqaHFrUzE4MmdEcTB6ZjMzV0ZpQlpXTUE1TFNwdEJXMU90SnNwZWN5bW41RFlDTWZEdkZ2blg1aWZZSmw2N2gtdkNVMGg3dmc3TXRSUjNIX292b3o2TTRQ?oc=5\" target=\"_blank\" rel=\"nofollow noopener\">Porzi\u0146\u0123is \u0145ujork\u0101 aizvada karjeras 516. sp\u0113li un pan\u0101k Biedri\u0146u \u2013 Basketbols<\/a>&nbsp;&nbsp;Sportacentrs.com<\/li>\n<li><a href=\"https:\/\/news.google.com\/rss\/articles\/CBMivwFBVV95cUxPWFY5ckVWTkFZblVpLU5RUVhIRjhQelphLTZzTVhNdktEMk5Ydlg1VDZaRGs4UGxCRGZxcE9UaDBHVHlPbU5vXzhudnQtczVvVWIzMWU3V0xfVTVVekdOTmpJSGhId21vaTY2Mzl1VTZoWDBqT2ZGLXBWNXpTLUF6d0F3VVFXQzQxaG95Uk9RbGNLeElMcFk4cGJ0RzZCbDIxaDdOR256ZU9aRFlQYlVyZTNjcEVKOThWSG1aSUthUQ?oc=5\" target=\"_blank\" rel=\"nofollow noopener\">Porzi\u0146\u0123im zema metienu precizit\u0101te, \u00abHawks\u00bb uzvar ar\u012b \u0145ujork\u0101 \/ Raksts<\/a>&nbsp;&nbsp;LSM<\/li>\n<li><a href=\"https:\/\/news.google.com\/rss\/articles\/CBMingFBVV95cUxPTmxNLW1fNlNkZVlUQndLWk1kNW90Nk5DQzc1QnNKTXJYc2psY3FRUnM1OG4tNkJQRVhzYkZBaEh4dnJVZkdEX3MxbzF3Vy1jRlZvSFdBRGNjUDY2RW9tT0Y1VU5nTXg4YTA2VE92UU9TLWpYVVNDN0xRUTItZm9YRjhyR180U0lydWVIS0JRZDFld1FzUnFtTGctQkJPUQ?oc=5\" target=\"_blank\" rel=\"nofollow noopener\">Apskatnieks par Porzi\u0146\u0123i: Vi\u0146\u0161 \u0161osezon bija izcils, kad devies laukum\u0101<\/a>&nbsp;&nbsp;Sportazinas.com<\/li>\n<li><a href=\"https:\/\/news.google.com\/rss\/articles\/CBMi1gFBVV95cUxORzNaeUhvZ19xZjVYQjlrek5ST09zeHJWaFRmZ3JIenU0V0dPWVMxbnYyZjhsb2J3TjlueGpEUWptY3lkLXY2QUlWWWhFZ1JsMFRVb0pYd0FxNU5qNm92SnNZY05BRC1mZGJfaEFDRHM1ZjE5ZGVuQ0lwQUc2UUhFME9JYjJ1NFZuclN1enNPY1UtRzlULWJyMU40SXBDWTFzUGFmcnA1UUNMZUJsbjhxMC1nUWVCNGRPNU5YMlFVU0xvOXEyOWZlVURQeXZXTHFSRDNocl9R?oc=5\" target=\"_blank\" rel=\"nofollow noopener\">Porzi\u0146\u0123is par savu pirmo sp\u0113li p\u0113c teju m\u0113nesi ilgas pauzes: Sp\u0113l\u0113ju br\u012bvi un centos pal\u012bdz\u0113t komandai<\/a>&nbsp;&nbsp;Jauns.lv<\/li>\n<\/ol>\n","protected":false},"excerpt":{"rendered":"Porzi\u0146\u0123im mazrezultat\u012bvs sniegums &#8220;Hawks&#8221; uzvar\u0101 p\u0101r &#8220;Knicks&#8221;&nbsp;&nbsp;TVNET Sports Porzi\u0146\u0123is \u0145ujork\u0101 aizvada karjeras 516. sp\u0113li un pan\u0101k Biedri\u0146u \u2013&hellip;\n","protected":false},"author":2,"featured_media":91296,"comment_status":"","ping_status":"","sticky":false,"template":"","format":"standard","meta":{"footnotes":""},"categories":[5],"tags":[23,28,29,32,33,22,1260,30,31,35,39,38,36,37,34,40,20,26,27,24,25,21],"class_list":{"0":"post-93242","1":"post","2":"type-post","3":"status-publish","4":"format-standard","5":"has-post-thumbnail","7":"category-aktualitates","8":"tag-aktualitates","9":"tag-breaking-news","10":"tag-breakingnews","11":"tag-featured-news","12":"tag-featurednews","13":"tag-headlines","14":"tag-kristaps-porzingis","15":"tag-latest-news","16":"tag-latestnews","17":"tag-latvia","18":"tag-latvian","19":"tag-latviesu","20":"tag-latviesu-valoda","21":"tag-latviesuvaloda","22":"tag-latvija","23":"tag-lv","24":"tag-news","25":"tag-popularakas-zinas","26":"tag-popularakaszinas","27":"tag-top-stories","28":"tag-topstories","29":"tag-zinas"},"share_on_mastodon":{"url":"https:\/\/pubeurope.com\/@lv\/115830352988368153","error":""},"_links":{"self":[{"href":"https:\/\/www.europesays.com\/lv\/wp-json\/wp\/v2\/posts\/93242","targetHints":{"allow":["GET"]}}],"collection":[{"href":"https:\/\/www.europesays.com\/lv\/wp-json\/wp\/v2\/posts"}],"about":[{"href":"https:\/\/www.europesays.com\/lv\/wp-json\/wp\/v2\/types\/post"}],"author":[{"embeddable":true,"href":"https:\/\/www.europesays.com\/lv\/wp-json\/wp\/v2\/users\/2"}],"replies":[{"embeddable":true,"href":"https:\/\/www.europesays.com\/lv\/wp-json\/wp\/v2\/comments?post=93242"}],"version-history":[{"count":0,"href":"https:\/\/www.europesays.com\/lv\/wp-json\/wp\/v2\/posts\/93242\/revisions"}],"wp:featuredmedia":[{"embeddable":true,"href":"https:\/\/www.europesays.com\/lv\/wp-json\/wp\/v2\/media\/91296"}],"wp:attachment":[{"href":"https:\/\/www.europesays.com\/lv\/wp-json\/wp\/v2\/media?parent=93242"}],"wp:term":[{"taxonomy":"category","embeddable":true,"href":"https:\/\/www.europesays.com\/lv\/wp-json\/wp\/v2\/categories?post=93242"},{"taxonomy":"post_tag","embeddable":true,"href":"https:\/\/www.europesays.com\/lv\/wp-json\/wp\/v2\/tags?post=93242"}],"curies":[{"name":"wp","href":"https:\/\/api.w.org\/{rel}","templated":true}]}}