{"id":93256,"date":"2026-01-03T09:17:03","date_gmt":"2026-01-03T09:17:03","guid":{"rendered":"https:\/\/www.europesays.com\/lv\/93256\/"},"modified":"2026-01-03T09:17:03","modified_gmt":"2026-01-03T09:17:03","slug":"koalicija-visticamak-turpinas-darbu-lidz-saeimas-velesanam-prognoze-politologs","status":"publish","type":"post","link":"https:\/\/www.europesays.com\/lv\/93256\/","title":{"rendered":"Koal\u012bcija, visticam\u0101k, turpin\u0101s darbu l\u012bdz Saeimas v\u0113l\u0113\u0161an\u0101m, prognoz\u0113 politologs"},"content":{"rendered":"<p>Jau zi\u0146ots, ka pag\u0101ju\u0161\u0101 gada ruden\u012b LPV Saeim\u0101 iesniedza likumprojektu par Stambulas konvencijas denons\u0113\u0161anu, un to atbalst\u012bja ne tikai citas opoz\u012bcijas partijas &#8211; Nacion\u0101l\u0101 apvien\u012bba, &#8220;Apvienotais saraksts&#8221; un &#8220;Stabilit\u0101tei&#8221; -, bet ar\u012b valdo\u0161aj\u0101 koal\u012bcij\u0101 ietilpsto\u0161\u0101 ZZS. Izst\u0101\u0161anos no konvencijas neatbalst\u012bja valdo\u0161aj\u0101 koal\u012bcij\u0101 eso\u0161\u0101 JV un &#8220;Progres\u012bvie&#8221;. Ar balsu vair\u0101kumu likumu izdev\u0101s pie\u0146emt.<\/p>\n<p>Iev\u0113rojama sabiedr\u012bbas da\u013ca izr\u0101d\u012bja neapmierin\u0101t\u012bbu par pie\u0146emto l\u0113mumu, un Valsts prezidents Edgars Rink\u0113vi\u010ds likumu par Stambulas konvencijas denons\u0113\u0161anu atdeva parlamentam otrreiz\u0113jai caurl\u016bko\u0161anai.<\/p>\n<p><a href=\"https:\/\/www.tvnet.lv\/term\/556185\/saeima\" class=\"topicLink\" target=\"_blank\" rel=\"nofollow noopener\">Saeima<\/a> prezidenta izbr\u0101\u0137\u0113to likumu nodeva skat\u012b\u0161anai \u0100rlietu komisij\u0101, nosakot par priek\u0161likumu iesnieg\u0161anas termi\u0146u vienu gadu. Tas faktiski noz\u012bm\u0113, ka likums par izst\u0101\u0161anos no konvencijas b\u016bs j\u0101p\u0101rskata n\u0101kamajam Saeimas sasaukumam.<\/p>\n<p>Vairums ekspertu un nevalstisko organiz\u0101ciju, kas str\u0101d\u0101 ar vardarb\u012bbas nov\u0113r\u0161anas jaut\u0101jumiem, iebilst pret ieceri izst\u0101ties no konvencijas, pau\u017eot ba\u017eas, ka tas mazin\u0101s cietu\u0161o aizst\u0101v\u0113\u0161anu pret vardarb\u012bbu un negat\u012bvi ietekm\u0113s Latvijas starptautisko t\u0113lu Rietumu sabiedroto ac\u012bs.<\/p>\n<p>Latvij\u0101 Eiropas Padomes Konvencija par vardarb\u012bbas pret sieviet\u0113m un vardarb\u012bbas \u0123imen\u0113 nov\u0113r\u0161anu un apkaro\u0161anu jeb t\u0101 d\u0113v\u0113t\u0101 Stambulas konvencija st\u0101j\u0101s sp\u0113k\u0101 pag\u0101ju\u0161\u0101 gada 1. maij\u0101. Tas ir starptautisks l\u012bgums, kas paredz, ka t\u0101 dal\u012bbvalst\u012bm ir j\u0101izstr\u0101d\u0101 saska\u0146ota politika, lai lab\u0101k var\u0113tu aizsarg\u0101t sievietes no visu veidu vardarb\u012bbas, k\u0101 ar\u012b sievietes un v\u012brie\u0161us no vardarb\u012bbas \u0123imen\u0113.<\/p>\n<p>Tostarp dal\u012bbvalst\u012bm ir j\u0101nodro\u0161ina cietu\u0161ajiem vispus\u012bga pal\u012bdz\u012bba un aizsardz\u012bba, kr\u012bzes centri, kr\u012bzes t\u0101lrunis, kas darbojas diennakti, specializ\u0113tie atbalsta centri no seksu\u0101las vardarb\u012bbas cietu\u0161\u0101m person\u0101m, j\u0101aizsarg\u0101 un j\u0101atbalsta b\u0113rni, kas ir vardarb\u012bbas liecinieki.<\/p>\n","protected":false},"excerpt":{"rendered":"Jau zi\u0146ots, ka pag\u0101ju\u0161\u0101 gada ruden\u012b LPV Saeim\u0101 iesniedza likumprojektu par Stambulas konvencijas denons\u0113\u0161anu, un to atbalst\u012bja ne&hellip;\n","protected":false},"author":2,"featured_media":93257,"comment_status":"","ping_status":"","sticky":false,"template":"","format":"standard","meta":{"footnotes":""},"categories":[12],"tags":[23,28,29,32,33,22,15512,30,31,35,39,38,36,37,34,40,20,26,27,141,24,25,21],"class_list":{"0":"post-93256","1":"post","2":"type-post","3":"status-publish","4":"format-standard","5":"has-post-thumbnail","7":"category-latvija","8":"tag-aktualitates","9":"tag-breaking-news","10":"tag-breakingnews","11":"tag-featured-news","12":"tag-featurednews","13":"tag-headlines","14":"tag-juris-rozenvalds","15":"tag-latest-news","16":"tag-latestnews","17":"tag-latvia","18":"tag-latvian","19":"tag-latviesu","20":"tag-latviesu-valoda","21":"tag-latviesuvaloda","22":"tag-latvija","23":"tag-lv","24":"tag-news","25":"tag-popularakas-zinas","26":"tag-popularakaszinas","27":"tag-saeima","28":"tag-top-stories","29":"tag-topstories","30":"tag-zinas"},"share_on_mastodon":{"url":"https:\/\/pubeurope.com\/@lv\/115830419806824726","error":""},"_links":{"self":[{"href":"https:\/\/www.europesays.com\/lv\/wp-json\/wp\/v2\/posts\/93256","targetHints":{"allow":["GET"]}}],"collection":[{"href":"https:\/\/www.europesays.com\/lv\/wp-json\/wp\/v2\/posts"}],"about":[{"href":"https:\/\/www.europesays.com\/lv\/wp-json\/wp\/v2\/types\/post"}],"author":[{"embeddable":true,"href":"https:\/\/www.europesays.com\/lv\/wp-json\/wp\/v2\/users\/2"}],"replies":[{"embeddable":true,"href":"https:\/\/www.europesays.com\/lv\/wp-json\/wp\/v2\/comments?post=93256"}],"version-history":[{"count":0,"href":"https:\/\/www.europesays.com\/lv\/wp-json\/wp\/v2\/posts\/93256\/revisions"}],"wp:featuredmedia":[{"embeddable":true,"href":"https:\/\/www.europesays.com\/lv\/wp-json\/wp\/v2\/media\/93257"}],"wp:attachment":[{"href":"https:\/\/www.europesays.com\/lv\/wp-json\/wp\/v2\/media?parent=93256"}],"wp:term":[{"taxonomy":"category","embeddable":true,"href":"https:\/\/www.europesays.com\/lv\/wp-json\/wp\/v2\/categories?post=93256"},{"taxonomy":"post_tag","embeddable":true,"href":"https:\/\/www.europesays.com\/lv\/wp-json\/wp\/v2\/tags?post=93256"}],"curies":[{"name":"wp","href":"https:\/\/api.w.org\/{rel}","templated":true}]}}