{"id":93258,"date":"2026-01-03T09:18:07","date_gmt":"2026-01-03T09:18:07","guid":{"rendered":"https:\/\/www.europesays.com\/lv\/93258\/"},"modified":"2026-01-03T09:18:07","modified_gmt":"2026-01-03T09:18:07","slug":"video-%e2%9f%a9-somijas-hokejisti-uzvar-ieprieksejo-divu-gadu-cempioni-asv","status":"publish","type":"post","link":"https:\/\/www.europesays.com\/lv\/93258\/","title":{"rendered":"VIDEO \u27e9 Somijas hokejisti uzvar iepriek\u0161\u0113jo divu gadu \u010dempioni ASV"},"content":{"rendered":"<p>Somijas hokejisti amerik\u0101\u0146us uzvar\u0113ja papildlaik\u0101 ar rezult\u0101tu 4:3 (0:0, 1:2, 2:1, 1:0).<\/p>\n<p>Pusotru min\u016bti pirms pamatlaika beig\u0101m amerik\u0101\u0146us no zaud\u0113juma izgl\u0101ba Raikers L\u012b, ta\u010du papildlaika tre\u0161aj\u0101 min\u016bt\u0113 somiem uzvaras v\u0101rtus guva Artu Velile.<\/p>\n<p>Somijas pretiniece pusfin\u0101l\u0101 b\u016bs Zviedrija, kas ceturtda\u013cfin\u0101la pirmaj\u0101 ma\u010d\u0101 ar 6:3 uzvar\u0113ja Latviju.<\/p>\n<p>P\u0101rliecino\u0161\u0101ku uzvaru ceturtda\u013cfin\u0101l\u0101 izc\u012bn\u012bja Kan\u0101da, kas ar 7:1 (5:0, 2:1, 0:0) uzveica Slov\u0101kiju.<\/p>\n<p>Kan\u0101die\u0161i visus septi\u0146us v\u0101rtus guva no sp\u0113les 14. l\u012bdz 31. min\u016btei, izce\u013coties septi\u0146iem da\u017e\u0101diem sp\u0113l\u0113t\u0101jiem, un neviens no hokejistiem neiekr\u0101ja vair\u0101k par diviem rezultativit\u0101tes punktiem.<\/p>\n<p>Kan\u0101da pusfin\u0101l\u0101 tiksies ar \u010cehiju, kas ar 6:2 (0:1, 4:1, 2:0) guva virsroku p\u0101r \u0160veici.<\/p>\n<p>Uzvar\u0113t\u0101jiem v\u0101rti un divas rezultat\u012bvas piesp\u0113les bija Petram Sikorma un Jir\u017e\u012b Kl\u012bmam.<\/p>\n<p>Pusfin\u0101li norisin\u0101sies sv\u0113tdien, bet sp\u0113les par meda\u013c\u0101m &#8211; pirmdien.<\/p>\n","protected":false},"excerpt":{"rendered":"Somijas hokejisti amerik\u0101\u0146us uzvar\u0113ja papildlaik\u0101 ar rezult\u0101tu 4:3 (0:0, 1:2, 2:1, 1:0). Pusotru min\u016bti pirms pamatlaika beig\u0101m amerik\u0101\u0146us&hellip;\n","protected":false},"author":2,"featured_media":93259,"comment_status":"","ping_status":"","sticky":false,"template":"","format":"standard","meta":{"footnotes":""},"categories":[5],"tags":[23,28,29,32,33,22,394,721,30,31,35,39,38,36,37,34,40,20,26,27,24,25,21],"class_list":{"0":"post-93258","1":"post","2":"type-post","3":"status-publish","4":"format-standard","5":"has-post-thumbnail","7":"category-aktualitates","8":"tag-aktualitates","9":"tag-breaking-news","10":"tag-breakingnews","11":"tag-featured-news","12":"tag-featurednews","13":"tag-headlines","14":"tag-hokejs","15":"tag-hokejs-pasaule","16":"tag-latest-news","17":"tag-latestnews","18":"tag-latvia","19":"tag-latvian","20":"tag-latviesu","21":"tag-latviesu-valoda","22":"tag-latviesuvaloda","23":"tag-latvija","24":"tag-lv","25":"tag-news","26":"tag-popularakas-zinas","27":"tag-popularakaszinas","28":"tag-top-stories","29":"tag-topstories","30":"tag-zinas"},"share_on_mastodon":{"url":"https:\/\/pubeurope.com\/@lv\/115830423746544799","error":""},"_links":{"self":[{"href":"https:\/\/www.europesays.com\/lv\/wp-json\/wp\/v2\/posts\/93258","targetHints":{"allow":["GET"]}}],"collection":[{"href":"https:\/\/www.europesays.com\/lv\/wp-json\/wp\/v2\/posts"}],"about":[{"href":"https:\/\/www.europesays.com\/lv\/wp-json\/wp\/v2\/types\/post"}],"author":[{"embeddable":true,"href":"https:\/\/www.europesays.com\/lv\/wp-json\/wp\/v2\/users\/2"}],"replies":[{"embeddable":true,"href":"https:\/\/www.europesays.com\/lv\/wp-json\/wp\/v2\/comments?post=93258"}],"version-history":[{"count":0,"href":"https:\/\/www.europesays.com\/lv\/wp-json\/wp\/v2\/posts\/93258\/revisions"}],"wp:featuredmedia":[{"embeddable":true,"href":"https:\/\/www.europesays.com\/lv\/wp-json\/wp\/v2\/media\/93259"}],"wp:attachment":[{"href":"https:\/\/www.europesays.com\/lv\/wp-json\/wp\/v2\/media?parent=93258"}],"wp:term":[{"taxonomy":"category","embeddable":true,"href":"https:\/\/www.europesays.com\/lv\/wp-json\/wp\/v2\/categories?post=93258"},{"taxonomy":"post_tag","embeddable":true,"href":"https:\/\/www.europesays.com\/lv\/wp-json\/wp\/v2\/tags?post=93258"}],"curies":[{"name":"wp","href":"https:\/\/api.w.org\/{rel}","templated":true}]}}