{"id":93260,"date":"2026-01-03T09:23:10","date_gmt":"2026-01-03T09:23:10","guid":{"rendered":"https:\/\/www.europesays.com\/lv\/93260\/"},"modified":"2026-01-03T09:23:10","modified_gmt":"2026-01-03T09:23:10","slug":"es-dzirdeju-ka-arsts-pateica-ka-vins-ir-miris-bet-es-kliedzu-ka-nav-smags-stasts-no-mammas-kuras-delina-dziviba-izdzisa-bkus","status":"publish","type":"post","link":"https:\/\/www.europesays.com\/lv\/93260\/","title":{"rendered":"\u201cEs dzird\u0113ju, k\u0101 \u0101rsts pateica, ka vi\u0146\u0161 ir miris, bet es kliedzu, ka nav\u201d \u2013 smags st\u0101sts no mammas, kuras d\u0113li\u0146a dz\u012bv\u012bba izdzisa BKUS"},"content":{"rendered":"<p>    <img decoding=\"async\" src=\"https:\/\/www.europesays.com\/lv\/wp-content\/uploads\/2026\/01\/FotoJet-17-1024x683.jpg\" alt=\"&#10;\"\/><\/p>\n<p>Vi\u0146a nezina, vai pag\u0101jus\u012b vasara bija saulaina, vai ruden\u012b nokrita kokiem lapas un vai \u0161oziem jau ir bijis sniegs. Kop\u0161 2025.gada 27.j\u016bnija, kad p\u0101rst\u0101ja pukst\u0113t vi\u0146as divgad\u012bg\u0101 d\u0113li\u0146a sirds, Katr\u012bna [\u0113tisku apsv\u0113rumu d\u0113\u013c v\u0101rdi \u0161aj\u0101 rakst\u0101 ir main\u012bti, ta\u010du man tie ir zin\u0101mi] sp\u0113j tikai raud\u0101t un eksist\u0113t. <\/p>\n<p>        Las\u012bt\u0101kie<br \/>\n        <a data-imagesrc=\"{&quot;300&quot;:&quot;https:\\\/\\\/lastatic.ams3.cdn.digitaloceanspaces.com\\\/2020\\\/03\\\/shutterstock_297921929-300x200.jpg&quot;,&quot;768&quot;:&quot;https:\\\/\\\/lastatic.ams3.cdn.digitaloceanspaces.com\\\/2020\\\/03\\\/shutterstock_297921929-768x513.jpg&quot;,&quot;200&quot;:&quot;https:\\\/\\\/lastatic.ams3.cdn.digitaloceanspaces.com\\\/2020\\\/03\\\/shutterstock_297921929-200x134.jpg&quot;,&quot;400&quot;:&quot;https:\\\/\\\/lastatic.ams3.cdn.digitaloceanspaces.com\\\/2020\\\/03\\\/shutterstock_297921929-400x267.jpg&quot;,&quot;500&quot;:&quot;https:\\\/\\\/lastatic.ams3.cdn.digitaloceanspaces.com\\\/2020\\\/03\\\/shutterstock_297921929-500x334.jpg&quot;,&quot;800&quot;:&quot;https:\\\/\\\/lastatic.ams3.cdn.digitaloceanspaces.com\\\/2020\\\/03\\\/shutterstock_297921929.jpg&quot;}\" data-focuspoint=\"&quot;&quot;\" data-p=\"2485199\" href=\"https:\/\/www.la.lv\/prieksmeti-ko-verts-turet-majas-jo-tie-piesaista-naudu\" class=\"content-item lazy-load\" wp_automatic_readability=\"27\" rel=\"nofollow noopener\" target=\"_blank\"><\/p>\n<p>                                <img decoding=\"async\" src=\"\" alt=\"\" style=\"\" data-imageid=\"\"\/><\/p>\n<p>                                Kokteilis<\/p>\n<p>\n                                                Priek\u0161meti, ko v\u0113rts tur\u0113t m\u0101j\u0101s, jo tie piesaista naudu\n                            <\/p>\n<p><\/a><a data-imagesrc=\"{&quot;300&quot;:&quot;https:\\\/\\\/lastatic.ams3.cdn.digitaloceanspaces.com\\\/2015\\\/01\\\/VWPassatB6_11-300x200.jpg&quot;,&quot;80&quot;:&quot;https:\\\/\\\/lastatic.ams3.cdn.digitaloceanspaces.com\\\/2015\\\/01\\\/VWPassatB6_11-80x48.jpg&quot;,&quot;112&quot;:&quot;https:\\\/\\\/lastatic.ams3.cdn.digitaloceanspaces.com\\\/2015\\\/01\\\/VWPassatB6_11-112x64.jpg&quot;,&quot;664&quot;:&quot;https:\\\/\\\/lastatic.ams3.cdn.digitaloceanspaces.com\\\/2015\\\/01\\\/VWPassatB6_11-664x443.jpg&quot;,&quot;239&quot;:&quot;https:\\\/\\\/lastatic.ams3.cdn.digitaloceanspaces.com\\\/2015\\\/01\\\/VWPassatB6_11-239x160.jpg&quot;,&quot;263&quot;:&quot;https:\\\/\\\/lastatic.ams3.cdn.digitaloceanspaces.com\\\/2015\\\/01\\\/VWPassatB6_11-263x175.jpg&quot;,&quot;506&quot;:&quot;https:\\\/\\\/lastatic.ams3.cdn.digitaloceanspaces.com\\\/2015\\\/01\\\/VWPassatB6_11-506x338.jpg&quot;,&quot;118&quot;:&quot;https:\\\/\\\/lastatic.ams3.cdn.digitaloceanspaces.com\\\/2015\\\/01\\\/VWPassatB6_11-118x70.jpg&quot;,&quot;348&quot;:&quot;https:\\\/\\\/lastatic.ams3.cdn.digitaloceanspaces.com\\\/2015\\\/01\\\/VWPassatB6_11-348x225.jpg&quot;,&quot;640&quot;:&quot;https:\\\/\\\/lastatic.ams3.cdn.digitaloceanspaces.com\\\/2015\\\/01\\\/VWPassatB6_11-640x534.jpg&quot;,&quot;90&quot;:&quot;https:\\\/\\\/lastatic.ams3.cdn.digitaloceanspaces.com\\\/2015\\\/01\\\/VWPassatB6_11-90x58.jpg&quot;,&quot;800&quot;:&quot;https:\\\/\\\/lastatic.ams3.cdn.digitaloceanspaces.com\\\/2015\\\/01\\\/VWPassatB6_11.jpg&quot;}\" data-focuspoint=\"&quot;&quot;\" data-p=\"2485867\" href=\"https:\/\/www.la.lv\/ja-tev-pieder-kada-no-sim-7-automasinam-iespejams-ir-istais-bridis-sakt-domat-par-pardosanu\" class=\"content-item lazy-load\" wp_automatic_readability=\"27.5\" rel=\"nofollow noopener\" target=\"_blank\"><\/p>\n<p>                                <img decoding=\"async\" src=\"\" alt=\"\" style=\"\" data-imageid=\"\"\/><\/p>\n<p>\n                                                Ja tev pieder k\u0101da no \u0161\u012bm 7 automa\u0161\u012bn\u0101m, iesp\u0113jams, ir \u012bstais br\u012bdis s\u0101kt dom\u0101t par p\u0101rdo\u0161anu\n                            <\/p>\n<p><\/a><a data-imagesrc=\"{&quot;300&quot;:&quot;https:\\\/\\\/lastatic.ams3.cdn.digitaloceanspaces.com\\\/2014\\\/08\\\/avokado-300x199.jpg&quot;,&quot;80&quot;:&quot;https:\\\/\\\/lastatic.ams3.cdn.digitaloceanspaces.com\\\/2014\\\/08\\\/avokado-80x48.jpg&quot;,&quot;112&quot;:&quot;https:\\\/\\\/lastatic.ams3.cdn.digitaloceanspaces.com\\\/2014\\\/08\\\/avokado-112x64.jpg&quot;,&quot;664&quot;:&quot;https:\\\/\\\/lastatic.ams3.cdn.digitaloceanspaces.com\\\/2014\\\/08\\\/avokado-664x440.jpg&quot;,&quot;241&quot;:&quot;https:\\\/\\\/lastatic.ams3.cdn.digitaloceanspaces.com\\\/2014\\\/08\\\/avokado-241x160.jpg&quot;,&quot;263&quot;:&quot;https:\\\/\\\/lastatic.ams3.cdn.digitaloceanspaces.com\\\/2014\\\/08\\\/avokado-263x174.jpg&quot;,&quot;509&quot;:&quot;https:\\\/\\\/lastatic.ams3.cdn.digitaloceanspaces.com\\\/2014\\\/08\\\/avokado-509x338.jpg&quot;,&quot;118&quot;:&quot;https:\\\/\\\/lastatic.ams3.cdn.digitaloceanspaces.com\\\/2014\\\/08\\\/avokado-118x70.jpg&quot;,&quot;348&quot;:&quot;https:\\\/\\\/lastatic.ams3.cdn.digitaloceanspaces.com\\\/2014\\\/08\\\/avokado-348x225.jpg&quot;,&quot;90&quot;:&quot;https:\\\/\\\/lastatic.ams3.cdn.digitaloceanspaces.com\\\/2014\\\/08\\\/avokado-90x58.jpg&quot;,&quot;800&quot;:&quot;https:\\\/\\\/lastatic.ams3.cdn.digitaloceanspaces.com\\\/2014\\\/08\\\/avokado.jpg&quot;}\" data-focuspoint=\"&quot;&quot;\" data-p=\"2486324\" href=\"https:\/\/www.la.lv\/ir-5-cilveku-grupas-kam-vajadzetu-izvairities-no-avokado-lietosanas-uztura\" class=\"content-item lazy-load\" wp_automatic_readability=\"26.5\" rel=\"nofollow noopener\" target=\"_blank\"><\/p>\n<p>                                <img decoding=\"async\" src=\"\" alt=\"\" style=\"\" data-imageid=\"\"\/><\/p>\n<p>                                Veselam<\/p>\n<p>\n                                                Ir 5 cilv\u0113ku grupas, kam vajadz\u0113tu izvair\u012bties no avokado lieto\u0161anas uztur\u0101\n                            <\/p>\n<p><\/a><br \/>\n        <a class=\"read-more\" href=\"https:\/\/www.la.lv\/top\" rel=\"nofollow noopener\" target=\"_blank\">Las\u012bt citas zi\u0146as<\/a><\/p>\n<p>Ar\u012b viss, ko las\u012bsiet turpin\u0101jum\u0101, ir izrun\u0101ts ar gr\u016bt\u012bb\u0101m un asar\u0101m, ta\u010du Katr\u012bna ir s\u0101kusi run\u0101t. Tas jau ir \u013coti daudz. <\/p>\n<p>Katr\u012bna man uzrakst\u012bja p\u0113c tam, kad pla\u0161\u0101k izskan\u0113ja zi\u0146a par <a href=\"https:\/\/www.la.lv\/tragisks-notikums-bernu-slimnica-riga-visticamak-mediku-kludas-del-miris-berns\" rel=\"noopener nofollow\" target=\"_blank\">tra\u0123isko notikumu BKUS<\/a>. Tas esot vi\u0146ai devis cer\u012bbu tikt sadzird\u0113tai. Tiesa gan, ar\u012b iepriek\u0161 esot ar vair\u0101kiem medijiem centusies sazin\u0101ties, ta\u010du kaut k\u0101du iemeslu d\u0113\u013c intereses neesot bijis. <\/p>\n<p>    CITI \u0160OBR\u012aD LASA<\/p>\n<p>St\u0101sts ir gar\u0161 un smag\u0101kais iesp\u0113jamais. St\u0101sts par p\u0101rcilv\u0113cisku sp\u0113ku, k\u0101ds m\u0101tei nepiecie\u0161ams, lai dz\u012bvotu t\u0101l\u0101k. Un st\u0101sts par jaut\u0101jumiem, kas paliku\u0161i neatbild\u0113ti.<\/p>\n<p>\u201cAlberts piedzima 2022. gada ruden\u012b, m\u0113s tik \u013coti grib\u0113j\u0101m otru b\u0113rni\u0146u! Un vi\u0146iem abiem bija tik maza vecuma starp\u012bba, ka vi\u0146i k\u013cuva par labiem rota\u013cu biedriem. Viss bija lieliski, Alberts laiku pa laikam paslimoja, k\u0101 jau visi b\u0113rni, ar iesn\u0101m, klepu, bet vis\u0101di cit\u0101di bija \u013coti vesel\u012bgs b\u0113rns, kur\u0161 g\u0101ja b\u0113rnud\u0101rz\u0101. Vi\u0146am patika braukt pa pe\u013c\u0137\u0113m ar skrejriteni, dauz\u012bties, kust\u0113ties,\u201d atceras mamma Katr\u012bna.<\/p>\n<p>26.j\u016bnijs<\/p>\n<p>Vasara s\u0101k\u0101s labi \u2013 svin\u0113ju\u0161i L\u012bgo sv\u0113tkus, 25. j\u016bnij\u0101 puis\u0113ns v\u0113l devies uz b\u0113rnud\u0101rzu, juties pavisam labi (ko apliecina ar\u012b izzi\u0146a no b\u0113rnud\u0101rza).<\/p>\n<p>Bet 26.j\u016bnija nakt\u012b b\u0113rni\u0146am paaugstin\u0101j\u0101s temperat\u016bra \u2013 t\u0101 nebija kritiska, ap 37,8 gr\u0101diem, ta\u010du puika d\u012bd\u012bjies, nevar\u0113jis pagul\u0113t, t\u0101p\u0113c mamma nol\u0113musi ielikt svec\u012bti pret temperat\u016bru.<\/p>\n<p>Otr\u0101 dien\u0101 nolemts abus br\u0101\u013cus atst\u0101t m\u0101j\u0101s, lai pav\u0113rotu, k\u0101 vi\u0146i j\u016btas. Alberts pamodies bez paaugstin\u0101tas temperat\u016bras, ta\u010du saguris, pras\u012bjis padzerties un paskat\u012bties multfilmu. T\u0101 nu abi ar br\u0101li s\u0113d\u0113ju\u0161i d\u012bv\u0101n\u0101 un skat\u012bju\u0161ies. Pa laikam mazais b\u0113rni\u0146\u0161 iemidzis, tad atkal pamodies un v\u0113rojis br\u0101li. Nekas ne\u0161\u0137itis cit\u0101di k\u0101 cit\u0101s slimo\u0161an\u0101s reiz\u0113s, jo b\u0113rni vienm\u0113r \u0161\u0101di slimojot \u2013 k\u013c\u016bstot v\u0101j\u0101ki, miegain\u0101ki.<\/p>\n<p>Ap plkst.13.00 Alberts v\u0113mis, ta\u010du nedaudz. Apet\u012btes nav bijis, ta\u010du mamma priec\u0101jusies, ka dz\u0113ris labi, jo daktere vienm\u0113r sakot, ka slimo\u0161anas laik\u0101 galvenais ir dzert. V\u0101jums saglab\u0101jies, bet temperat\u016bra bijusi vien nedaudz paaugstin\u0101ta. P\u0113c aptuveni stundas v\u0113lreiz bijusi vem\u0161ana. Un tad v\u0113l divas reizes bijis slikti. Vec\u0101ki secin\u0101ju\u0161i, ka dro\u0161i vien tas ir k\u0101ds v\u0113dera v\u012bruss.<\/p>\n<blockquote><p>\u201cVi\u0146\u0161 nebija ap\u0101tisks, pat pal\u016bdza padzerties jogurtu, grib\u0113ja s\u0113d\u0113t kl\u0113p\u012b, ik pa laikam kur pastaig\u0101ja pa dz\u012bvokli, bet, protams, bija saguris. P\u0113c p\u0101ris stund\u0101m s\u0101k\u0101s ar\u012b caureja. P\u0113c tam ieliku vi\u0146u vann\u0101 mazg\u0101t, teicu, lai turas pie vannas malas, lai nepasl\u012bd, bet p\u0113k\u0161\u0146i Alberti\u0146\u0161 k\u013cuva \u013cengans un sa\u013cima vann\u0101. <\/p><\/blockquote>\n<p>Cik \u0101tri vien sp\u0113ju, izc\u0113lu vi\u0146u, satinu dviel\u012b, run\u0101ju un biju pamat\u012bgi sabijusies, jo vi\u0146am acti\u0146as s\u0101ka lipt ciet. Zvan\u012bju \u201c\u0101trajiem\u201d, izskaidroju visu situ\u0101ciju, jaut\u0101ju, vai ielikt b\u0113rnam v\u0113l vienu svec\u012bti, uz ko sa\u0146\u0113mu apstiprino\u0161u atbildi. Tikm\u0113r izm\u0113r\u012bju temperat\u016bru \u2013 37,7 gr\u0101di, lai gan iepriek\u0161 temperat\u016bra jau vairs nebija paaugstin\u0101ta,\u201d Katr\u012bna notikumus atceras burtiski pa min\u016bt\u0113m.<\/p>\n<p>No svec\u012btes gan j\u0113ga bijusi maza, jo bijusi tre\u0161\u0101 caurejas reize, kas izgr\u016bda \u0101r\u0101 ar\u012b svec\u012bti. Aptuveni p\u0113c 10-15 min\u016bt\u0113m ieradu\u0161ies medi\u0137i. Tikm\u0113r b\u0113rni\u0146a st\u0101voklis pasliktin\u0101jies \u2013 ap mut\u012bti k\u013cuvis zils, \u0137ermenis bijis \u013cengan\u0101ks. Mamma saka: \u201cBija saj\u016bta, ka kaut kas \u013coti \u0101tri vi\u0146u \u0113d \u0101r\u0101.\u201d<\/p>\n<p>Stunda pie m\u0101jas ma\u0161\u012bn\u0101<\/p>\n<p>\u0100rsti uzreiz s\u0101ku\u0161i darboties ap b\u0113rnu, kur\u0161 jau maz rea\u0123\u0113jis uz notieko\u0161o, bijis uzreiz skaidrs, ka vi\u0146u j\u0101ved uz slimn\u012bcu. T\u0113tis mazo pa\u0146\u0113mis uz rok\u0101m un nesis lej\u0101, kam\u0113r mamma \u0101tri pa\u0137\u0113rusi l\u012bdzi nepiecie\u0161am\u0101k\u0101s lietas.<\/p>\n<p>\u201cEs noskr\u0113ju lej\u0101, bet m\u0113s nekur nebrauc\u0101m. \u0100rsti nesaprata, kas notiek ar asinsspiedienu, to nek\u0101di neizdev\u0101s stabiliz\u0113t. Tika izsaukta reanim\u0101cijas brig\u0101de, un m\u0113s stundu vienk\u0101r\u0161i pie m\u0101jas st\u0101v\u0113j\u0101m. Biju p\u0101rbijusies. Man jaut\u0101ja, cik Alberti\u0146\u0161 sver, es teicu, ka k\u0101du laiku neesmu sv\u0113rusi, t\u0101p\u0113c prec\u012bzi nezinu, varb\u016bt ap 15-16 kg. Apk\u0101rt notika \u012bss haoss, reanimatologi kaut ko ros\u012bj\u0101s, run\u0101ja, ka neesot medikamentu, neviens, \u0161\u0137iet, nesaprata, kas notiek. Sapratu tikai, ka nekur nevaram braukt, kam\u0113r st\u0101voklis nav stabiliz\u0113jies,\u201d st\u0101sta mamma.<\/p>\n<p>P\u0113c stundas tom\u0113r tika nolemts braukt uz BKUS. B\u0113rnam jau bija ievad\u012btas vair\u0101kas z\u0101les, mamma redz\u0113jusi, ka vi\u0146\u0161 br\u012b\u017eiem jau pace\u013c galvu, vi\u0146u mekl\u0113dams. Vi\u0146a mierin\u0101jusi, ka tepat tuvum\u0101 vien ir.<\/p>\n<p>Slimn\u012bc\u0101<\/p>\n<p>Slimn\u012bc\u0101 ieradu\u0161ies ap plkst.21.00 \u2013 gan reanim\u0101cijas, gan \u201c\u0101tr\u0101s\u201d pal\u012bdz\u012bbas ma\u0161\u012bnas dro\u0161\u012bbas labad brauku\u0161as kop\u0101. Uz\u0146em\u0161an\u0101 pa\u0146emtas asins anal\u012bzes, uztriepes no kakla, ta\u010du b\u0113rni\u0146\u0161 bijis \u013coti sl\u0101bans. Vien\u012bgi skat\u012bjies, lai mamma nekur t\u0101lu nepaz\u016bd. Katr\u012bna v\u0113lreiz visu notikumu gaitu izst\u0101st\u012bjusi. Uz\u0146em\u0161an\u0101 pag\u0101jusi aptuveni 1-1,5 stunda. V\u0113l\u0101k, atceroties notikumus, Katr\u012bna ir p\u0101rsteigta, ka neviens b\u0113rni\u0146u tur nenosv\u0113ra. K\u0101 vi\u0146i zin\u0101ja, k\u0101das medikamentu devas dot? Dokumentos esot ierakst\u012bti 16 kg, ko vi\u0146a aptuveni min\u0113jusi.<\/p>\n<p>\u201cP\u0113c tam Alberti\u0146u aizveda uz intens\u012bvo noda\u013cu, kur s\u0101kum\u0101 nevar\u0113ju iet l\u012bdzi. Biju vec\u0101ku istab\u0101, kur pie manis ap plkst. 23.00 atn\u0101ca \u0101rst\u0113jo\u0161\u0101 \u0101rste \u2013 pediatre. <\/p>\n<blockquote><p>Vi\u0146a god\u012bgi pateica, ka nezinot, kas b\u0113rnam ir par vainu, pagaid\u0101m no anal\u012bz\u0113m neko nevarot saprast, diagno\u017eu neesot. Nesapratu, k\u0101 var neb\u016bt diagnozes, jaut\u0101ju, kas notiek ar asinsriti, k\u0101p\u0113c ar to ir probl\u0113mas, k\u0101p\u0113c hemoglob\u012bns samazin\u0101s, ta\u010du atbildes nesa\u0146\u0113mu.\u201d<\/p><\/blockquote>\n<p>P\u0113c sarunas mammai \u013c\u0101vu\u0161i uz br\u012bdi apciemot b\u0113rni\u0146u, kur\u0161 gul\u0113jis gult\u0101 b\u0101ls un bezpal\u012bdz\u012bgs. Mamma v\u0113l \u0101tri vi\u0146u nofotograf\u0113jusi, lai nos\u016bt\u012btu bildi m\u0101jiniekiem, kuri ar\u012b satrauc\u0101s. \u0100rsti turpin\u0101ju\u0161i teikt, ka neviens nesaprot, kas notiek. J\u0101gaida anal\u012bzes. Mamma ar\u012b nesaprot, k\u0101das z\u0101les tad b\u0113rnam tiku\u0161as dotas, ja neviens nezina, kas vi\u0146am par vainu. V\u0113l\u0101k jau dokumentos redzams, ka tiku\u0161as \u0146emtas vien standarta anal\u012bzes, kur\u0101s nosaka hemoglob\u012bna l\u012bmeni utt. Un ar\u012b to rezult\u0101ti jau biju\u0161i iez\u012bm\u0113ti k\u0101 kritiski.<\/p>\n<p>\u201cVienubr\u012bd m\u0101si\u0146a pajaut\u0101ja, vai esam no R\u012bgas. Apstiprin\u0101ju. Ieteica man doties uz m\u0101j\u0101m. K\u0101 vi\u0146a man ko t\u0101du visp\u0101r var\u0113ja teikt? K\u0101 es t\u0101d\u0101 br\u012bd\u012b varu doties prom un atst\u0101t tur b\u0113rnu? Es nebiju gatava no vi\u0146a atk\u0101pties ne soli. \u0100rsti ik pa laikam n\u0101ca, bija ultrasonogr\u0101fija, p\u0113c kuras teica, ka v\u0113dera dobum\u0101 viss ir labi. Tom\u0113r es redz\u0113ju, k\u0101 vi\u0146\u0161 vaid un mok\u0101s, cik vi\u0146am ir gr\u016bti. Ar katru min\u016bti tikai gr\u016bt\u0101k, bet diagnozes k\u0101 nebija, t\u0101 nebija,\u201d jau ar asar\u0101m st\u0101sta mamma.<\/p>\n<p>Oper\u0101cija<\/p>\n<p>\u0100rsti nol\u0113mu\u0161i, ka b\u0113rnu j\u0101iemidzina kl\u012bniskaj\u0101 mieg\u0101, lai kaut nedaudz mazin\u0101tu vi\u0146a cie\u0161anas un veiktu turpm\u0101k\u0101s proced\u016bras. T\u0101 ar\u012b izdar\u012bts. Mammai pal\u016bgts iziet \u0101r\u0101, jo \u0161is skats nav pat\u012bkams. Plkst.1.30 nakt\u012b b\u0113rni\u0146\u0161 iemidzis.<\/p>\n<p>Ap plkst.3.00 pie mammas atkal atn\u0101kusi daktere un pateikusi, ka nekas nav main\u012bjies, st\u0101voklis arvien k\u013c\u016bst slikt\u0101ks. Vienreiz jau esot apst\u0101jusies sirsni\u0146a, ta\u010du medi\u0137i veiku\u0161i atdz\u012bvin\u0101\u0161anas pas\u0101kumus.<\/p>\n<p>\u201cK\u0101d\u0101 br\u012bd\u012b pie manis atn\u0101ca \u0101rsts \u2013 nezinu, vai \u0137irurgs vai anesteziologs. Ar\u012b v\u0101rdu neatceros. Vi\u0146\u0161 jaut\u0101ja, vai d\u0113ls nav s\u016bdz\u0113jies par v\u0113dera s\u0101p\u0113m p\u0113d\u0113j\u0101s dien\u0101s. Teicu, ka n\u0113, viss ir labi. Vi\u0146am esot aizdomas, ka Alberti\u0146am ir sagriezu\u0161\u0101s zarnas, t\u0101p\u0113c izveidojusies infekcija. T\u0101 reiz\u0113m gadoties. Ja laikus to nerisina, b\u0113rns var nomirt, t\u0101p\u0113c steidzami ir j\u0101oper\u0113,\u201d satrauco\u0161os notikumus atceras Katr\u012bna, kura taj\u0101 br\u012bd\u012b jau nevar\u0113jusi vairs saprast, ko dar\u012bt. Teikusi vien, lai medi\u0137i dara visu iesp\u0113jamo, lai gl\u0101btu vi\u0146as b\u0113rnu.<\/p>\n<blockquote><p>\u0100rsts gan \u0161aj\u0101 br\u012bd\u012b neesot pateicis ko svar\u012bgu \u2013 ka tobr\u012bd b\u0113rna sirds, aknas un nieres jau vairs nefunkcion\u0113ja, ka vi\u0146\u0161 anest\u0113ziju var ar\u012b neiztur\u0113t. Ta\u010du oper\u0101cija un asins p\u0101rlie\u0161ana tika veikta. <\/p><\/blockquote>\n<p>Ar\u012b te mammai ir jaut\u0101jumi: k\u0101p\u0113c j\u0101veic oper\u0101cija vien uz aizdomu pamata? Sonogr\u0101fij\u0101 ta\u010du bija redzams, k\u0101ds ir zarnu st\u0101voklis. Vai oper\u0101ciju var veikt b\u0113rnam, kuram jau vairs praktiski nefunkcion\u0113 sirds, nieres un aknas?<\/p>\n<p>P\u0113c oper\u0101cijas medi\u0137i mammu inform\u0113ju\u0161i, ka ar zarn\u0101m viss bijis labi, ka b\u016bt\u012bb\u0101 \u0161\u012b proced\u016bra nemaz nebija vajadz\u012bga. B\u0113rni\u0146\u0161 pa gaiteni aizvest gar\u0101m, izskat\u012bjies norm\u0101li. Bet mammai iet pie vi\u0146a ne\u013c\u0101va. Vi\u0146a turpin\u0101ja gaid\u012bt un skait\u012bt l\u016bg\u0161anas.<\/p>\n<p>Zviedru pal\u012bdz\u012bba<\/p>\n<p>Ap plkst.5.00 no r\u012bta atkal pien\u0101kusi pediatre, pazi\u0146ojusi, ka st\u0101voklis joproj\u0101m ir smags, tik smags, ka vairs nav skaidrs, k\u0101 pal\u012bdz\u0113t. Tobr\u012bd daktere inform\u0113jusi mammu, ka sazin\u0101sies ar Zviedriju, jo BKUS ir ar vi\u0146iem sadarb\u012bba.<\/p>\n<p>Katr\u012bna st\u0101sta t\u0101, k\u0101 to ir sapratusi: \u201cZviedrij\u0101 esot iek\u0101rta, ko uzliek uz kr\u016b\u0161kurvja, kas darbina iek\u0161\u0113jos org\u0101nus. Tikm\u0113r medi\u0137i veic izmekl\u0113\u0161anu un cen\u0161as atrast c\u0113loni. Latvij\u0101 \u0161\u0101du iek\u0101rtu neesot. Vien\u012bg\u0101 iesp\u0113ja ir vest uz Zviedriju. Pie mums diagnozi nevar noteikt, mums nav iek\u0101rtu. Es biju bez sp\u0113ka. Dakterei zvan\u012bja telefons, sapratu, ka no Zviedrijas. Vi\u0146a aizg\u0101ja prom. Ap plkst.6.00 atgriez\u0101s ar dokumentiem, kas man j\u0101paraksta, inform\u0113jot, ka b\u0113rnu ved\u012bs uz Zviedriju. P\u0113c oper\u0101cijas viss bija tikai pasliktin\u0101jies, es jau biju operat\u012bvi sev nopirkusi lidma\u0161\u012bnas bi\u013ceti uz Zviedriju, lai b\u016btu puis\u012btim blakus.\u201d<\/p>\n<p>\u0160\u0101dos gad\u012bjumos zviedru medi\u0137i uz Latviju brauc ar helikopteri. Ar\u012b te Katr\u012bnai ir jaut\u0101jumi: \u201cK\u0101p\u0113c zviedrus nevar\u0113ja saukt \u0101tr\u0101k? B\u0113rnam k\u013cuva tikai slikt\u0101k, k\u0101p\u0113c bija j\u0101gaida, ja jau pat piem\u0101jas b\u0113rns tika reanim\u0113ts un v\u0113l\u0101k palika tikai slikt\u0101k? \u0100rsts man deva m\u0101jienus, ka tas izmaks\u0101jot 100 000 eiro. Vai tas bija naudas d\u0113\u013c? Es to naudu b\u016btu dab\u016bjusi jebkur, kaut vai nakt\u012b, lai tikai mans b\u0113rni\u0146\u0161 tiek gl\u0101bts. Vai tie\u0161\u0101m t\u0101d\u0101 br\u012bd\u012b k\u0101dam ir j\u0101dom\u0101 par naudu? Vai b\u0113rna dz\u012bv\u012bba nav svar\u012bg\u0101ka?\u201d<\/p>\n<p>P\u0113d\u0113j\u0101 tik\u0161an\u0101s<\/p>\n<p>\u201cNo r\u012bta man atkal k\u0101d\u0101 br\u012bd\u012b at\u013c\u0101va ieiet pie Alberti\u0146a. Mani gan neviens nebr\u012bdin\u0101ja, k\u0101 vi\u0146\u0161 izskat\u0101s. Es ieg\u0101ju, ieraudz\u012bju un sa\u013cimu. <\/p>\n<blockquote><p>B\u0113rns bija palicis tr\u012bs reizes liel\u0101ks \u2013 piepampis, \u0101da zilgan\u0101 kr\u0101s\u0101, aizpampu\u0161\u0101m ac\u012bm, pa kur\u0101m pl\u016bda asaras. Tas skats bija bied\u0113jo\u0161s. <\/p><\/blockquote>\n<p>Dro\u0161i vien tas no nemit\u012bgajiem medikamentiem, kas tika vi\u0146\u0101 ievad\u012bti, k\u0101 ar\u012b no org\u0101niem, kas jau atteiku\u0161ies darboties. T\u0101ds vi\u0146\u0161 tur gul\u0113ja \u2013 uzp\u016bties, pliks, ar vienu ze\u0137\u012bti k\u0101j\u0101s,\u201d mamma atceras.<\/p>\n<p>Vi\u0146a pieg\u0101jusi pie b\u0113rna, l\u016bgusi piedo\u0161anu par visu, tobr\u012bd mazajam p\u0101r vaigiem rit\u0113ju\u0161as asaras. Mamma cer, ka vi\u0146\u0161 vi\u0146u dzird\u0113ja. Ilgi gan nevar\u0113jusi \u0161o skatu iztur\u0113t un izskr\u0113jusi \u0101r\u0101 no noda\u013cas.<\/p>\n<p>Ja jau kop\u0161 plkst.21.00 vakar\u0101 b\u0113rnam visas anal\u012bzes bija ar sarkaniem \u2013 kritiskiem r\u0101d\u012bt\u0101jiem, kas liecin\u0101ja, ka situ\u0101cija ir kritiska, ja hemoglob\u012bns asin\u012bs arvien samazin\u0101j\u0101s, ja viss bija tik slikti, ja sirds palika arvien v\u0101j\u0101ka, k\u0101p\u0113c medi\u0137i to vilka garum\u0101, turpinot eksperiment\u0113t ar oper\u0101cij\u0101m un arvien jauniem medikamentiem? Tie atkal ir jaut\u0101jumi, uz kuriem mamma atbildes joproj\u0101m nezina.<\/p>\n<p>\u201cEs raud\u0101ju to nakti bez apst\u0101jas. Ap plkst.8.00 atkal pien\u0101ca k\u0101ds v\u012brietis un aicin\u0101ja parakst\u012bt kaut k\u0101dus dokumentus. Es pildspalvu nesp\u0113ju vairs notur\u0113t rok\u0101s, vi\u0146\u0161 man pal\u012bdz\u0113ja. P\u0113c tam pie manis atkal k\u0101ds atn\u0101ca un aizveda pie Alberti\u0146a. Ieg\u0101ju un redz\u0113ju, k\u0101 vi\u0146\u0161 tur gu\u013c, apk\u0101rt ir daudzi \u0101rsti, bet monitor\u0101 vairs tikai taisna sv\u012btri\u0146a. Es nesaprotu, k\u0101p\u0113c mani tur pasauca? Es to visu redz\u0113ju. Es redz\u0113ju, k\u0101 vi\u0146\u0161 mirst, k\u0101 vi\u0146u m\u0113\u0123ina atdz\u012bvin\u0101t. Es dzird\u0113ju, k\u0101 \u0101rsts pateica, ka vi\u0146\u0161 ir miris, bet es kliedzu, ka nav. Alberti\u0146\u0161 nomira man\u0101 acu priek\u0161\u0101. <\/p>\n<blockquote><p>Es biju vi\u0146u izn\u0113s\u0101jusi, dzemd\u0113jusi, bezgal\u012bgi m\u012bl\u0113jusi un nu vi\u0146\u0161 manu acu priek\u0161\u0101 nomira\u2026\u201d Katr\u012bnai ir j\u0101ievelk elpu, lai turpin\u0101tu.<\/p><\/blockquote>\n<p>Jaut\u0101jumi paliek<\/p>\n<p>K\u0101du laiku p\u0113c b\u0113rna n\u0101ves, pal\u0101t\u0101 ar liel\u0101m som\u0101m ien\u0101ku\u0161i zviedri, kuru lidapar\u0101ts bija nolaidies R\u012bgas lidost\u0101, t\u0101p\u0113c bijis nepiecie\u0161ams papildu laiks, lai atbrauktu l\u012bdz slimn\u012bcai. Saskat\u012bju\u0161ies ar m\u016bsu \u0101rstiem un bez v\u0101rdiem sapratu\u0161ies, ka ir par v\u0113lu\u2026<\/p>\n<p>\u201cEs tur s\u0113d\u0113ju, neviens man pat nepien\u0101ca. Uz gr\u012bdas vienk\u0101r\u0161i raud\u0101ju. V\u0113l\u0101k atn\u0101ca kapel\u0101ne, teica, lai dodos prom, bet es atbild\u0113ju, ka nekur neie\u0161u. Vi\u0146i nedeva manam b\u0113rnam iesp\u0113ju dz\u012bvot, vi\u0146i neizdar\u012bja visu iesp\u0113jamo. K\u0101p\u0113c vi\u0146i eksperiment\u0113ja un kaut ko gaid\u012bja? Vi\u0146i pat v\u0113l taj\u0101 br\u012bd\u012b man nevar\u0113ja pateikt, no k\u0101 b\u0113rns nomira. \u0100rsts vien pateica, ka t\u0101ds gad\u012bjums ir otro reizi vi\u0146a dz\u012bv\u0113. B\u0113rnam vairs bija tikai 7% asi\u0146u, vi\u0146\u0161 bija sauss. Man bija to visu j\u0101redz. Medi\u0137i 12 stundu laik\u0101, nezinot pat diagnozi, pie\u013c\u0101va, ka mans d\u0113li\u0146\u0161 nomirst.\u201d<\/p>\n<p>Anal\u012b\u017eu rezult\u0101ti, kas viesa k\u0101du skaidr\u012bbu, pien\u0101ku\u0161i vien 27.j\u016bnij\u0101 plkst.10.11. Ta\u010du pat tajos v\u0113l nebija redzams, ka b\u0113rnam bija streptokoka infekcija, k\u0101 tas v\u0113l\u0101k izr\u0101d\u012bj\u0101s p\u0113c autopsijas rezult\u0101tiem (\u0123imenei tai bija oblig\u0101ti j\u0101piekr\u012bt, jo tikai t\u0101 bija iesp\u0113jams uzzin\u0101t \u012bstos n\u0101ves iemeslus).<\/p>\n<blockquote><p>Vien oktobr\u012b, kad mamma beidzot sa\u0146\u0113m\u0101s p\u0113t\u012bt dokumentus, vi\u0146a paman\u012bja, ka vienlaikus bijis ar\u012b boka v\u012bruss, kas Latvij\u0101 sastopams \u013coti reti. T\u0101tad b\u0113rnam bija divi sp\u0113c\u012bgi v\u012brusi vienlaikus, ko neviens ne\u0101rst\u0113ja, jo neatpazina.<\/p><\/blockquote>\n<p>\u0160obr\u012bd mamma ir v\u0113rsusies ar\u012b Vesel\u012bbas inspekcij\u0101, ir ierosin\u0101ts krimin\u0101lprocess pret \u0101rst\u0113jo\u0161ajiem \u0101rstiem, ta\u010du tas viss var vilkties v\u0113l m\u0113ne\u0161iem ilgi. Un ko gan tas visp\u0101r dos? K\u0101da j\u0113ga no kompens\u0101cij\u0101m vai spriedumiem? Un tom\u0113r kaut k\u0101d\u0101 zi\u0146\u0101 griboties pan\u0101kt taisn\u012bbu, griboties br\u012bdin\u0101t ar\u012b citus vec\u0101kus, k\u0101 r\u012bkoties.<\/p>\n<p>R\u0113tas un vil\u0161an\u0101s<\/p>\n<p>Reiz\u0113 ar d\u0113li\u0146a zaud\u0113jumu, Katr\u012bna piedz\u012bvojusi neskait\u0101mas vil\u0161an\u0101s \u2013 medic\u012bn\u0101, iest\u0101\u017eu darb\u012bb\u0101 un ar\u012b medijos, jo par vi\u0146as d\u0113la n\u0101ves faktu zi\u0146oja daudzi mediji, publiskojot, vi\u0146aspr\u0101t, nepatiesu inform\u0101ciju, ta\u010du vi\u0146ai pa\u0161ai nedeva iesp\u0113ju izst\u0101st\u012bt \u0161o st\u0101stu.<\/p>\n<p>Pilnu st\u0101stu dr\u012bz p\u0113c nelaimes vi\u0146a esot atkl\u0101jusi port\u0101lam Delfi, ta\u010du \u017eurn\u0101liste v\u0113l\u0101k pazudusi un \u012bsti pat nav vairs atbild\u0113jusi uz e-pastiem, kuros Katr\u012bna vaic\u0101jusi, vai raksts taps. Katr\u012bna ir dusm\u012bga par \u0161\u0101du medija attieksmi br\u012bd\u012b, kad vi\u0146ai tik \u013coti bija nepiecie\u0161ams atbalsts, cita starp\u0101 ar\u012b no medijiem.<\/p>\n<blockquote><p>\u201cJoproj\u0101m sp\u0113ju dz\u012bvot, tikai lietojot stiprus medikamentus un dom\u0101jot par to, ka man ir otrs b\u0113rns, kuram esmu vajadz\u012bga. Atbalsta no malas praktiski nav. <\/p><\/blockquote>\n<p>Kaut vai viens piem\u0113rs \u2013 p\u0113c maz\u0101 br\u0101l\u012b\u0161a n\u0101ves n\u0101kamaj\u0101 dien\u0101 medi\u0137i ieteica aizvest uz p\u0101rbaud\u0113m ar\u012b vec\u0101ko d\u0113lu. Pati nesp\u0113ju braukt, mani veda radiniece. Ieg\u0101j\u0101m visi kop\u0101 BKUS, bet man s\u0101k\u0101s panika, ieraugot pal\u0101tu, kur\u0101 Alberti\u0146\u0161 tika ievietots. Es visa tr\u012bc\u0113ju, man bija \u013coti slikti. <\/p>\n<p>Radiniece skr\u0113ja pie medm\u0101s\u0101m, l\u016bdzot k\u0101dus medikamentus un \u0101tri izskaidrojot, ka nupat esmu zaud\u0113jusi b\u0113rnu. Diem\u017e\u0113l medm\u0101sas atbild\u0113ja, ka ir \u017e\u0113l, bet pal\u012bdz\u0113t nevarot, \u0161\u0101d\u0101s reiz\u0113s esot j\u0101\u0146em l\u012bdzi savi medikamenti. K\u0101di savi medikamenti? Es visp\u0101r nebiju aptv\u0113rusi, kas notiek. Bez tam \u2013 kad oktobr\u012b pal\u016bdzu sagatavot dokumentus, man tos bija j\u0101gaida ned\u0113\u013cu (lai gan notikums bija jau pirms krietna laika) un tajos <\/p>\n<blockquote><p>bija nepatiesa inform\u0101cija, ka b\u0113rns slimojis jau no 23.j\u016bnija, ta\u010du gan b\u0113rnud\u0101rza izzi\u0146a gan m\u016bsu L\u012bgo sv\u0113tku fotogr\u0101fijas par\u0101da, ka d\u0113ls bija piln\u012bgi vesels,\u201d st\u0101sta Katr\u012bna, slaukot asaras.<\/p><\/blockquote>\n<p>Ir ac\u012bmredzams, ka sievietei joproj\u0101m b\u016btu nepiecie\u0161ams emocion\u0101ls atbalsts, ta\u010du vi\u0146a t\u0101du nesa\u0146emot. Labi, ka vec\u0101kais d\u0113ls tagad var apmekl\u0113t smil\u0161u terapiju. Kad v\u0113rsu\u0161ies k\u0101d\u0101 no atbalsta organiz\u0101cij\u0101m, pied\u0101v\u0101tas grupu nodarb\u012bbas, ta\u010du t\u0101s notiktu liel\u0101koties kop\u0101 ar sieviet\u0113m, kas zaud\u0113ju\u0161as v\u012brus. T\u0101s ir pavisam cit\u0101das skumjas, t\u0101p\u0113c Katr\u012bna uzreiz sapratusi, ka pat nev\u0113las s\u0101kt tur neko par sevi st\u0101st\u012bt. <\/p>\n<p>\u201cM\u016bsu valst\u012b t\u0101 notiek \u2013 dz\u012bve at\u0146em visd\u0101rg\u0101ko, bet tevi vienk\u0101r\u0161i iemet un peldi t\u0101l\u0101k, k\u0101 pats sp\u0113j. M\u0113\u0123in\u0101m pa\u0161i tikt gal\u0101. Beidzot vismaz esmu sa\u0146\u0113musies s\u0101kt par to visu run\u0101t, ar\u012b \u0161aj\u0101 intervij\u0101. Es saprotu, ka man ir j\u0101br\u012bdina citi vec\u0101ki \u2013 non\u0101kot slimn\u012bc\u0101 ar b\u0113rnu, v\u0113lams fotograf\u0113t un fiks\u0113t visu, kas notiek. Tas var noder\u0113t, jo cit\u0101di ir neiesp\u0113jami pier\u0101d\u012bt medi\u0137u atbild\u012bbu.\u201d<\/p>\n<p>Katr\u012bna ar\u012b apgalvo, ka no slimn\u012bcas atbalstu neesot sa\u0146\u0113musi: \u201cNeviens man nav zvan\u012bjis, atvainojies, kaut ko paskaidrojis, noskaidrojis, vai nav nepiecie\u0161ama pal\u012bdz\u012bba. It k\u0101 nekas neb\u016btu noticis. Varu no sirds pateikties vien savai juristei, kura cen\u0161as mums pal\u012bdz\u0113t un atbalsta m\u016bsu \u0123imeni.\u201d<\/p>\n<blockquote><p>Tikm\u0113r Alberti\u0146a kaps ir uzpuc\u0113ts un skaists. \u0122imene tur dodas katru ned\u0113\u013cas nogali. Lielais br\u0101lis atska\u0146o mazajam m\u016bziku, visi tur dodas paraud\u0101t. Katr\u012bna nevar beigt d\u0113li\u0146am pie kapa atvainoties, ka nav sp\u0113jusi vi\u0146u nosarg\u0101t. Nav ne jausmas, vai k\u0101dreiz k\u013c\u016bs viegl\u0101k\u2026<\/p><\/blockquote>\n<p>BKUS koment\u0101rs par \u0161o gad\u012bjumu<\/p>\n<p>Teju katr\u0101 situ\u0101cij\u0101 ir vair\u0101kas puses, ar\u012b \u0161aj\u0101, t\u0101p\u0113c sazin\u0101jos ar BKUS valdes locekli Zani Straumi, jaut\u0101jot gan par \u0161o konkr\u0113to gad\u012bjumu, gan par kop\u0113jo situ\u0101ciju.<\/p>\n<blockquote><p>\u201cB\u0113rnu slimn\u012bc\u0101 m\u0113s l\u012bdzp\u0101rdz\u012bvojam vis\u0101m \u0123imen\u0113m, kur\u0101m n\u0101kas saskarties ar b\u0113rna n\u0101vi. <\/p><\/blockquote>\n<p>Par konkr\u0113tiem gad\u012bjumiem koment\u0101ru dr\u012bkst sniegt tikai b\u0113rnu likumiskie p\u0101rst\u0101vji, B\u0113rnu slimn\u012bca stingri iev\u0113ro Pacientu ties\u012bbu likum\u0101 noteikto medic\u012bnisk\u0101s inform\u0101cijas konfidencialit\u0101ti. Likumiskajiem p\u0101rst\u0101vjiem, kuri v\u0113r\u0161as pie mums, atbildam uz katru jaut\u0101jumu. T\u0101pat esam gatavi sniegt atbalstu vis\u0101m \u0123imen\u0113m, kas zaud\u0113ju\u0161as b\u0113rnu, kur\u0161 ir bijis m\u016bsu pacients.\u201d<\/p>\n<p>T\u0101 k\u0101 Katr\u012bna apgalvo, ka nav sa\u0146\u0113musi praktiski nek\u0101du atbalstu gr\u016btaj\u0101 br\u012bd\u012b, jaut\u0101ju ar\u012b, k\u0101 slimn\u012bc\u0101 ir pie\u0146emts r\u012bkoties \u0161\u0101dos gad\u012bjumos.<br \/>\u201cJa b\u0113rnam ir bijusi smaga hroniska slim\u012bba un vi\u0146a \u0123imene jau slim\u012bbas laik\u0101 sa\u0146\u0113musi atbalstu \u201cAtbalsta projekt\u0101\u201d (Projekts 4.3.6.3\/1\/23\/I\/001 \u201cAtbalsta sist\u0113mas izveide b\u0113rniem ar smag\u0101m saslim\u0161an\u0101m un vi\u0146u \u0123imenes locek\u013ciem), tad p\u0113c b\u0113rna n\u0101ves slimn\u012bc\u0101 taj\u0101 pa\u0161\u0101 dien\u0101 piesaist\u012btie projekta speci\u0101listi (p\u0113c nepiecie\u0161am\u012bbas \u2013 psihologs, soci\u0101lais darbinieks, kapel\u0101ns) ir kop\u0101 ar \u0123imeni un sniedz pal\u012bdz\u012bbu, k\u0101 ar\u012b inform\u0101ciju, k\u0101du atbalstu un k\u0101d\u0101 veid\u0101 vi\u0146i var sa\u0146emt p\u0113c tam.<\/p>\n<p>Ja b\u0113rns ir bijis B\u0113rnu slimn\u012bcas Paliat\u012bv\u0101s apr\u016bpes dienesta pacients, darbinieki labi paz\u012bst \u0123imeni, jo k\u0101du laiku ir biju\u0161i blakus k\u0101 apr\u016bp\u0113t\u0101ji un padomdev\u0113ji. Daudzi vec\u0101ki jau iepriek\u0161 konsult\u0113ju\u0161ies ar Paliat\u012bv\u0101 apr\u016bpes dienesta psihologu un turpina sazin\u0101ties ar vi\u0146u. T\u0101pat nereti atbalsts nepiecie\u0161ams ar\u012b citiem miru\u0161\u0101 b\u0113rna \u0123imenes locek\u013ciem un tuviniekiem. Tiek organiz\u0113tas ar\u012b s\u0113ro\u0161anas grupas vec\u0101kiem, kuri zaud\u0113ju\u0161i b\u0113rnu. Pieteik\u0161an\u0101s psihoemocion\u0101lajam atbalstam notiek kl\u0101tien\u0113 vai pa t\u0101lruni: 29403295<\/p>\n<p>Ja b\u0113rnu ir apr\u016bp\u0113jis Paliat\u012bv\u0101s apr\u016bpes dienests, vec\u0101ki var izv\u0113l\u0113ties soci\u0101l\u0101 darbinieka un\/vai kapel\u0101na atbalstu sa\u0146emt caur Labkl\u0101j\u012bbas ministriju.<\/p>\n<p>Ja vec\u0101ki b\u0113rna \u0101rst\u0113\u0161anas laik\u0101 ir paliku\u0161i B\u0113rnu slimn\u012bcas fonda Vec\u0101ku m\u0101j\u0101, nereti p\u0113c atbalsta vi\u0146i v\u0113r\u0161as pie psihologa vai kapel\u0101na, kur\u0161 atbalsta \u0123imenes caur \u0161o patv\u0113ruma vietu. Pieteik\u0161an\u0101s Vec\u0101ku m\u0101j\u0101 notiek kl\u0101tien\u0113 vai pa t\u0101lruni: 29461313<\/p>\n<p>Citos gad\u012bjumos, liel\u0101koties, ja b\u0113rna n\u0101ve bijusi p\u0113k\u0161\u0146a, kr\u012bzes psihoemocion\u0101lo, gar\u012bgo un soci\u0101lo atbalstu sniedz tie B\u0113rnu slimn\u012bcas speci\u0101listi, kuri konkr\u0113taj\u0101 br\u012bd\u012b ir pieejami. Soci\u0101l\u0101 dienesta darbiniekiem un psihologiem par b\u0113rna n\u0101vi pazi\u0146o \u0101rsts, kur\u0161 \u0101rst\u0113jis b\u0113rnu, vai ar\u012b Anesteziolo\u0123ijas un intens\u012bv\u0101s terapijas noda\u013cas \u0101rsts.<\/p>\n<blockquote><p>L\u012bdzj\u016bt\u012bbu b\u0113rna \u0123imenes locek\u013ciem var paust katrs no slimn\u012bcas darbiniekiem, kuram ir saskarsme ar \u0123imeni, savuk\u0101rt atbalsta organiz\u0113\u0161ana var ietvert ar\u012b intervenci kr\u012bzes situ\u0101cij\u0101. Daudzi pacienti un \u0123imenes dz\u012bves beig\u0101s \u013coti pa\u013caujas uz savu gar\u012bgumu un tic\u012bbu, t\u0101p\u0113c b\u016btisks var b\u016bt gar\u012bgais atbalsts, ko sniedz slimn\u012bcas kapel\u0101ns. <\/p><\/blockquote>\n<p>Soci\u0101lais darbinieks b\u0113rna vec\u0101kiem vai likumiskajiem p\u0101rst\u0101vjiem var sniegt praktisku atbalstu da\u017e\u0101du soci\u0101lo jaut\u0101jumu risin\u0101\u0161an\u0101 sadarb\u012bb\u0101 ar valsts un pa\u0161vald\u012bbu soci\u0101laj\u0101m vai cit\u0101m instit\u016bcij\u0101m.<\/p>\n<p>Ja miru\u0161\u0101 b\u0113rna \u0123imenei nepiecie\u0161ams psihoemocion\u0101ls atbalsts ar\u012b turpm\u0101k, B\u0113rnu slimn\u012bc\u0101 ir rastas iesp\u0113jas to nodro\u0161in\u0101t. Pieteik\u0161an\u0101s var notikt kl\u0101tien\u0113 sarunu laik\u0101 vai pa t\u0101lruni: 26 326 088<\/p>\n<p>T\u0101pat B\u0113rnu slimn\u012bcas darbinieki vienm\u0113r sniegs ieteikumus, kur vec\u0101kiem vislab\u0101k v\u0113rsties p\u0113c atbalsta tik gr\u016bt\u0101 dz\u012bves br\u012bd\u012b, piem\u0113ram, kr\u012bzes centr\u0101 \u201cSkalbes\u201d, programm\u0101 \u201cDz\u012bve un s\u0113ras\u201d (nodibin\u0101jum\u0101 \u201cTor\u0146akalna fonds\u201d), programm\u0101 \u201cKalniem p\u0101ri\u201d un citviet. Kad b\u0113rna vec\u0101ki ierodas Patolo\u0123ijas dienest\u0101 p\u0113c mir\u0161anas apliec\u012bbas, vi\u0146iem tiek iedota informat\u012bva lapa ar nepiecie\u0161amajiem kontaktiem.\u201d<\/p>\n<p>K\u0101 notiek sadarb\u012bba ar Zviedrijas kl\u012bniku? Cik bie\u017ei Latvij\u0101 to izmantojam?<\/p>\n<p>\u201cAtbildot uz jaut\u0101jumu par sadarb\u012bbu ar Karolinskas universit\u0101tes kl\u012bniku, izsak\u0101m pateic\u012bbu Zviedrijas kol\u0113\u0123iem, kuru EKMO centra komanda nepiecie\u0161am\u012bbas gad\u012bjum\u0101 ierodas gl\u0101bt b\u0113rnu dz\u012bv\u012bbas, sniedzot iesp\u0113ju m\u0101ksl\u012bgi nodro\u0161in\u0101t sirds un plau\u0161u darb\u012bbu ar speci\u0101lu iek\u0101rtu pal\u012bdz\u012bbu sav\u0101 kl\u012bnik\u0101. Regul\u0101ri konsult\u0113jamies ar EKMO centra speci\u0101listiem, vai un kur\u0101 br\u012bd\u012b b\u0113rnam nepiecie\u0161ama vi\u0146u pal\u012bdz\u012bba. Sadarb\u012bba ar Karolinskas universit\u0101tes kl\u012bnikas EKMO centru norit kop\u0161 2022. gada un \u0161obr\u012bd B\u0113rnu slimn\u012bc\u0101 tiek veidota vien\u012bba, kura sp\u0113tu sagatavot b\u0113rnu p\u0101rve\u0161anai uz kl\u012bniku Stokholm\u0101 saska\u0146\u0101 ar kop\u012bgi ar Zviedrijas kol\u0113\u0123iem izstr\u0101d\u0101to k\u0101rt\u012bbu \u201cIndik\u0101cijas ekstrakorpor\u0101lai membr\u0101nu oksigen\u0101cijai (EKMO) un proced\u016bras nodro\u0161in\u0101\u0161ana\u201d. Konsult\u0101cijas un\/vai EKMO centra iesaiste neatliekam\u0101s pal\u012bdz\u012bbas snieg\u0161an\u0101 kop\u0161 sadarb\u012bbas s\u0101kuma bijusi vid\u0113ji 6 l\u012bdz 12 reizes gad\u0101. M\u0113s esam \u013coti pateic\u012bgi ikvienam iesaist\u012btajam, tai skait\u0101 Nacion\u0101lajam vesel\u012bbas dienestam par \u0101tro rea\u0123\u0113\u0161anu apmaksas jaut\u0101jumos, Neatliekam\u0101s medic\u012bnisk\u0101s pal\u012bdz\u012bbas dienesta Specializ\u0113t\u0101 medic\u012bnas centra kol\u0113\u0123iem par operat\u012bvu transportl\u012bdzek\u013cu organiz\u0113\u0161anu un veiktaj\u0101m proced\u016br\u0101m R\u012bgas lidost\u0101.\u201d<\/p>\n<p>Koment\u0113 vesel\u012bbas inspekcija<\/p>\n<p>K\u0101 zin\u0101ms, Katr\u012bna iesniegusi pieteikumu ar\u012b Vesel\u012bbas inspekcijai, tiesa gan, tas v\u0113l ir izskat\u012b\u0161an\u0101, l\u012bdz ar to skaidrs, ka tikm\u0113r inspekcija pagaid\u0101m v\u0113l detaliz\u0113ti \u0161o gad\u012bjumu koment\u0113t nevar.<\/p>\n<p>Vai s\u016bdz\u012bbu skaits ar gadiem palielin\u0101s? Vesel\u012bbas inspekcij\u0101 esot sa\u0146emtas s\u016bdz\u012bbas par sniegt\u0101s vesel\u012bbas apr\u016bpes kvalit\u0101ti BKUS: 2023. gad\u0101 \u2013 10; 2024. gad\u0101 \u2013  16; bet 2025. gad\u0101 l\u012bdz septembrim \u2013 14. Visbie\u017e\u0101k s\u016bdz\u012bbas sa\u0146emtas par vesel\u012bbas apr\u016bpes kvalit\u0101ti pediatrijas specialit\u0101t\u0113.<\/p>\n<p>K\u0101 skaidro inspekcij\u0101, no 2023. gad\u0101 sa\u0146emtaj\u0101m 10 s\u016bdz\u012bb\u0101m 3 gad\u012bjumos tika lemts par korekt\u012bvo darb\u012bbu noteik\u0161anu slimn\u012bcai. 2024. gad\u0101 no 16 s\u016bdz\u012bb\u0101m korekt\u012bv\u0101s darb\u012bbas noteiktas 2 gad\u012bjumos, bet 2025. gada pirmajos devi\u0146os m\u0113ne\u0161os no 14 s\u016bdz\u012bb\u0101m korekt\u012bv\u0101s darb\u012bbas noteiktas 2 gad\u012bjumos.<\/p>\n<p>\u0100rstniec\u012bbas riska fond\u0101 par BKUS izskat\u012bti iesniegumi:<br \/>\u2022\t2023. gad\u0101 \u2013 \u0100rstniec\u012bbas riska fond\u0101 kop\u0101 sa\u0146emti 220 iesniegumi, no tiem 5 par BKUS (1 gad\u012bjum\u0101 konstat\u0113ts kait\u0113jums),<br \/>\u2022\t2024. gad\u0101 \u2013 \u0100rstniec\u012bbas riska fond\u0101 kop\u0101 sa\u0146emts 221 iesniegums, no tiem 6 par BKUS  (2 gad\u012bjumos konstat\u0113ts kait\u0113jums),<br \/>\u2022\t2025. gad\u0101 l\u012bdz decembra vidum \u2013 \u0100rstniec\u012bbas riska fond\u0101 kop\u0101 sa\u0146emti 320 iesniegumi, no tiem 8 par BKUS (3 gad\u012bjumos konstat\u0113ts kait\u0113jums).<\/p>\n<blockquote><p>\u201cPar \u0161o konkr\u0113to gad\u012bjumu Vesel\u012bbas inspekcijas \u0100rstniec\u012bbas riska fond\u0101 ir sa\u0146emts iesniegums un ir uzs\u0101kta p\u0101rbaude. Pacienta atl\u012bdz\u012bbas pras\u012bjumu par vi\u0146a dz\u012bv\u012bbai vai vesel\u012bbai nodar\u012bto kait\u0113jumu, k\u0101 ar\u012b par \u0101rstniec\u012bbas izdevumu atl\u012bdzin\u0101\u0161anu izskata un l\u0113mumu pie\u0146em se\u0161u m\u0113ne\u0161u laik\u0101 <\/p><\/blockquote>\n<p>p\u0113c tam, kad Vesel\u012bbas inspekcija sa\u0146\u0113musi atl\u012bdz\u012bbas pras\u012bjumu. Ja nepiecie\u0161ams piepras\u012bt, sav\u0101kt un izv\u0113rt\u0113t papildu inform\u0101ciju, atl\u012bdz\u012bbas pras\u012bjuma izskat\u012b\u0161anas un l\u0113muma pie\u0146em\u0161anas termi\u0146\u0161 var tikt pagarin\u0101ts l\u012bdz vienam gadam,\u201d nor\u0101da Vesel\u012bbas inspekcijas Komunik\u0101cijas noda\u013cas vad\u012bt\u0101js Gints Georgs Mura\u0161evs.<\/p>\n<p>    Zi\u0146o!<\/p>\n<p>\n        Ja ar\u012b Tu v\u0113lies padal\u012bties ar savu st\u0101stu\n    <\/p>\n<p>    <a class=\"zino-calltoaction__button\" href=\"https:\/\/zino.la.lv\" rel=\"nofollow noopener\" target=\"_blank\">Zi\u0146o!<\/a><\/p>\n<p>                                \u0160is raksts ir port\u0101la LA.LV \u012bpa\u0161ums. Jebk\u0101da veida satura p\u0101rpublic\u0113\u0161ana, kop\u0113\u0161ana, izplat\u012b\u0161ana vai cit\u0101da veida izmanto\u0161ana bez iepriek\u0161\u0113jas rakstiskas at\u013caujas no LA.LV redakcijas ir aizliegta. Lai sa\u0146emtu at\u013cauju p\u0101rpublic\u0113t \u0161o rakstu, l\u016bdzu, sazinieties ar  redakciju, rakstot uz <a href=\"https:\/\/www.la.lv\/cdn-cgi\/l\/email-protection\" class=\"__cf_email__\" data-cfemail=\"4d3e3b2c3f242a240d212c63213b\" rel=\"nofollow noopener\" target=\"_blank\">[email\u00a0protected]<\/a><\/p>\n<p>T\u0113mas<\/p>\n<p>    SAIST\u012aTIE RAKSTI<\/p>\n","protected":false},"excerpt":{"rendered":"Vi\u0146a nezina, vai pag\u0101jus\u012b vasara bija saulaina, vai ruden\u012b nokrita kokiem lapas un vai \u0161oziem jau ir bijis&hellip;\n","protected":false},"author":2,"featured_media":93261,"comment_status":"","ping_status":"","sticky":false,"template":"","format":"standard","meta":{"footnotes":""},"categories":[12],"tags":[23,28,29,32,33,22,30,31,35,39,38,36,37,34,40,20,26,27,24,25,21],"class_list":{"0":"post-93260","1":"post","2":"type-post","3":"status-publish","4":"format-standard","5":"has-post-thumbnail","7":"category-latvija","8":"tag-aktualitates","9":"tag-breaking-news","10":"tag-breakingnews","11":"tag-featured-news","12":"tag-featurednews","13":"tag-headlines","14":"tag-latest-news","15":"tag-latestnews","16":"tag-latvia","17":"tag-latvian","18":"tag-latviesu","19":"tag-latviesu-valoda","20":"tag-latviesuvaloda","21":"tag-latvija","22":"tag-lv","23":"tag-news","24":"tag-popularakas-zinas","25":"tag-popularakaszinas","26":"tag-top-stories","27":"tag-topstories","28":"tag-zinas"},"share_on_mastodon":{"url":"https:\/\/pubeurope.com\/@lv\/115830443463766924","error":""},"_links":{"self":[{"href":"https:\/\/www.europesays.com\/lv\/wp-json\/wp\/v2\/posts\/93260","targetHints":{"allow":["GET"]}}],"collection":[{"href":"https:\/\/www.europesays.com\/lv\/wp-json\/wp\/v2\/posts"}],"about":[{"href":"https:\/\/www.europesays.com\/lv\/wp-json\/wp\/v2\/types\/post"}],"author":[{"embeddable":true,"href":"https:\/\/www.europesays.com\/lv\/wp-json\/wp\/v2\/users\/2"}],"replies":[{"embeddable":true,"href":"https:\/\/www.europesays.com\/lv\/wp-json\/wp\/v2\/comments?post=93260"}],"version-history":[{"count":0,"href":"https:\/\/www.europesays.com\/lv\/wp-json\/wp\/v2\/posts\/93260\/revisions"}],"wp:featuredmedia":[{"embeddable":true,"href":"https:\/\/www.europesays.com\/lv\/wp-json\/wp\/v2\/media\/93261"}],"wp:attachment":[{"href":"https:\/\/www.europesays.com\/lv\/wp-json\/wp\/v2\/media?parent=93260"}],"wp:term":[{"taxonomy":"category","embeddable":true,"href":"https:\/\/www.europesays.com\/lv\/wp-json\/wp\/v2\/categories?post=93260"},{"taxonomy":"post_tag","embeddable":true,"href":"https:\/\/www.europesays.com\/lv\/wp-json\/wp\/v2\/tags?post=93260"}],"curies":[{"name":"wp","href":"https:\/\/api.w.org\/{rel}","templated":true}]}}