{"id":93272,"date":"2026-01-03T09:36:08","date_gmt":"2026-01-03T09:36:08","guid":{"rendered":"https:\/\/www.europesays.com\/lv\/93272\/"},"modified":"2026-01-03T09:36:08","modified_gmt":"2026-01-03T09:36:08","slug":"pedeja-laika-es-nekur-nelienu-un-nerunaju-humora-un-vertigu-atzinu-pilna-liela-intervija-ar-raimondu-paulu","status":"publish","type":"post","link":"https:\/\/www.europesays.com\/lv\/93272\/","title":{"rendered":"\u201cP\u0113d\u0113j\u0101 laik\u0101 es nekur nelienu un nerun\u0101ju,\u201d humora un v\u0113rt\u012bgu atzi\u0146u pilna liel\u0101 intervija ar Raimondu Paulu"},"content":{"rendered":"<p>    <img decoding=\"async\" src=\"https:\/\/www.europesays.com\/lv\/wp-content\/uploads\/2026\/01\/FotoJet-13-1-1024x646.jpg\" alt=\"&#10;\"\/><\/p>\n<p>K\u0101du Maestro Raimonda Paula melodiju zina katrs latvietis. Ar vi\u0146a m\u016bziku ir izaugu\u0161as vair\u0101kas latvie\u0161u paaudzes. 2026. ir Maestro jubilejas gads, un m\u0113s atkal celsimies un dosimies n\u0101kotn\u0113 Maestro Raimonda Paula m\u016bzikas iedvesmoti.<\/p>\n<p>        Las\u012bt\u0101kie<br \/>\n        <a data-imagesrc=\"{&quot;300&quot;:&quot;https:\\\/\\\/lastatic.ams3.cdn.digitaloceanspaces.com\\\/2015\\\/01\\\/VWPassatB6_11-300x200.jpg&quot;,&quot;80&quot;:&quot;https:\\\/\\\/lastatic.ams3.cdn.digitaloceanspaces.com\\\/2015\\\/01\\\/VWPassatB6_11-80x48.jpg&quot;,&quot;112&quot;:&quot;https:\\\/\\\/lastatic.ams3.cdn.digitaloceanspaces.com\\\/2015\\\/01\\\/VWPassatB6_11-112x64.jpg&quot;,&quot;664&quot;:&quot;https:\\\/\\\/lastatic.ams3.cdn.digitaloceanspaces.com\\\/2015\\\/01\\\/VWPassatB6_11-664x443.jpg&quot;,&quot;239&quot;:&quot;https:\\\/\\\/lastatic.ams3.cdn.digitaloceanspaces.com\\\/2015\\\/01\\\/VWPassatB6_11-239x160.jpg&quot;,&quot;263&quot;:&quot;https:\\\/\\\/lastatic.ams3.cdn.digitaloceanspaces.com\\\/2015\\\/01\\\/VWPassatB6_11-263x175.jpg&quot;,&quot;506&quot;:&quot;https:\\\/\\\/lastatic.ams3.cdn.digitaloceanspaces.com\\\/2015\\\/01\\\/VWPassatB6_11-506x338.jpg&quot;,&quot;118&quot;:&quot;https:\\\/\\\/lastatic.ams3.cdn.digitaloceanspaces.com\\\/2015\\\/01\\\/VWPassatB6_11-118x70.jpg&quot;,&quot;348&quot;:&quot;https:\\\/\\\/lastatic.ams3.cdn.digitaloceanspaces.com\\\/2015\\\/01\\\/VWPassatB6_11-348x225.jpg&quot;,&quot;640&quot;:&quot;https:\\\/\\\/lastatic.ams3.cdn.digitaloceanspaces.com\\\/2015\\\/01\\\/VWPassatB6_11-640x534.jpg&quot;,&quot;90&quot;:&quot;https:\\\/\\\/lastatic.ams3.cdn.digitaloceanspaces.com\\\/2015\\\/01\\\/VWPassatB6_11-90x58.jpg&quot;,&quot;800&quot;:&quot;https:\\\/\\\/lastatic.ams3.cdn.digitaloceanspaces.com\\\/2015\\\/01\\\/VWPassatB6_11.jpg&quot;}\" data-focuspoint=\"&quot;&quot;\" data-p=\"2485867\" href=\"https:\/\/www.la.lv\/ja-tev-pieder-kada-no-sim-7-automasinam-iespejams-ir-istais-bridis-sakt-domat-par-pardosanu\" class=\"content-item lazy-load\" wp_automatic_readability=\"27.5\" rel=\"nofollow noopener\" target=\"_blank\"><\/p>\n<p>                                <img decoding=\"async\" src=\"\" alt=\"\" style=\"\" data-imageid=\"\"\/><\/p>\n<p>\n                                                Ja tev pieder k\u0101da no \u0161\u012bm 7 automa\u0161\u012bn\u0101m, iesp\u0113jams, ir \u012bstais br\u012bdis s\u0101kt dom\u0101t par p\u0101rdo\u0161anu\n                            <\/p>\n<p><\/a><a data-imagesrc=\"{&quot;300&quot;:&quot;https:\\\/\\\/lastatic.ams3.cdn.digitaloceanspaces.com\\\/2020\\\/03\\\/shutterstock_297921929-300x200.jpg&quot;,&quot;768&quot;:&quot;https:\\\/\\\/lastatic.ams3.cdn.digitaloceanspaces.com\\\/2020\\\/03\\\/shutterstock_297921929-768x513.jpg&quot;,&quot;200&quot;:&quot;https:\\\/\\\/lastatic.ams3.cdn.digitaloceanspaces.com\\\/2020\\\/03\\\/shutterstock_297921929-200x134.jpg&quot;,&quot;400&quot;:&quot;https:\\\/\\\/lastatic.ams3.cdn.digitaloceanspaces.com\\\/2020\\\/03\\\/shutterstock_297921929-400x267.jpg&quot;,&quot;500&quot;:&quot;https:\\\/\\\/lastatic.ams3.cdn.digitaloceanspaces.com\\\/2020\\\/03\\\/shutterstock_297921929-500x334.jpg&quot;,&quot;800&quot;:&quot;https:\\\/\\\/lastatic.ams3.cdn.digitaloceanspaces.com\\\/2020\\\/03\\\/shutterstock_297921929.jpg&quot;}\" data-focuspoint=\"&quot;&quot;\" data-p=\"2485199\" href=\"https:\/\/www.la.lv\/prieksmeti-ko-verts-turet-majas-jo-tie-piesaista-naudu\" class=\"content-item lazy-load\" wp_automatic_readability=\"27\" rel=\"nofollow noopener\" target=\"_blank\"><\/p>\n<p>                                <img decoding=\"async\" src=\"\" alt=\"\" style=\"\" data-imageid=\"\"\/><\/p>\n<p>                                Kokteilis<\/p>\n<p>\n                                                Priek\u0161meti, ko v\u0113rts tur\u0113t m\u0101j\u0101s, jo tie piesaista naudu\n                            <\/p>\n<p><\/a><a data-imagesrc=\"{&quot;300&quot;:&quot;https:\\\/\\\/lastatic.ams3.cdn.digitaloceanspaces.com\\\/2026\\\/01\\\/FotoJet-17-300x200.jpg&quot;,&quot;1024&quot;:&quot;https:\\\/\\\/lastatic.ams3.cdn.digitaloceanspaces.com\\\/2026\\\/01\\\/FotoJet-17-1024x683.jpg&quot;,&quot;1536&quot;:&quot;https:\\\/\\\/lastatic.ams3.cdn.digitaloceanspaces.com\\\/2026\\\/01\\\/FotoJet-17-1536x1024.jpg&quot;,&quot;500&quot;:&quot;https:\\\/\\\/lastatic.ams3.cdn.digitaloceanspaces.com\\\/2026\\\/01\\\/FotoJet-17-500x333.jpg&quot;,&quot;800&quot;:&quot;https:\\\/\\\/lastatic.ams3.cdn.digitaloceanspaces.com\\\/2026\\\/01\\\/FotoJet-17-800x533.jpg&quot;,&quot;1800&quot;:&quot;https:\\\/\\\/lastatic.ams3.cdn.digitaloceanspaces.com\\\/2026\\\/01\\\/FotoJet-17.jpg&quot;}\" data-focuspoint=\"&quot;&quot;\" data-p=\"2485414\" href=\"https:\/\/www.la.lv\/es-dzirdeju-ka-arsts-pateica-ka-vins-ir-miris-bet-es-kliedzu-ka-nav-smags-stasts-no-mammas-kuras-delina-dziviba-izdzisa-bkus\" class=\"content-item lazy-load\" wp_automatic_readability=\"29\" rel=\"nofollow noopener\" target=\"_blank\"><\/p>\n<p>                                <img decoding=\"async\" src=\"\" alt=\"\" style=\"\" data-imageid=\"\"\/><\/p>\n<p>                                RAKSTA REDAKTORS<\/p>\n<p>\n                                                \u201cEs dzird\u0113ju, k\u0101 \u0101rsts pateica, ka vi\u0146\u0161 ir miris, bet es kliedzu, ka nav\u201d \u2013 smags st\u0101sts no mammas, kuras d\u0113li\u0146a dz\u012bv\u012bba izdzisa BKUS<\/p>\n<p><\/a><br \/>\n        <a class=\"read-more\" href=\"https:\/\/www.la.lv\/top\" rel=\"nofollow noopener\" target=\"_blank\">Las\u012bt citas zi\u0146as<\/a><\/p>\n<p>Gada nogal\u0113 kol\u0113\u0123i no TV24 raid\u012bjuma \u201cNed\u0113\u013ca. Post scriptum\u201d dev\u0101s uz Raimonda Paula un Andra Kei\u0161a izr\u0101di \u201cV\u012brie\u0161i lab\u0101kos gados\u201d, p\u0113c kuras Anita Dauk\u0161te sarun\u0101j\u0101s ar Raimondu Paulu ne tikai par izr\u0101di, bet ar\u012b par da\u017e\u0101d\u0101m \u0161obr\u012bd aktu\u0101l\u0101m t\u0113m\u0101m. Ieskat\u0101mies, kas Maestro sak\u0101ms \u012bsu br\u012bdi pirms apa\u013c\u0101s jubilejas. (Raksta beig\u0101s intervija skat\u0101ma video form\u0101t\u0101.)<\/p>\n<p>Anita Dauk\u0161te: Nupat nosl\u0113dz\u0101s 118. izr\u0101de \u201cV\u012brie\u0161i lab\u0101kos gados\u201d. Es atceros, Maestro, j\u016bs teic\u0101t, ka savu jubileju gribat svin\u0113t tie\u0161i ar \u0161o izr\u0101di. K\u0101p\u0113c?<\/p>\n<p>    CITI \u0160OBR\u012aD LASA<\/p>\n<p>Raimonds Pauls: T\u0101p\u0113c, ka lab\u0101ks mums nekas nav. Tur ir atrasts tas moments, par ko var sap\u0146ot visi \u2013 labs kontakts ar publiku. Vi\u0146i dzied l\u012bdzi tos vecos meldi\u0146us, ir cilv\u0113ki, kas to atceras, kam t\u0101 ir saist\u012bba ar jaun\u012bbu, ar latvie\u0161u dziesmu s\u0101kumiem. Tur viss ir \u2013 izdev\u0101s par \u0161o te viegli pasmieties. Mums izdev\u0101s, jo m\u0113s jau neiz\u0146irdzam, vienk\u0101r\u0161i ar smaidi\u0146u, ar ironiju ir mums daudz, par ko run\u0101t.<\/p>\n<p>Par t\u0101du kontaktu, k\u0101ds mums tur ir, var tikai sap\u0146ot. Dievs dod, lai v\u0113l kaut ko taml\u012bdz\u012bgu izdotos, bet nezinu, vai izdosies. [..]<\/p>\n<p>J\u016bs nupat sa\u0146\u0113m\u0101t valsts augst\u0101ko apbalvojumu, un taj\u0101 br\u012bd\u012b, kad j\u016bs vi\u0146u sa\u0146\u0113m\u0101t, j\u016bs ar\u012b teic\u0101t, ka \u0161aj\u0101 koncert\u0101 neb\u016bs to v\u0101rdu, kas jums to ordeni pie\u0161\u0137\u012bru\u0161i. J\u016bs turat to sol\u012bjumu?<\/p>\n<p>Bet cik ilgi es to dom\u0101ju, vai to teikt vai neteikt! Jo tan\u012b auditorij\u0101 at\u013cauties kaut ko teikt, ja, kuri nav pieradu\u0161i visp\u0101r pie t\u0101da \u017eanra k\u0101 viegls smaids. Tur tikai lasa tos apbalvojumus un ar dr\u016bm\u0101m sej\u0101m visi aizbrauc m\u0101j\u0101s. Ar\u012b p\u0113c tam, kad es dab\u016bju to apbalvojumu, nekas nav main\u012bjies. [..]<\/p>\n<p>Mums visi tie pas\u0101kumi ir sausi, v\u0113l tas koris tur no\u017e\u0113lojami kaut ko velk. Un tie v\u0113l ar dr\u016bmiem \u0123\u012bmjiem tur. Neviens pat neat\u013caujas tur kaut ko pasmaid\u012bt vai kaut ko. Es dom\u0101ju, ka to vajadz\u0113ja sav\u0101d\u0101k visu. Tas ordenis ir liela\u2026 Pirmk\u0101rt, m\u0113s tam neizr\u0101d\u0101m cie\u0146u. M\u0113s ar vi\u0146u Latvij\u0101 esam daudz, es neesmu redz\u0113jis, ka k\u0101ds vi\u0146u n\u0113s\u0101tu svin\u012bgos valsts sv\u0113tkos vai kur. Agr\u0101k vajadz\u0113ja ar to lenti, ar visu, tas bija baigi skaisti. Fraka bija vajadz\u012bga, tas bija skaisti. <\/p>\n<blockquote><p>Bet \u0161odien jau demokr\u0101tija visp\u0101r ir nolikvid\u0113ta k\u0101 t\u0101da, tagad vien\u012bg\u0101 diplom\u0101tija ir autom\u0101ts rok\u0101. <\/p><\/blockquote>\n<p>Tagad m\u0113s esam non\u0101ku\u0161i pie politikas.<\/p>\n<p>Tur par to lab\u0101k nemaz n\u0113, jo man tagad ir t\u0101 pieredze, es, paldies Dievam, novilku l\u012bdz gandr\u012bz 90, bet tam, kam es esmu visam g\u0101jis cauri.. Vai, Dievi\u0146! Vai, Dievi\u0146!  K\u0101 viss tika dar\u012bts, k\u0101 tika zagts, k\u0101 main\u012bja tos ka\u017eokus. Viss tas ir bijis.<\/p>\n<blockquote><p>Vien\u012bgais, kas mani izsita, man bija tr\u012bs b\u0113res p\u0113c k\u0101rtas un v\u0113l pa\u0161u beig\u0101s slimn\u012bc\u0101 ar\u012b ieb\u0101za. Tr\u012bs b\u0113res \u2013 sieva aizg\u0101ja, m\u0101sa un J\u0101nis Peters p\u0113c k\u0101rtas. Cits b\u016btu man\u0101 viet\u0101 dz\u0113ris, es varu to at\u013cauties tagad, bet es nedzeru. Bet diezgan interesanta dz\u012bv\u012bte. <\/p><\/blockquote>\n<p>Es atradu interviju j\u016bsu, ko esat sniedzis \u201cLatvijas Av\u012bzei\u201d, kad jums bija 80.jubileja.<\/p>\n<p>Ko es tur atkal teicu?<\/p>\n<p>Tur bija Eg\u012bla L\u012bc\u012b\u0161a jaut\u0101jums, k\u0101 j\u016bs j\u016btaties apokalipses priek\u0161\u0101. Ar to vi\u0146\u0161 dom\u0101ja to, ka migranti n\u0101k uz Eiropu. Tas bija pirms 10 gadiem. \u0160obr\u012bd ar\u012b jums ir t\u0101da saj\u016bta?<\/p>\n<p>Ziniet, ko es nek\u0101di nevaru pie\u0146emt un ko m\u0113s bie\u017ei vien run\u0101j\u0101m ar\u012b ar J\u0101ni Peteru, kas bija izcila person\u012bba, gr\u016bti atrast ir v\u0113l t\u0101dus, \u2013 k\u0101p\u0113c Latvija ir p\u0113d\u0113j\u0101 viet\u0101 tagad (es dom\u0101ju, t\u012bri ekonomiski). Nu absol\u016bti neiet mums. M\u0113s tagad run\u0101jam par aizsardz\u012bbu, ka mums ir j\u0101baid\u0101s no kaut k\u0101, bet visu atdot armijai, man liekas, ar\u012b nevar. Kult\u016brai ar\u012b j\u0101dod kaut ko. Cit\u0101di cilv\u0113ku jau paliek \u0101rk\u0101rt\u012bgi mazs skaits, dr\u012bz m\u0113s izmirsim, un tad m\u0113s p\u0101rvietosimies visi taj\u0101 Juglas br\u012bvdabas muzej\u0101, tur t\u0101da \u010dupi\u0146a b\u016bs latvie\u0161u. T\u0101 tas izskat\u0101s, ja t\u0101 ies uz priek\u0161u. Par t\u0101d\u0101m liet\u0101m b\u016btu j\u0101dom\u0101.<\/p>\n<p>K\u0101 izmain\u012bju\u0161\u0101s m\u0101kslas iest\u0101des, kas ar konservatoriju ir \u2013 tikai m\u016bsu atmi\u0146as par to, k\u0101da vi\u0146a bija. \u0160odien t\u0101 vairs nav t\u0101 kult\u016bras iest\u0101de, kas vi\u0146a bija k\u0101dreiz. Un ar\u012b neb\u016bs vair\u0101k. [..]<\/p>\n<p>P\u0113d\u0113j\u0101 laik\u0101 es nekur nelienu un nerun\u0101ju, jo es zinu \u2013 t\u016bl\u012bt s\u0101ks analiz\u0113t, cik tev radu ir, cik tu esi piedal\u012bjies PSRS sv\u0113tkos, kur mani komand\u0113ja no Latvijas, bija j\u0101brauc. Es esmu sp\u0113l\u0113jis Bre\u017e\u0146evam, es esmu sp\u0113l\u0113jis Andropovam un t\u0101 t\u0101l\u0101k, un t\u0101 t\u0101l\u0101k. K\u0101p\u0113c to visp\u0101r atg\u0101din\u0101t, un ko m\u0113s t\u0101du sliktu esam dar\u012bju\u0161i? Es nezinu. Bet viens, otrs atrod, vi\u0146\u0161 var ap to smird\u0113t un run\u0101t, un dar\u012bties.<\/p>\n<p>Man tagad visas dziesmas, kas bija popul\u0101r\u0101k\u0101s, ar Puga\u010dovu, viss ir aizliegts. Krievij\u0101 tas ir aizliegts, jo t\u0101 ir Puga\u010dova, Ukrain\u0101 to nedzied t\u0101p\u0113c, ka tas ir krievu valod\u0101, un t\u0101 t\u0101l\u0101k. Viss tas tirgus, ko m\u0113s ieguv\u0101m taj\u0101 laik\u0101, m\u0113s bij\u0101m tur l\u012bderi. M\u0113s ieguv\u0101m \u2013 70 vai 100 t\u016bksto\u0161i koncert\u0101, tas ir s\u012bkums. Miljoniem plates \u2013 kas tik tur netika dar\u012bts. Bet \u0161odien lab\u0101k turi muti ciet un nerun\u0101 par to. K\u0101p\u0113c?<\/p>\n<p>Ko es vienm\u0113r esmu teicis, lai nu kas padomju laik\u0101 bija labs, bet P\u0113terburgas un Maskavas konservatorijas bija super l\u012bme\u0146a iest\u0101des. Bet nu viss tur ir pagriezies, velns vi\u0146u zina visp\u0101r. Par\u0101d\u0101s viens un s\u0101k dikt\u0113t savus noteikumus.<\/p>\n<p>Bet n\u0101kamais gads ir j\u016bsu jubilejas gads.<\/p>\n<p>Nu k\u0101ds, k\u0101ds, kas tur\u2026<\/p>\n<p>Visiem mums liels notikums.<\/p>\n<p>Nek\u0101 tur nav, tas ir tikai, lai piekabina manu v\u0101rdu kl\u0101t un var p\u0101rdot bi\u013cetes. Es uz to visu skatos pavisam sav\u0101d\u0101k.<\/p>\n<p>Bet j\u016bs gaid\u0101t? Jums b\u016bs dziesmu sv\u0113tki.<\/p>\n<p>L\u016bk, tos es gribu aizliegt. J\u0101. Jo es negribu, lai tie cilv\u0113ki r\u012bko. To, ko man zi\u0146o jau tagad, kas tur dar\u0101s\u2026 Tur n\u0101ks gaism\u0101. Nedod Dievs, ja pacels to biju\u0161o m\u016bzikas dz\u012bves vad\u012bt\u0101ju, visas t\u0101s vi\u0146a izdar\u012bbas, ja to pacels gaism\u0101, nu, tur ir drausmu lietas. K\u0101 t\u0101 visa kult\u016bras naudi\u0146a tur ir g\u0101jusi, un kur vi\u0146a ir g\u0101jusi, un k\u0101 tas viss ir dar\u012bts. T\u0101 nevar.<\/p>\n<p>T\u0101p\u0113c es negribu, lai tie uzv\u0101rdi t\u0101di tur visp\u0101r. Ar k\u0101d\u0101m ties\u012bb\u0101m? Es ta\u010du nepiekritu, lai vi\u0146i to r\u012bko, vi\u0146i ta\u010du uz savu galvu. No lauku kolekt\u012bviem, kur es grib\u0113ju, lai vi\u0146iem atrod naudu priek\u0161 ce\u013ca, lai vi\u0146i brauc, vi\u0146i no vi\u0146iem tagad pl\u0113\u0161 naudu par piedal\u012b\u0161anos. K\u0101p\u0113c t\u0101? Un kas vi\u0146i t\u0101di ir? Ja tie v\u0113l b\u016btu k\u0101di lielie diri\u0123enti, bet nekas jau vi\u0146i nav. Vi\u0146i tur r\u012bkojas. Naudi\u0146a bija vi\u0146u rok\u0101s, vi\u0146i tur komand\u0113ja. T\u0101 tas ir. Par ko es te s\u016bdzos?<\/p>\n<p>Bet varb\u016bt kaut ko skaistu? Ko j\u016bs mums nov\u0113lat j\u016bsu jubilej\u0101? Latvie\u0161u tautai, skat\u012bt\u0101jiem.<\/p>\n<p>Nu ko es varu nov\u0113l\u0113t? Esmu izaudzis ar saviem vec\u0101kiem, kas nebija nek\u0101di bag\u0101tnieki, es zinu, ka svar\u012bg\u0101kais vi\u0146iem bija kaut ko nopeln\u012bt dz\u012bv\u0113. Mamma audz\u0113ja tom\u0101tus, veda kaut k\u0101d\u0101 burci\u0146\u0101 uz tirgu, lai mums b\u016btu. Man bija viegli padomju laik\u0101, es biju no str\u0101dnieku \u0123imenes, t\u0113vs par nelielu aldzi\u0146u str\u0101d\u0101ja fabrik\u0101. M\u0113s tam visam esam g\u0101ju\u0161i cauri, m\u0113s \u013coti labi zin\u0101m, ko tas noz\u012bm\u0113, kas ir cilv\u0113kiem vajadz\u012bgs. <\/p>\n<blockquote><p>Vi\u0146iem ir j\u0101b\u016bt darbam un lai vi\u0146\u0161 var nopeln\u012bt, un tad viss p\u0101r\u0113jais jau regul\u0113sies. L\u012bdz ko par\u0101d\u012bsies nauda, b\u016bs ar\u012b te\u0101tra apmekl\u0113t\u0101js, uz kino ies un t\u0101 t\u0101l\u0101k. T\u0101 ir t\u0101da primit\u012bva lieta \u2013 labkl\u0101j\u012bba.<\/p><\/blockquote>\n<p>K\u0101p\u0113c vi\u0146i nesas visi prom uz t\u0101m \u0101rzem\u0113m? T\u0101p\u0113c, ka tur ir divreiz, tr\u012bsreiz liel\u0101ka alga. Latvie\u0161iem ir pozit\u012bva \u012bpa\u0161\u012bba \u2013 vi\u0146i jebkuros apst\u0101k\u013cos m\u0101k kaut k\u0101 izdz\u012bvot. Piem\u0113ram, tagad mana meita kaut kur k\u0101d\u0101 veikali\u0146\u0101 ir dab\u016bjusi iev\u0101r\u012bjumu. K\u0101du iev\u0101r\u012bjumu? \u0100bolu iev\u0101r\u012bjumu. Es kaut ko tik gar\u0161\u012bgu neesmu \u0113dis. Vienk\u0101r\u0161i kaut k\u0101da lauku tante Limba\u017eos sav\u0101s m\u0101j\u0101s sagrie\u017e tos \u0101bol\u012b\u0161us, ar vis\u0101m s\u0113kl\u0101m, bet vi\u0146a uztaisa tik for\u0161i, ka tas ir super iev\u0101r\u012bjums.<\/p>\n<p>T\u0101 jau tagad san\u0101k rekl\u0101ma.<\/p>\n<p>Es labpr\u0101t tiem lauku cilv\u0113kiem, kas nodarbojas. Vi\u0146i jau ir diezgan daudz radu\u0161ies, tie priv\u0101tie, bet tos ar\u2019 jau \u017e\u0146audz nost. Vai no t\u0101s tanti\u0146as ir j\u0101\u0146em nodok\u013ci, kas tur ce\u013cmal\u0101 izved tos \u0101bol\u012b\u0161us vai \u0137ir\u0161us p\u0101rdot? Nu, lai vi\u0146a p\u0101rdod! Vi\u0146a no t\u0101 dz\u012bvo. N\u0113, vi\u0146iem tur v\u0113l j\u0101b\u0101\u017eas ar saviem nodok\u013ciem.<\/p>\n<p>Tagad ir j\u0101parakst\u0101s par koncertiem, cik tur at\u013cauj\u0101m ir j\u0101b\u016bt, velns vi\u0146u zina, cik tur pap\u012bru. Paskaties tie, kas tur tajos amatos raujas. Agr\u0101k m\u0113s vi\u0146us zin\u0101j\u0101m \u2013 Kult\u016bras ministrija n\u0101ca, vai nu vi\u0146\u0161 tur bija kaut k\u0101ds arhitekts, vai re\u017eisors, kaut vai ar\u012b no\u017e\u0113lojams komponists \u2013 vi\u0146am bija kaut k\u0101da saite. Tie kaut ko vismaz saprata. <\/p>\n<p>Person\u012bbu par maz politik\u0101.<\/p>\n<p>Nu nav jau vi\u0146u. Person\u012bbai ir j\u0101b\u016bt premjerministram. Ir j\u0101b\u016bt. No kurienes vi\u0146a rodas, velns vi\u0146u zina. Tagad v\u0113l \u0161itas \u0123\u0113nijs, tas Alun\u0101ns m\u016bsdienu, v\u0113l partiju nodibin\u0101ja\u2026<\/p>\n<p>Maestro, jums ir tik br\u012bni\u0161\u0137\u012bga humora izj\u016bta!<\/p>\n<p>Vi\u0146i dab\u016bs pa pieri, tur jau gatavojas vi\u0146u nov\u0101kt. Vi\u0146\u0161 ir \u013coti talant\u012bgs, rado\u0161s cilv\u0113ks, bet ne jau katru ned\u0113\u013cu var cept lugu. K\u0101 j\u016bs to pasp\u0113jat tur, es nezinu. T\u0101p\u0113c vi\u0146as visas ir vien\u0101das.<\/p>\n<p>Pilnu raid\u012bjuma \u201cNed\u0113\u013ca. Post scriptum\u201d 1.da\u013cu skaties \u0161eit:<\/p>\n<p>Un te 2.da\u013ca:<\/p>\n<p>            &#8220;PAULS un KEI\u0160S. V\u012brie\u0161i lab\u0101kos gados&#8221;<\/p>\n<p>                                \u0160is raksts ir port\u0101la LA.LV \u012bpa\u0161ums. Jebk\u0101da veida satura p\u0101rpublic\u0113\u0161ana, kop\u0113\u0161ana, izplat\u012b\u0161ana vai cit\u0101da veida izmanto\u0161ana bez iepriek\u0161\u0113jas rakstiskas at\u013caujas no LA.LV redakcijas ir aizliegta. Lai sa\u0146emtu at\u013cauju p\u0101rpublic\u0113t \u0161o rakstu, l\u016bdzu, sazinieties ar  redakciju, rakstot uz <a href=\"https:\/\/www.la.lv\/cdn-cgi\/l\/email-protection\" class=\"__cf_email__\" data-cfemail=\"3d4e4b5c4f545a547d515c13514b\" rel=\"nofollow noopener\" target=\"_blank\">[email\u00a0protected]<\/a><\/p>\n<p>T\u0113mas<\/p>\n<p>    SAIST\u012aTIE RAKSTI<\/p>\n","protected":false},"excerpt":{"rendered":"K\u0101du Maestro Raimonda Paula melodiju zina katrs latvietis. Ar vi\u0146a m\u016bziku ir izaugu\u0161as vair\u0101kas latvie\u0161u paaudzes. 2026. ir&hellip;\n","protected":false},"author":2,"featured_media":93273,"comment_status":"","ping_status":"","sticky":false,"template":"","format":"standard","meta":{"footnotes":""},"categories":[5],"tags":[23,28,29,32,33,22,30,31,35,39,38,36,37,34,40,20,26,27,24,25,21],"class_list":{"0":"post-93272","1":"post","2":"type-post","3":"status-publish","4":"format-standard","5":"has-post-thumbnail","7":"category-aktualitates","8":"tag-aktualitates","9":"tag-breaking-news","10":"tag-breakingnews","11":"tag-featured-news","12":"tag-featurednews","13":"tag-headlines","14":"tag-latest-news","15":"tag-latestnews","16":"tag-latvia","17":"tag-latvian","18":"tag-latviesu","19":"tag-latviesu-valoda","20":"tag-latviesuvaloda","21":"tag-latvija","22":"tag-lv","23":"tag-news","24":"tag-popularakas-zinas","25":"tag-popularakaszinas","26":"tag-top-stories","27":"tag-topstories","28":"tag-zinas"},"share_on_mastodon":{"url":"https:\/\/pubeurope.com\/@lv\/115830494537439188","error":""},"_links":{"self":[{"href":"https:\/\/www.europesays.com\/lv\/wp-json\/wp\/v2\/posts\/93272","targetHints":{"allow":["GET"]}}],"collection":[{"href":"https:\/\/www.europesays.com\/lv\/wp-json\/wp\/v2\/posts"}],"about":[{"href":"https:\/\/www.europesays.com\/lv\/wp-json\/wp\/v2\/types\/post"}],"author":[{"embeddable":true,"href":"https:\/\/www.europesays.com\/lv\/wp-json\/wp\/v2\/users\/2"}],"replies":[{"embeddable":true,"href":"https:\/\/www.europesays.com\/lv\/wp-json\/wp\/v2\/comments?post=93272"}],"version-history":[{"count":0,"href":"https:\/\/www.europesays.com\/lv\/wp-json\/wp\/v2\/posts\/93272\/revisions"}],"wp:featuredmedia":[{"embeddable":true,"href":"https:\/\/www.europesays.com\/lv\/wp-json\/wp\/v2\/media\/93273"}],"wp:attachment":[{"href":"https:\/\/www.europesays.com\/lv\/wp-json\/wp\/v2\/media?parent=93272"}],"wp:term":[{"taxonomy":"category","embeddable":true,"href":"https:\/\/www.europesays.com\/lv\/wp-json\/wp\/v2\/categories?post=93272"},{"taxonomy":"post_tag","embeddable":true,"href":"https:\/\/www.europesays.com\/lv\/wp-json\/wp\/v2\/tags?post=93272"}],"curies":[{"name":"wp","href":"https:\/\/api.w.org\/{rel}","templated":true}]}}