{"id":93274,"date":"2026-01-03T09:40:09","date_gmt":"2026-01-03T09:40:09","guid":{"rendered":"https:\/\/www.europesays.com\/lv\/93274\/"},"modified":"2026-01-03T09:40:09","modified_gmt":"2026-01-03T09:40:09","slug":"kols-norada-uz-vienu-no-lielakajiem-es-izaicinajumiem-sogad","status":"publish","type":"post","link":"https:\/\/www.europesays.com\/lv\/93274\/","title":{"rendered":"Kols nor\u0101da uz vienu no liel\u0101kajiem ES izaicin\u0101jumiem \u0161ogad"},"content":{"rendered":"<p>Kols skaidroja, ka tas noz\u012bm\u0113 konsekventu atbalstu Ukrainai, cie\u0161\u0101ku NATO un ES sadarb\u012bbu, k\u0101 ar\u012b ieguld\u012bjumus kritiskaj\u0101 infrastrukt\u016br\u0101 &#8211; &#8220;Rail Baltica&#8221; un ener\u0123\u0113tiskaj\u0101 neatkar\u012bb\u0101 -, lai pretotos hibr\u012bddraudiem. T\u0101pat, vi\u0146apr\u0101t, svar\u012bga b\u016bs ar\u012b migr\u0101cijas politika &#8211; stingra \u0101r\u0113jo robe\u017eu aizsardz\u012bba pret Baltkrievijas izrais\u012btajiem hibr\u012bddraudiem un taisn\u012bga sloga sadale bez piespiedu kvot\u0101m, kas nesam\u0113r\u012bgi noslogo maz\u0101kas valstis, piem\u0113ram, Latviju.<\/p>\n<p>EP deput\u0101ts turpin\u0101ja, atz\u012bm\u0113jot, ka tikpat noz\u012bm\u012bgas b\u016bs sarunas par jauno ES daudzgadu bud\u017eetu. P\u0113c vi\u0146a dom\u0101m, Latvijai ir svar\u012bgi pan\u0101kt l\u012bdzsvaru starp aizsardz\u012bbas vajadz\u012bb\u0101m un koh\u0113zijas finans\u0113jumu, lai pierobe\u017eas valstis netiktu nost\u0101d\u012btas nelabv\u0113l\u012bg\u0101k\u0101 poz\u012bcij\u0101 nek\u0101 &#8220;centr\u0101l\u0101s&#8221; ekonomikas.<\/p>\n<p>Tauj\u0101ts par eiroparlament\u0101rie\u0161a darba priorit\u0101t\u0113m 2026. gad\u0101, Kols nor\u0101d\u012bja, ka viena no galvenaj\u0101m b\u016bs ES dro\u0161\u012bbas un konkur\u0113tsp\u0113jas stiprin\u0101\u0161ana laik\u0101, kad \u0101r\u0113jie draudi pieaug un glob\u0101l\u0101 konkurence k\u013c\u016bst arvien as\u0101ka. Vi\u0146\u0161 k\u0101 Eiropas Konservat\u012bvo un reformistu grupas \u0113nu zi\u0146ot\u0101js str\u0101d\u0101s pie &#8220;European Competitiveness Fund&#8221; izstr\u0101des. Kols skaidroja, ka t\u0101 ir jauna, centr\u0101la ES finans\u0113\u0161anas strukt\u016bra n\u0101kamajam daudzgadu bud\u017eeta periodam, kas apvienos vair\u0101kas l\u012bdz\u0161in\u0113j\u0101s programmas, lai mazin\u0101tu sadrumstalot\u012bbu un virz\u012btu invest\u012bcijas strat\u0113\u0123iskaj\u0101s nozar\u0113s.<\/p>\n<p>&#8220;\u0160is fonds b\u016bs iz\u0161\u0137iro\u0161s, jo tas noteiks, vai Eiropa sp\u0113j ieguld\u012bt re\u0101l\u0101 jaud\u0101 &#8211; r\u016bpniec\u012bb\u0101, kritiskaj\u0101s tehnolo\u0123ij\u0101s un aizsardz\u012bbas industrij\u0101 &#8211; vai ar\u012b turpin\u0101s zaud\u0113t poz\u012bcijas p\u0101rm\u0113r\u012bgas birokr\u0101tijas un l\u0113nas l\u0113mumu pie\u0146em\u0161anas d\u0113\u013c. Konkur\u0113tsp\u0113ja bez dro\u0161\u012bbas ir il\u016bzija, un tie\u0161i t\u0101p\u0113c ir b\u016btiski, lai fonds ietvertu ar\u012b aizsardz\u012bbas industrijas un pieg\u0101des \u0137\u0113\u017eu stiprin\u0101\u0161anu,&#8221; uzsv\u0113ra Kols.<\/p>\n<p>P\u0113c EP deput\u0101ta dom\u0101m, vienlaikus b\u016btisks b\u016bs darbs pie jaun\u0101 ES daudzgadu bud\u017eeta. Vi\u0146\u0161 sac\u012bja, ka Eiropas bud\u017eets par\u0101da, vai run\u0101 par priorit\u0101t\u0113m vai tikai pau\u017e nodomus, un ES daudzgadu bud\u017eeta sarunas b\u016bs p\u0101rbaud\u012bjums tam, vai ES patie\u0161\u0101m ir gatava dro\u0161\u012bbu un konkur\u0113tsp\u0113ju izvirz\u012bt pirmaj\u0101 viet\u0101.<\/p>\n","protected":false},"excerpt":{"rendered":"Kols skaidroja, ka tas noz\u012bm\u0113 konsekventu atbalstu Ukrainai, cie\u0161\u0101ku NATO un ES sadarb\u012bbu, k\u0101 ar\u012b ieguld\u012bjumus kritiskaj\u0101 infrastrukt\u016br\u0101&hellip;\n","protected":false},"author":2,"featured_media":74739,"comment_status":"","ping_status":"","sticky":false,"template":"","format":"standard","meta":{"footnotes":""},"categories":[14],"tags":[23,57,28,29,514,32,33,22,30,31,35,39,38,36,37,34,40,20,26,27,19883,24,25,54,55,56,21,58],"class_list":{"0":"post-93274","1":"post","2":"type-post","3":"status-publish","4":"format-standard","5":"has-post-thumbnail","7":"category-zinas-no-arvalstim","8":"tag-aktualitates","9":"tag-arvalstim","10":"tag-breaking-news","11":"tag-breakingnews","12":"tag-eiropas-savieniba","13":"tag-featured-news","14":"tag-featurednews","15":"tag-headlines","16":"tag-latest-news","17":"tag-latestnews","18":"tag-latvia","19":"tag-latvian","20":"tag-latviesu","21":"tag-latviesu-valoda","22":"tag-latviesuvaloda","23":"tag-latvija","24":"tag-lv","25":"tag-news","26":"tag-popularakas-zinas","27":"tag-popularakaszinas","28":"tag-rihards-kols","29":"tag-top-stories","30":"tag-topstories","31":"tag-world","32":"tag-world-news","33":"tag-worldnews","34":"tag-zinas","35":"tag-zinas-no-arvalstim"},"share_on_mastodon":{"url":"https:\/\/pubeurope.com\/@lv\/115830510306976454","error":""},"_links":{"self":[{"href":"https:\/\/www.europesays.com\/lv\/wp-json\/wp\/v2\/posts\/93274","targetHints":{"allow":["GET"]}}],"collection":[{"href":"https:\/\/www.europesays.com\/lv\/wp-json\/wp\/v2\/posts"}],"about":[{"href":"https:\/\/www.europesays.com\/lv\/wp-json\/wp\/v2\/types\/post"}],"author":[{"embeddable":true,"href":"https:\/\/www.europesays.com\/lv\/wp-json\/wp\/v2\/users\/2"}],"replies":[{"embeddable":true,"href":"https:\/\/www.europesays.com\/lv\/wp-json\/wp\/v2\/comments?post=93274"}],"version-history":[{"count":0,"href":"https:\/\/www.europesays.com\/lv\/wp-json\/wp\/v2\/posts\/93274\/revisions"}],"wp:featuredmedia":[{"embeddable":true,"href":"https:\/\/www.europesays.com\/lv\/wp-json\/wp\/v2\/media\/74739"}],"wp:attachment":[{"href":"https:\/\/www.europesays.com\/lv\/wp-json\/wp\/v2\/media?parent=93274"}],"wp:term":[{"taxonomy":"category","embeddable":true,"href":"https:\/\/www.europesays.com\/lv\/wp-json\/wp\/v2\/categories?post=93274"},{"taxonomy":"post_tag","embeddable":true,"href":"https:\/\/www.europesays.com\/lv\/wp-json\/wp\/v2\/tags?post=93274"}],"curies":[{"name":"wp","href":"https:\/\/api.w.org\/{rel}","templated":true}]}}