{"id":93275,"date":"2026-01-03T09:41:07","date_gmt":"2026-01-03T09:41:07","guid":{"rendered":"https:\/\/www.europesays.com\/lv\/93275\/"},"modified":"2026-01-03T09:41:07","modified_gmt":"2026-01-03T09:41:07","slug":"2026-gada-attistibu-vel-izteiktak-noteiks-es-politikas-virziens","status":"publish","type":"post","link":"https:\/\/www.europesays.com\/lv\/93275\/","title":{"rendered":"2026. gad\u0101 att\u012bst\u012bbu v\u0113l izteikt\u0101k noteiks ES politikas virziens"},"content":{"rendered":"<p>Nozares att\u012bst\u012bbu 2026. gad\u0101 veicin\u0101s regul\u0113juma konsekventa ievie\u0161ana un ekonomiskie stimuli, tai skait\u0101 spiediens samazin\u0101t atkritumu noglab\u0101\u0161anu poligonos, pieaugo\u0161a pras\u012bbu lati\u0146a iepakojuma un \u0161\u0137iro\u0161anas jom\u0101, k\u0101 ar\u012b iedz\u012bvot\u0101ju paradumu nostiprin\u0101\u0161an\u0101s, kas uzlabo dal\u012bti v\u0101ktu atkritumu kvalit\u0101ti un apjomus.<\/p>\n<p>Savuk\u0101rt Aizbalts atz\u012bm\u0113ja, ka att\u012bst\u012bbas tempu var bremz\u0113t izmaksu pieaugums un darbasp\u0113ka pieejam\u012bba, otrreiz\u0113jo izejvielu tirgu sv\u0101rst\u012bgums, \u012bpa\u0161i plastmasu segment\u0101, k\u0101 ar\u012b neskaidri politikas sign\u0101li par iesp\u0113jamu pras\u012bbu m\u012bkstin\u0101\u0161anu ES l\u012bmen\u012b, kas palielina nenoteikt\u012bbu kapit\u0101lietilp\u012bgu invest\u012bciju pl\u0101no\u0161an\u0101.<\/p>\n<p>Jau zi\u0146ots, ka &#8220;Eco Baltia vide&#8221; 2024. gad\u0101 str\u0101d\u0101ja ar 73,955 miljonu eiro apgroz\u012bjumu, kas ir par 37% vair\u0101k nek\u0101 2023. gad\u0101, bet komp\u0101nijas pe\u013c\u0146a saruka par 14,8% &#8211; l\u012bdz 10,38 miljoniem eiro.<\/p>\n<p>Uz\u0146\u0113mums re\u0123istr\u0113ts 1996. gada septembr\u012b, un t\u0101 pamatkapit\u0101ls ir 14 277 450 eiro. &#8220;Eco Baltia vide&#8221; piln\u012bb\u0101 pieder AS &#8220;Eco Baltia&#8221;.<\/p>\n<p>&#8220;Eco Baltia&#8221; koncerna vado\u0161ie uz\u0146\u0113mumi ir &#8220;Iterum&#8221; (iepriek\u0161 &#8220;PET Baltija&#8221;), &#8220;Eco Baltia vide&#8221;, &#8220;Latvijas za\u013cais punkts&#8221;, SIA &#8220;Nordic Plast&#8221;, SIA &#8220;Jumis&#8221;, \u010cehijas &#8220;Tesil Fibres&#8221; un Lietuvas &#8220;Ecoservice&#8221;, k\u0101 ar\u012b Polijas &#8220;Metal Plast&#8221;.<\/p>\n<p>Komp\u0101nija re\u0123istr\u0113ta 2011. gad\u0101, un t\u0101s pamatkapit\u0101ls ir 35 005 eiro. &#8220;Eco Baltia&#8221; akcion\u0101ri, p\u0113c komp\u0101nij\u0101 v\u0113st\u012bt\u0101, ir &#8220;BSGF Salvus&#8221; (52,81%), kas p\u0101rst\u0101v invest\u012bciju fondu &#8220;INVL Baltic Sea Growth Fund&#8221;, Eiropas Rekonstrukcijas un att\u012bst\u012bbas banka (30,51%) un M\u0101ris Simanovi\u010ds (16,68%) ar SIA &#8220;Enrial Holdings&#8221; un &#8220;Penvi Investment Ltd.&#8221; starpniec\u012bbu.<\/p>\n","protected":false},"excerpt":{"rendered":"Nozares att\u012bst\u012bbu 2026. gad\u0101 veicin\u0101s regul\u0113juma konsekventa ievie\u0161ana un ekonomiskie stimuli, tai skait\u0101 spiediens samazin\u0101t atkritumu noglab\u0101\u0161anu poligonos,&hellip;\n","protected":false},"author":2,"featured_media":93276,"comment_status":"","ping_status":"","sticky":false,"template":"","format":"standard","meta":{"footnotes":""},"categories":[12],"tags":[23,28,29,514,32,33,22,30,31,35,39,38,36,37,34,40,20,26,27,24,25,793,21],"class_list":{"0":"post-93275","1":"post","2":"type-post","3":"status-publish","4":"format-standard","5":"has-post-thumbnail","7":"category-latvija","8":"tag-aktualitates","9":"tag-breaking-news","10":"tag-breakingnews","11":"tag-eiropas-savieniba","12":"tag-featured-news","13":"tag-featurednews","14":"tag-headlines","15":"tag-latest-news","16":"tag-latestnews","17":"tag-latvia","18":"tag-latvian","19":"tag-latviesu","20":"tag-latviesu-valoda","21":"tag-latviesuvaloda","22":"tag-latvija","23":"tag-lv","24":"tag-news","25":"tag-popularakas-zinas","26":"tag-popularakaszinas","27":"tag-top-stories","28":"tag-topstories","29":"tag-uznemejdarbiba","30":"tag-zinas"},"share_on_mastodon":{"url":"https:\/\/pubeurope.com\/@lv\/115830514448484747","error":""},"_links":{"self":[{"href":"https:\/\/www.europesays.com\/lv\/wp-json\/wp\/v2\/posts\/93275","targetHints":{"allow":["GET"]}}],"collection":[{"href":"https:\/\/www.europesays.com\/lv\/wp-json\/wp\/v2\/posts"}],"about":[{"href":"https:\/\/www.europesays.com\/lv\/wp-json\/wp\/v2\/types\/post"}],"author":[{"embeddable":true,"href":"https:\/\/www.europesays.com\/lv\/wp-json\/wp\/v2\/users\/2"}],"replies":[{"embeddable":true,"href":"https:\/\/www.europesays.com\/lv\/wp-json\/wp\/v2\/comments?post=93275"}],"version-history":[{"count":0,"href":"https:\/\/www.europesays.com\/lv\/wp-json\/wp\/v2\/posts\/93275\/revisions"}],"wp:featuredmedia":[{"embeddable":true,"href":"https:\/\/www.europesays.com\/lv\/wp-json\/wp\/v2\/media\/93276"}],"wp:attachment":[{"href":"https:\/\/www.europesays.com\/lv\/wp-json\/wp\/v2\/media?parent=93275"}],"wp:term":[{"taxonomy":"category","embeddable":true,"href":"https:\/\/www.europesays.com\/lv\/wp-json\/wp\/v2\/categories?post=93275"},{"taxonomy":"post_tag","embeddable":true,"href":"https:\/\/www.europesays.com\/lv\/wp-json\/wp\/v2\/tags?post=93275"}],"curies":[{"name":"wp","href":"https:\/\/api.w.org\/{rel}","templated":true}]}}