{"id":93281,"date":"2026-01-03T09:45:03","date_gmt":"2026-01-03T09:45:03","guid":{"rendered":"https:\/\/www.europesays.com\/lv\/93281\/"},"modified":"2026-01-03T09:45:03","modified_gmt":"2026-01-03T09:45:03","slug":"lmt-sogad-uzvaru-liks-uz-tehnologiju-pieejamibas-nodrosinasanu-norada-binde","status":"publish","type":"post","link":"https:\/\/www.europesays.com\/lv\/93281\/","title":{"rendered":"LMT \u0161ogad uzvaru liks uz tehnolo\u0123iju pieejam\u012bbas nodro\u0161in\u0101\u0161anu, nor\u0101da Binde"},"content":{"rendered":"<p>Vi\u0146\u0161 nor\u0101da, ka pieaugs piepras\u012bjums p\u0113c augstas kvalit\u0101tes mobilo sakaru pakalpojumiem, 5G balst\u012btiem risin\u0101jumiem un specializ\u0113tiem priv\u0101tajiem t\u012bkliem, \u012bpa\u0161i valsts, industriju un kritisk\u0101s infrastrukt\u016bras vajadz\u012bb\u0101m.<\/p>\n<p>Vienlaikus nozarei b\u016bs j\u0101sp\u0113j str\u0101d\u0101t apst\u0101k\u013cos, kur konkurence saglab\u0101sies augsta, bet l\u0113mumi arvien bie\u017e\u0101k tiks pie\u0146emti, v\u0113rt\u0113jot ilgtermi\u0146a ieguvumus, nevis \u012bstermi\u0146a izmaksas, st\u0101sta <a href=\"https:\/\/www.tvnet.lv\/term\/103849\/lmt\" class=\"topicLink\" target=\"_blank\" rel=\"nofollow noopener\">LMT<\/a> prezidents.<\/p>\n<p>Binde atz\u012bm\u0113, ka LMT grupai \u0161is gads b\u016bs v\u0113rsts uz pa\u0161u izstr\u0101d\u0101to tehnolo\u0123iju t\u0101l\u0101ku att\u012bst\u012bbu un m\u0113rogo\u0161anu, it \u012bpa\u0161i aizsardz\u012bbas tehnolo\u0123iju, IoT jeb lietu interneta risin\u0101jumu un kiberdro\u0161\u012bbas jom\u0101, k\u0101 ar\u012b \u0161o kompeten\u010du akt\u012bv\u0101ku pied\u0101v\u0101\u0161anu eksporta tirgos.<\/p>\n<p>Vienlaikus uzsvaru LMT liks uz tehnolo\u0123iju pieejam\u012bbas nodro\u0161in\u0101\u0161anu, att\u012bstot elast\u012bgus finans\u0113\u0161anas risin\u0101jumus, kas \u013cauj uz\u0146\u0113mumiem un publiskajam sektoram ieviest m\u016bsdien\u012bgas un dro\u0161as tehnolo\u0123ijas bez p\u0101rm\u0113r\u012bga finan\u0161u sloga. T\u0101pat uz\u0146\u0113mum\u0101 turpin\u0101s invest\u0113t infrastrukt\u016br\u0101 un cilv\u0113kkapit\u0101l\u0101, lai stiprin\u0101tu t\u012bkla notur\u012bbu un digit\u0101lo neatkar\u012bbu, vienlaikus papla\u0161inot sadarb\u012bbu ar valsti un industriju.<\/p>\n<p>LETA jau v\u0113st\u012bja, ka LMT koncerns 2024. gad\u0101 str\u0101d\u0101ja ar 308,608 miljonu eiro apgroz\u012bjumu, kas ir par 0,5% maz\u0101k nek\u0101 2023. gad\u0101, bet uz\u0146\u0113muma pe\u013c\u0146a pieauga par 6,1% un bija 34,038 miljoni eiro.<\/p>\n<p>LMT kapit\u0101l\u0101 49% pieder Zviedrijas &#8220;Telia Company&#8221; un t\u0101s meitaskomp\u0101nijai &#8220;Sonera Holding&#8221;, pa 23% akciju pieder SIA &#8220;Tet&#8221; un VAS &#8220;Latvijas Valsts radio un telev\u012bzijas centrs&#8221; (LVRTC), bet 5% &#8211; SIA &#8220;Publisko akt\u012bvu p\u0101rvald\u012bt\u0101js &#8220;Possessor&#8221;&#8221;.<\/p>\n","protected":false},"excerpt":{"rendered":"Vi\u0146\u0161 nor\u0101da, ka pieaugs piepras\u012bjums p\u0113c augstas kvalit\u0101tes mobilo sakaru pakalpojumiem, 5G balst\u012btiem risin\u0101jumiem un specializ\u0113tiem priv\u0101tajiem t\u012bkliem,&hellip;\n","protected":false},"author":2,"featured_media":93282,"comment_status":"","ping_status":"","sticky":false,"template":"","format":"standard","meta":{"footnotes":""},"categories":[16],"tags":[77,76,11707,35,39,38,36,37,34,1213,40],"class_list":{"0":"post-93281","1":"post","2":"type-post","3":"status-publish","4":"format-standard","5":"has-post-thumbnail","7":"category-bizness","8":"tag-bizness","9":"tag-business","10":"tag-juris-binde","11":"tag-latvia","12":"tag-latvian","13":"tag-latviesu","14":"tag-latviesu-valoda","15":"tag-latviesuvaloda","16":"tag-latvija","17":"tag-lmt","18":"tag-lv"},"share_on_mastodon":{"url":"https:\/\/pubeurope.com\/@lv\/115830529967259104","error":""},"_links":{"self":[{"href":"https:\/\/www.europesays.com\/lv\/wp-json\/wp\/v2\/posts\/93281","targetHints":{"allow":["GET"]}}],"collection":[{"href":"https:\/\/www.europesays.com\/lv\/wp-json\/wp\/v2\/posts"}],"about":[{"href":"https:\/\/www.europesays.com\/lv\/wp-json\/wp\/v2\/types\/post"}],"author":[{"embeddable":true,"href":"https:\/\/www.europesays.com\/lv\/wp-json\/wp\/v2\/users\/2"}],"replies":[{"embeddable":true,"href":"https:\/\/www.europesays.com\/lv\/wp-json\/wp\/v2\/comments?post=93281"}],"version-history":[{"count":0,"href":"https:\/\/www.europesays.com\/lv\/wp-json\/wp\/v2\/posts\/93281\/revisions"}],"wp:featuredmedia":[{"embeddable":true,"href":"https:\/\/www.europesays.com\/lv\/wp-json\/wp\/v2\/media\/93282"}],"wp:attachment":[{"href":"https:\/\/www.europesays.com\/lv\/wp-json\/wp\/v2\/media?parent=93281"}],"wp:term":[{"taxonomy":"category","embeddable":true,"href":"https:\/\/www.europesays.com\/lv\/wp-json\/wp\/v2\/categories?post=93281"},{"taxonomy":"post_tag","embeddable":true,"href":"https:\/\/www.europesays.com\/lv\/wp-json\/wp\/v2\/tags?post=93281"}],"curies":[{"name":"wp","href":"https:\/\/api.w.org\/{rel}","templated":true}]}}