{"id":93305,"date":"2026-01-03T10:12:15","date_gmt":"2026-01-03T10:12:15","guid":{"rendered":"https:\/\/www.europesays.com\/lv\/93305\/"},"modified":"2026-01-03T10:12:15","modified_gmt":"2026-01-03T10:12:15","slug":"vai-krievi-tiesam-mostas-propagandas-tv-izskan-patiesiba-par-notiekoso-ukraina-un-klaja-putina-izsmiesana-la-lv","status":"publish","type":"post","link":"https:\/\/www.europesays.com\/lv\/93305\/","title":{"rendered":"Vai krievi tie\u0161\u0101m mostas? Propagandas TV izskan paties\u012bba par notieko\u0161o Ukrain\u0101 un klaja Putina izsmie\u0161ana &#8211; LA.LV"},"content":{"rendered":"<ol>\n<li><a href=\"https:\/\/news.google.com\/rss\/articles\/CBMiwAFBVV95cUxOX0tlZWh4R0g2QlhBNW9kMzZ4ckFuWjBZc1BXRHJZNHYzdHc5aFAxTXVudy1RWDVDRTVxek5iRF96M3QtTjg5SzRuUkRILUZOUW92aWoxRmFDZ3hWS1BFNkdqeU5vQ0J2UmRDclJnbUpvZEI3TmN0UTBQRTVuclVkTS1DYlNMb2RjUUpjRTBGRkRxSFdUcllBSXZNeDEycU5QUnZvV3pyeWZxU2FlcjBTNGsyZ0lGUEFaVXFOSEVKUW4?oc=5\" target=\"_blank\" rel=\"nofollow noopener\">Vai krievi tie\u0161\u0101m mostas? Propagandas TV izskan paties\u012bba par notieko\u0161o Ukrain\u0101 un klaja Putina izsmie\u0161ana<\/a>&nbsp;&nbsp;LA.LV<\/li>\n<li><a href=\"https:\/\/news.google.com\/rss\/articles\/CBMisgFBVV95cUxNZXZ6MnIzUkQ0aTItSllfYnFPYXdNVnROZlN3ams2eEFXdEticWowVGdyR3JHSFFLXzliaDd3WFFESF9PVGRXeDl1bUwya2MwaDBfSzNna1B3c2xEM0Nlc3pLME9LdURLWXgwYnA4VVd1U01CaGZjRzJrVUlkQmJvLXMxcmtMZC0zZlBQSXJaSDF5cHZjcDVBLVNhTFkybUFfT1hITjlxd09ld3VBQTBVc2xB?oc=5\" target=\"_blank\" rel=\"nofollow noopener\">Kar\u0161 Ukrain\u0101 strauji tuvojas dr\u016bmai psiholo\u0123iskai atz\u012bmei, ta\u010du Putinu tas neuztrauc<\/a>&nbsp;&nbsp;TVNET<\/li>\n<li><a href=\"https:\/\/news.google.com\/rss\/articles\/CBMizwFBVV95cUxOLXN3cDAzdUtWcG9IYnNjTE1yb19zRi12ZjJwUnF5ank1a19kcF9nNC1SaXpLRngxYWc1OS1VcU1qYmZUQnU4U3JaU0xxQ0wzcTdmbURFNHExeTFKUHFzT0hmMVBYb3NFMlhHTVhaaC1QREtnY3lWdU9QRW5yQm5ScFI3YUpQUjdiYU85OFVhTjRmeW1rZkJmYnNVVDJUeG5hZzh5dGdZNm41VlVtQ09JRThXSGJYaE50dnNRbWtINTdaT2NIcnY2SzUtT05fRUU?oc=5\" target=\"_blank\" rel=\"nofollow noopener\">Putins k\u013cuvis par savu il\u016bziju g\u016bstekni \u2013 vi\u0146a armija ir t\u0101lu no neuzvaramas t\u0113la, ta\u010du vi\u0146\u0161 joproj\u0101m sp\u012bt\u012bgi tur kursu<\/a>&nbsp;&nbsp;LA.LV<\/li>\n<li><a href=\"https:\/\/news.google.com\/rss\/articles\/CBMiugFBVV95cUxOS0lkbnR4dEYzTUxOZHo1NWJaUHZXcGYxX3pYMzJLZ016M2JJOWlHbHdaX0ZQTWhQdENLcV8xUVJ2eGpxSzUtNWFFT2dkQlYxYWZNYVExNUdfNFZIUW1TUXowMEd0ZlZYNWFfT2NUc3ZhOWMtRWZaVC0zMEtnTVNEZkpOMXRNcGk1eTRZQUlkajk0ZTN1Y2ZfdmtuYUJ0MUx0QW9BMzJ5OEJoc05nMTZybjNtekxrczNuRVE?oc=5\" target=\"_blank\" rel=\"nofollow noopener\">VIDEO | \u201cUkrai\u0146i v\u0113l neko nav zaud\u0113ju\u0161i!\u201d\u2013 Krievijas telev\u012bzij\u0101 s\u0101k atkl\u0101ti run\u0101t par neveiksm\u0113m front\u0113<\/a>&nbsp;&nbsp;bnn.lv<\/li>\n<li><a href=\"https:\/\/news.google.com\/rss\/articles\/CBMivAFBVV95cUxPb3FnVW9oRThMb21NU0hYYWdzYm9oTF8ycGl6WG9LbEp3Zk1ERFh2a2VyVEw3Si15WGktUWhkUnp4cjdyNWVTcFF6VnZsVEhKa1k3N0JPdndzcE9OckFVQWVvV0pVdmpZZUhOUUhabHN5T05rZTNDTkRvdGl6X1dmemZYTDlsb21PZzg3Z1Qwa094dWYydUhMMjNLdy1ZQ2FWV2k2cDU3R3JzbGcwYnA3V3hjZjdsdTBQSUFFQg?oc=5\" target=\"_blank\" rel=\"nofollow noopener\">Putins draud ar sp\u0113ka pielieto\u0161anu, ja Ukraina nepiekrit\u012bs Krem\u013ca nosac\u012bjumiem<\/a>&nbsp;&nbsp;Lente.lv<\/li>\n<\/ol>\n","protected":false},"excerpt":{"rendered":"Vai krievi tie\u0161\u0101m mostas? Propagandas TV izskan paties\u012bba par notieko\u0161o Ukrain\u0101 un klaja Putina izsmie\u0161ana&nbsp;&nbsp;LA.LV Kar\u0161 Ukrain\u0101 strauji&hellip;\n","protected":false},"author":2,"featured_media":93306,"comment_status":"","ping_status":"","sticky":false,"template":"","format":"standard","meta":{"footnotes":""},"categories":[5],"tags":[23,28,29,32,33,22,30,31,35,39,38,36,37,34,40,20,26,27,24,25,21],"class_list":{"0":"post-93305","1":"post","2":"type-post","3":"status-publish","4":"format-standard","5":"has-post-thumbnail","7":"category-aktualitates","8":"tag-aktualitates","9":"tag-breaking-news","10":"tag-breakingnews","11":"tag-featured-news","12":"tag-featurednews","13":"tag-headlines","14":"tag-latest-news","15":"tag-latestnews","16":"tag-latvia","17":"tag-latvian","18":"tag-latviesu","19":"tag-latviesu-valoda","20":"tag-latviesuvaloda","21":"tag-latvija","22":"tag-lv","23":"tag-news","24":"tag-popularakas-zinas","25":"tag-popularakaszinas","26":"tag-top-stories","27":"tag-topstories","28":"tag-zinas"},"share_on_mastodon":{"url":"https:\/\/pubeurope.com\/@lv\/115830636377536829","error":""},"_links":{"self":[{"href":"https:\/\/www.europesays.com\/lv\/wp-json\/wp\/v2\/posts\/93305","targetHints":{"allow":["GET"]}}],"collection":[{"href":"https:\/\/www.europesays.com\/lv\/wp-json\/wp\/v2\/posts"}],"about":[{"href":"https:\/\/www.europesays.com\/lv\/wp-json\/wp\/v2\/types\/post"}],"author":[{"embeddable":true,"href":"https:\/\/www.europesays.com\/lv\/wp-json\/wp\/v2\/users\/2"}],"replies":[{"embeddable":true,"href":"https:\/\/www.europesays.com\/lv\/wp-json\/wp\/v2\/comments?post=93305"}],"version-history":[{"count":0,"href":"https:\/\/www.europesays.com\/lv\/wp-json\/wp\/v2\/posts\/93305\/revisions"}],"wp:featuredmedia":[{"embeddable":true,"href":"https:\/\/www.europesays.com\/lv\/wp-json\/wp\/v2\/media\/93306"}],"wp:attachment":[{"href":"https:\/\/www.europesays.com\/lv\/wp-json\/wp\/v2\/media?parent=93305"}],"wp:term":[{"taxonomy":"category","embeddable":true,"href":"https:\/\/www.europesays.com\/lv\/wp-json\/wp\/v2\/categories?post=93305"},{"taxonomy":"post_tag","embeddable":true,"href":"https:\/\/www.europesays.com\/lv\/wp-json\/wp\/v2\/tags?post=93305"}],"curies":[{"name":"wp","href":"https:\/\/api.w.org\/{rel}","templated":true}]}}