{"id":93309,"date":"2026-01-03T10:14:07","date_gmt":"2026-01-03T10:14:07","guid":{"rendered":"https:\/\/www.europesays.com\/lv\/93309\/"},"modified":"2026-01-03T10:14:07","modified_gmt":"2026-01-03T10:14:07","slug":"smits-un-anadolu-efes-piedzivo-neveiksmi-eiroliga-pret-crvena-zvezda-lente-lv","status":"publish","type":"post","link":"https:\/\/www.europesays.com\/lv\/93309\/","title":{"rendered":"\u0160mits un &#8220;Anadolu Efes&#8221; piedz\u012bvo neveiksmi Eirol\u012bg\u0101 pret &#8220;Crvena zvezda&#8221;\u00a0\u2014\u00a0Lente.lv"},"content":{"rendered":"<p>Eirol\u012bgas Jaungada sp\u0113le ar zaud\u0113jumu<\/p>\n<p>Latvijas basketbolista Rolanda \u0160mita p\u0101rst\u0101v\u0113t\u0101 Stambulas &#8220;Anadolu Efes&#8221; komanda jaunaj\u0101 2026. gad\u0101 sav\u0101 pirmaj\u0101 Eirol\u012bgas sp\u0113l\u0113 piedz\u012bvojusi sak\u0101vi. Stambulas vien\u012bba sav\u0101 laukum\u0101 ar rezult\u0101tu 65:78 atzina Belgradas &#8220;Crvena zvezda&#8221; p\u0101r\u0101kumu.<\/p>\n<p>\u0160mita individu\u0101lais sniegums<\/p>\n<p>Rolands \u0160mits \u0161aj\u0101 sp\u0113l\u0113 laukum\u0101 pavad\u012bja 16 min\u016btes, kuru laik\u0101 guva 4 punktus, izc\u012bn\u012bja 3 atl\u0113ku\u0161\u0101s bumbas un veica vienu rezultat\u012bvu piesp\u0113li. Vi\u0146a efektivit\u0101tes koeficients bija -1. Sp\u0113le nebija no t\u0101m produkt\u012bv\u0101kaj\u0101m \u0160mita izpild\u012bjum\u0101, un vi\u0146\u0161 \u0161oreiz nebija komandas rezultat\u012bv\u0101ko sp\u0113l\u0113t\u0101ju vid\u016b.<\/p>\n<p>Sp\u0113les gaita un iz\u0161\u0137iro\u0161ie br\u012b\u017ei<\/p>\n<p>Sp\u0113les gait\u0101 laukuma saimniekiem &#8220;Anadolu Efes&#8221; neizdev\u0101s uz\u0146emt apgriezienus un izveidot lielu p\u0101rsvaru. &#8220;Crvena zvezda&#8221; demonstr\u0113ja stabil\u0101ku sniegumu, \u012bpa\u0161i sp\u0113les otraj\u0101 puslaik\u0101, kur vi\u0146i sp\u0113ja atrauties un nosarg\u0101t savu p\u0101rsvaru l\u012bdz pat sp\u0113les beig\u0101m. Lai gan &#8220;Anadolu Efes&#8221; cent\u0101s main\u012bt sp\u0113les gaitu, viesu aizsardz\u012bba un prec\u012bzie metieni iz\u0161\u0137\u012bra sp\u0113les likteni.<\/p>\n<p>Turn\u012bra situ\u0101cija un turpm\u0101k\u0101s perspekt\u012bvas<\/p>\n<p>\u0160is zaud\u0113jums Eirol\u012bgas kopv\u0113rt\u0113jum\u0101 &#8220;Anadolu Efes&#8221; neuzlabo komandas poz\u012bcijas. &#8220;Crvena zvezda&#8221; savuk\u0101rt guvusi svar\u012bgu uzvaru izbraukum\u0101, kas \u013cauj nostiprin\u0101ties turn\u012bra tabul\u0101. &#8220;Anadolu Efes&#8221; tagad b\u016bs j\u0101analiz\u0113 pie\u013caut\u0101s k\u013c\u016bdas un j\u0101mekl\u0113 risin\u0101jumi, lai uzlabotu savu sniegumu n\u0101kamaj\u0101s sp\u0113l\u0113s un c\u012bn\u012btos par iek\u013c\u016b\u0161anu izsl\u0113g\u0161anas sp\u0113l\u0113s.<\/p>\n","protected":false},"excerpt":{"rendered":"Eirol\u012bgas Jaungada sp\u0113le ar zaud\u0113jumu Latvijas basketbolista Rolanda \u0160mita p\u0101rst\u0101v\u0113t\u0101 Stambulas &#8220;Anadolu Efes&#8221; komanda jaunaj\u0101 2026. gad\u0101 sav\u0101&hellip;\n","protected":false},"author":2,"featured_media":93310,"comment_status":"","ping_status":"","sticky":false,"template":"","format":"standard","meta":{"footnotes":""},"categories":[17],"tags":[4340,145,6110,5013,35,39,38,36,37,34,40,4341,67],"class_list":{"0":"post-93309","1":"post","2":"type-post","3":"status-publish","4":"format-standard","5":"has-post-thumbnail","7":"category-sports","8":"tag-anadolu-efes","9":"tag-basketbols","10":"tag-crvena-zvezda","11":"tag-eiroliga","12":"tag-latvia","13":"tag-latvian","14":"tag-latviesu","15":"tag-latviesu-valoda","16":"tag-latviesuvaloda","17":"tag-latvija","18":"tag-lv","19":"tag-rolands-smits","20":"tag-sports"},"share_on_mastodon":{"url":"https:\/\/pubeurope.com\/@lv\/115830643901603151","error":""},"_links":{"self":[{"href":"https:\/\/www.europesays.com\/lv\/wp-json\/wp\/v2\/posts\/93309","targetHints":{"allow":["GET"]}}],"collection":[{"href":"https:\/\/www.europesays.com\/lv\/wp-json\/wp\/v2\/posts"}],"about":[{"href":"https:\/\/www.europesays.com\/lv\/wp-json\/wp\/v2\/types\/post"}],"author":[{"embeddable":true,"href":"https:\/\/www.europesays.com\/lv\/wp-json\/wp\/v2\/users\/2"}],"replies":[{"embeddable":true,"href":"https:\/\/www.europesays.com\/lv\/wp-json\/wp\/v2\/comments?post=93309"}],"version-history":[{"count":0,"href":"https:\/\/www.europesays.com\/lv\/wp-json\/wp\/v2\/posts\/93309\/revisions"}],"wp:featuredmedia":[{"embeddable":true,"href":"https:\/\/www.europesays.com\/lv\/wp-json\/wp\/v2\/media\/93310"}],"wp:attachment":[{"href":"https:\/\/www.europesays.com\/lv\/wp-json\/wp\/v2\/media?parent=93309"}],"wp:term":[{"taxonomy":"category","embeddable":true,"href":"https:\/\/www.europesays.com\/lv\/wp-json\/wp\/v2\/categories?post=93309"},{"taxonomy":"post_tag","embeddable":true,"href":"https:\/\/www.europesays.com\/lv\/wp-json\/wp\/v2\/tags?post=93309"}],"curies":[{"name":"wp","href":"https:\/\/api.w.org\/{rel}","templated":true}]}}