{"id":93316,"date":"2026-01-03T10:21:06","date_gmt":"2026-01-03T10:21:06","guid":{"rendered":"https:\/\/www.europesays.com\/lv\/93316\/"},"modified":"2026-01-03T10:21:06","modified_gmt":"2026-01-03T10:21:06","slug":"londona-par-iebrauksanu-centra-sak-maksat-ari-elektroauto-brauceji","status":"publish","type":"post","link":"https:\/\/www.europesays.com\/lv\/93316\/","title":{"rendered":"London\u0101 par iebrauk\u0161anu centr\u0101 s\u0101k maks\u0101t ar\u012b elektroauto brauc\u0113ji"},"content":{"rendered":"<p>Elektro auto \u012bpa\u0161niekiem jaunais gads London\u0101 ies\u0101cies ar neliel\u0101m galvass\u0101p\u0113m, bet t\u0101s nav glu\u017ei saist\u0101mas ar p\u0101r\u0101k lielu dzirksto\u0161o dz\u0113rienu entuziasmu. Elektrisko auto vad\u012bt\u0101ji vairs nav privili\u0123\u0113to status\u0101, ar\u012b vi\u0146iem j\u0101s\u0101k maks\u0101t Londonas noteikt\u0101 iebrauk\u0161anas maksa.\n<\/p>\n<p>Iebrauk\u0161anas maksa Londonas centr\u0101 nebija main\u012bta kop\u0161 2020. gada, nu t\u0101 paaugstin\u0101ta no 15 l\u012bdz 18 m\u0101rci\u0146\u0101m dien\u0101. Elektro auto ir neliela atlaide, bet t\u0101pat \u0161o auto iebrauk\u0161ana Londonas centr\u0101 maks\u0101s 13.50 m\u0101rci\u0146as, ja izmantosi autom\u0101tisko nor\u0113\u0137inu sist\u0113mu.\n<\/p>\n<p>No 2030. gada elektroauto atlaide iebrauk\u0161anai tiks samazin\u0101ta uz pusi. Probl\u0113mas b\u016bs Londonas centra iedz\u012bvot\u0101jiem, kuriem tiek pie\u0161\u0137irta 90% atlaide \u2013 no n\u0101kam\u0101 gada s\u0101kuma \u0161o atlaidi pie\u0161\u0137irs tikai elektroauto, iek\u0161dedzes dzin\u0113ju auto vairs \u0161\u0101das atlaides netiks nodro\u0161in\u0101tas.<\/p>\n","protected":false},"excerpt":{"rendered":"Elektro auto \u012bpa\u0161niekiem jaunais gads London\u0101 ies\u0101cies ar neliel\u0101m galvass\u0101p\u0113m, bet t\u0101s nav glu\u017ei saist\u0101mas ar p\u0101r\u0101k lielu&hellip;\n","protected":false},"author":2,"featured_media":60771,"comment_status":"","ping_status":"","sticky":false,"template":"","format":"standard","meta":{"footnotes":""},"categories":[16],"tags":[77,76,35,39,38,36,37,34,40],"class_list":{"0":"post-93316","1":"post","2":"type-post","3":"status-publish","4":"format-standard","5":"has-post-thumbnail","7":"category-bizness","8":"tag-bizness","9":"tag-business","10":"tag-latvia","11":"tag-latvian","12":"tag-latviesu","13":"tag-latviesu-valoda","14":"tag-latviesuvaloda","15":"tag-latvija","16":"tag-lv"},"share_on_mastodon":{"url":"https:\/\/pubeurope.com\/@lv\/115830671482913315","error":""},"_links":{"self":[{"href":"https:\/\/www.europesays.com\/lv\/wp-json\/wp\/v2\/posts\/93316","targetHints":{"allow":["GET"]}}],"collection":[{"href":"https:\/\/www.europesays.com\/lv\/wp-json\/wp\/v2\/posts"}],"about":[{"href":"https:\/\/www.europesays.com\/lv\/wp-json\/wp\/v2\/types\/post"}],"author":[{"embeddable":true,"href":"https:\/\/www.europesays.com\/lv\/wp-json\/wp\/v2\/users\/2"}],"replies":[{"embeddable":true,"href":"https:\/\/www.europesays.com\/lv\/wp-json\/wp\/v2\/comments?post=93316"}],"version-history":[{"count":0,"href":"https:\/\/www.europesays.com\/lv\/wp-json\/wp\/v2\/posts\/93316\/revisions"}],"wp:featuredmedia":[{"embeddable":true,"href":"https:\/\/www.europesays.com\/lv\/wp-json\/wp\/v2\/media\/60771"}],"wp:attachment":[{"href":"https:\/\/www.europesays.com\/lv\/wp-json\/wp\/v2\/media?parent=93316"}],"wp:term":[{"taxonomy":"category","embeddable":true,"href":"https:\/\/www.europesays.com\/lv\/wp-json\/wp\/v2\/categories?post=93316"},{"taxonomy":"post_tag","embeddable":true,"href":"https:\/\/www.europesays.com\/lv\/wp-json\/wp\/v2\/tags?post=93316"}],"curies":[{"name":"wp","href":"https:\/\/api.w.org\/{rel}","templated":true}]}}