{"id":93317,"date":"2026-01-03T10:24:12","date_gmt":"2026-01-03T10:24:12","guid":{"rendered":"https:\/\/www.europesays.com\/lv\/93317\/"},"modified":"2026-01-03T10:24:12","modified_gmt":"2026-01-03T10:24:12","slug":"latvijas-upes-turpinasies-ledus-veidosanas-un-viznu-iesana","status":"publish","type":"post","link":"https:\/\/www.europesays.com\/lv\/93317\/","title":{"rendered":"Latvijas up\u0113s turpin\u0101sies ledus veido\u0161an\u0101s un vi\u017e\u0146u ie\u0161ana"},"content":{"rendered":"<p>\u0160odien Latvij\u0101 valda neliels atkusnis, bet viet\u0101m iesp\u0113jams neliels sals, t\u0101d\u0113\u013c <a href=\"https:\/\/www.apollo.lv\/term\/574470\/ledus\" class=\"topicLink\" target=\"_blank\" rel=\"nofollow noopener\">ledus<\/a> veido\u0161an\u0101s nenotiks tik intens\u012bvi.<\/p>\n<p>Savuk\u0101rt nakt\u012b uz sv\u0113tdienu sals pastiprin\u0101sies un t\u0101 ietekm\u0113 notiks intens\u012bv\u0101ka ledus veido\u0161an\u0101s un nostiprin\u0101sies ledus sega.<\/p>\n<blockquote class=\"quote ck-widget\" contenteditable=\"false\">\n<p>Ledus veido\u0161an\u0101s laik\u0101 atsevi\u0161\u0137os upju posmos krasi sv\u0101rst\u012bsies \u016bdensl\u012bmenis.<\/p>\n<\/blockquote>\n<p>Savuk\u0101rt snig\u0161anas laik\u0101 up\u0113s veidosies sniega putra.<\/p>\n<p>\u0160o procesu ietekm\u0113 Daugav\u0101 P\u013cavi\u0146u \u016bdenskr\u0101tuv\u0113 turpin\u0101sies ledus un vi\u017e\u0146u virz\u012bba no <a href=\"https:\/\/www.apollo.lv\/term\/575992\/upes\" class=\"topicLink\" target=\"_blank\" rel=\"nofollow noopener\">upes<\/a> aug\u0161teces posmiem, kas veicin\u0101s ledus segas kust\u0113\u0161anos, stum\u0161anos un bl\u012bv\u0113\u0161anos \u016bdenskr\u0101tuves aug\u0161tec\u0113 un aug\u0161pus t\u0101s.<\/p>\n<p>L\u012bdz ar to turpin\u0101s paaugstin\u0101ties \u016bdensl\u012bmenis Ze\u013c\u0137os, k\u0101 ar\u012b gaid\u0101ma \u016bdensl\u012bme\u0146a paaugstin\u0101\u0161an\u0101s ar\u012b J\u0113kabpil\u012b.<\/p>\n<p>Ar\u012b cit\u0101s up\u0113s turpin\u0101sies vi\u017e\u0146u ie\u0161ana, bet gar krastiem nostiprin\u0101s piesalas.<\/p>\n","protected":false},"excerpt":{"rendered":"\u0160odien Latvij\u0101 valda neliels atkusnis, bet viet\u0101m iesp\u0113jams neliels sals, t\u0101d\u0113\u013c ledus veido\u0161an\u0101s nenotiks tik intens\u012bvi. Savuk\u0101rt nakt\u012b&hellip;\n","protected":false},"author":2,"featured_media":93318,"comment_status":"","ping_status":"","sticky":false,"template":"","format":"standard","meta":{"footnotes":""},"categories":[5],"tags":[23,28,29,32,33,22,30,31,35,39,38,36,37,34,10287,40,20,26,27,24,25,23378,23377,21],"class_list":{"0":"post-93317","1":"post","2":"type-post","3":"status-publish","4":"format-standard","5":"has-post-thumbnail","7":"category-aktualitates","8":"tag-aktualitates","9":"tag-breaking-news","10":"tag-breakingnews","11":"tag-featured-news","12":"tag-featurednews","13":"tag-headlines","14":"tag-latest-news","15":"tag-latestnews","16":"tag-latvia","17":"tag-latvian","18":"tag-latviesu","19":"tag-latviesu-valoda","20":"tag-latviesuvaloda","21":"tag-latvija","22":"tag-ledus","23":"tag-lv","24":"tag-news","25":"tag-popularakas-zinas","26":"tag-popularakaszinas","27":"tag-top-stories","28":"tag-topstories","29":"tag-upes","30":"tag-vizni","31":"tag-zinas"},"share_on_mastodon":{"url":"https:\/\/pubeurope.com\/@lv\/115830683314351393","error":""},"_links":{"self":[{"href":"https:\/\/www.europesays.com\/lv\/wp-json\/wp\/v2\/posts\/93317","targetHints":{"allow":["GET"]}}],"collection":[{"href":"https:\/\/www.europesays.com\/lv\/wp-json\/wp\/v2\/posts"}],"about":[{"href":"https:\/\/www.europesays.com\/lv\/wp-json\/wp\/v2\/types\/post"}],"author":[{"embeddable":true,"href":"https:\/\/www.europesays.com\/lv\/wp-json\/wp\/v2\/users\/2"}],"replies":[{"embeddable":true,"href":"https:\/\/www.europesays.com\/lv\/wp-json\/wp\/v2\/comments?post=93317"}],"version-history":[{"count":0,"href":"https:\/\/www.europesays.com\/lv\/wp-json\/wp\/v2\/posts\/93317\/revisions"}],"wp:featuredmedia":[{"embeddable":true,"href":"https:\/\/www.europesays.com\/lv\/wp-json\/wp\/v2\/media\/93318"}],"wp:attachment":[{"href":"https:\/\/www.europesays.com\/lv\/wp-json\/wp\/v2\/media?parent=93317"}],"wp:term":[{"taxonomy":"category","embeddable":true,"href":"https:\/\/www.europesays.com\/lv\/wp-json\/wp\/v2\/categories?post=93317"},{"taxonomy":"post_tag","embeddable":true,"href":"https:\/\/www.europesays.com\/lv\/wp-json\/wp\/v2\/tags?post=93317"}],"curies":[{"name":"wp","href":"https:\/\/api.w.org\/{rel}","templated":true}]}}