{"id":93319,"date":"2026-01-03T10:25:07","date_gmt":"2026-01-03T10:25:07","guid":{"rendered":"https:\/\/www.europesays.com\/lv\/93319\/"},"modified":"2026-01-03T10:25:07","modified_gmt":"2026-01-03T10:25:07","slug":"sova-600-kilogramu-masas-zvaigzne-eimija-slatone-apprecejusies-mistiska-vieta-lente-lv","status":"publish","type":"post","link":"https:\/\/www.europesays.com\/lv\/93319\/","title":{"rendered":"\u0160ova &#8220;600 kilogramu m\u0101sas&#8221; zvaigzne Eimija Slatone apprec\u0113jusies mistisk\u0101 viet\u0101\u00a0\u2014\u00a0Lente.lv"},"content":{"rendered":"<p>Eimija Slatone teikusi &#8220;j\u0101&#8221;<\/p>\n<p>K\u0101 zi\u0146o telekan\u0101ls TV3, realit\u0101tes \u0161ova \u201c600 kilogramu m\u0101sas\u201d zvaigzne Eimija Slatone ir piepild\u012bjusi savu sapni un apprec\u0113jusies ar savu m\u012b\u013coto Braienu Lovornu. K\u0101zu ceremonija notikusi Helov\u012bnu vakar\u0101, bet par laul\u012bb\u0101m publiski pazi\u0146ots 2025. gada decembra izska\u0146\u0101. Lai gan p\u0101ris iepazin\u0101s pirms neilga laika \u2013 attiec\u012bbas aizs\u0101k\u0101s tikai pirms pieciem m\u0113ne\u0161iem \u2013, vi\u0146i nol\u0113mu\u0161i spert nopietnu soli kopdz\u012bv\u0113.<\/p>\n<p>Mistisk\u0101 k\u0101zu norises vieta<\/p>\n<p>P\u0101ris savu laul\u012bbu ceremoniju izv\u0113l\u0113jies r\u012bkot Helov\u012bnu nakt\u012b, un \u012bpa\u0161u atmosf\u0113ru k\u0101z\u0101m pie\u0161\u0137\u012brusi mistisk\u0101, spoku aps\u0113st\u0101 tavern\u0101, kas atbilst p\u0101ra aizrau\u0161an\u0101s ar paranorm\u0101lo. \u0160\u012b nebija vien\u012bg\u0101 Helov\u012bnu t\u0113mas izpausme, jo ar\u012b saderin\u0101\u0161an\u0101s notika spoku aps\u0113st\u0101 m\u0101j\u0101.<\/p>\n<p>\u0122imenes attiec\u012bbas un pl\u0101ni<\/p>\n<p>Lai gan Eimija ir saj\u016bsm\u0101 par savu l\u0113mumu apprec\u0113ties, ne visi \u0123imenes locek\u013ci atbalsta vi\u0146as sasteigto l\u0113mumu. Vi\u0146as m\u0101sa Tamija paudusi ba\u017eas par p\u0101r\u0101k \u0101tru sol\u012bjumu do\u0161anu, \u012bpa\u0161i \u0146emot v\u0113r\u0101 k\u0101zu t\u0113mu un norises vietu. Neskatoties uz iesp\u0113jam\u0101m nesaska\u0146\u0101m, Eimija ir ap\u0146\u0113m\u012bbas pilna svin\u0113t savu m\u012blest\u012bbu un rad\u012bt neaizmirstamu notikumu.<\/p>\n<p>Eimijas vizu\u0101lais t\u0113ls un n\u0101kotnes v\u012bzija<\/p>\n<p>Eimija ir izteikusies, ka v\u0113las, lai vi\u0146as k\u0101zu kleita b\u016btu ne tikai eleganta, bet ar\u012b atspogu\u013cotu Helov\u012bnu noska\u0146u, iesp\u0113jams, ar melniem akcentiem vai met\u0101lisku sp\u012bdumu. P\u0101ris ir gatavs kop\u012bgai n\u0101kotnei un pl\u0101no, ka vi\u0146u laul\u012bba ilgs m\u016b\u017e\u012bgi.<\/p>\n","protected":false},"excerpt":{"rendered":"Eimija Slatone teikusi &#8220;j\u0101&#8221; K\u0101 zi\u0146o telekan\u0101ls TV3, realit\u0101tes \u0161ova \u201c600 kilogramu m\u0101sas\u201d zvaigzne Eimija Slatone ir piepild\u012bjusi&hellip;\n","protected":false},"author":2,"featured_media":93320,"comment_status":"","ping_status":"","sticky":false,"template":"","format":"standard","meta":{"footnotes":""},"categories":[19],"tags":[23380,23382,23379,89,23381,90,832,35,39,38,36,37,34,40],"class_list":{"0":"post-93319","1":"post","2":"type-post","3":"status-publish","4":"format-standard","5":"has-post-thumbnail","7":"category-izklaide","8":"tag-600-kilogramu-masas","9":"tag-braiens-lovorns","10":"tag-eimija-slatone","11":"tag-entertainment","12":"tag-helovini","13":"tag-izklaide","14":"tag-kazas","15":"tag-latvia","16":"tag-latvian","17":"tag-latviesu","18":"tag-latviesu-valoda","19":"tag-latviesuvaloda","20":"tag-latvija","21":"tag-lv"},"share_on_mastodon":{"url":"https:\/\/pubeurope.com\/@lv\/115830687221626683","error":""},"_links":{"self":[{"href":"https:\/\/www.europesays.com\/lv\/wp-json\/wp\/v2\/posts\/93319","targetHints":{"allow":["GET"]}}],"collection":[{"href":"https:\/\/www.europesays.com\/lv\/wp-json\/wp\/v2\/posts"}],"about":[{"href":"https:\/\/www.europesays.com\/lv\/wp-json\/wp\/v2\/types\/post"}],"author":[{"embeddable":true,"href":"https:\/\/www.europesays.com\/lv\/wp-json\/wp\/v2\/users\/2"}],"replies":[{"embeddable":true,"href":"https:\/\/www.europesays.com\/lv\/wp-json\/wp\/v2\/comments?post=93319"}],"version-history":[{"count":0,"href":"https:\/\/www.europesays.com\/lv\/wp-json\/wp\/v2\/posts\/93319\/revisions"}],"wp:featuredmedia":[{"embeddable":true,"href":"https:\/\/www.europesays.com\/lv\/wp-json\/wp\/v2\/media\/93320"}],"wp:attachment":[{"href":"https:\/\/www.europesays.com\/lv\/wp-json\/wp\/v2\/media?parent=93319"}],"wp:term":[{"taxonomy":"category","embeddable":true,"href":"https:\/\/www.europesays.com\/lv\/wp-json\/wp\/v2\/categories?post=93319"},{"taxonomy":"post_tag","embeddable":true,"href":"https:\/\/www.europesays.com\/lv\/wp-json\/wp\/v2\/tags?post=93319"}],"curies":[{"name":"wp","href":"https:\/\/api.w.org\/{rel}","templated":true}]}}