{"id":93346,"date":"2026-01-03T10:56:36","date_gmt":"2026-01-03T10:56:36","guid":{"rendered":"https:\/\/www.europesays.com\/lv\/93346\/"},"modified":"2026-01-03T10:56:36","modified_gmt":"2026-01-03T10:56:36","slug":"realitates-sova-zvaigzne-dzeza-dzeningsa-atklaj-vina-ir-zaudejusi-46-kilogramus-lieka-svara-lente-lv","status":"publish","type":"post","link":"https:\/\/www.europesays.com\/lv\/93346\/","title":{"rendered":"Realit\u0101tes \u0161ova zvaigzne D\u017eeza D\u017eeningsa atkl\u0101j \u2013 vi\u0146a ir zaud\u0113jusi 46 kilogramus liek\u0101 svara!\u00a0\u2014\u00a0Lente.lv"},"content":{"rendered":"<p>Iev\u0113rojama p\u0101rv\u0113rt\u012bba<\/p>\n<p>D\u017eeza D\u017eeningsa, 24 gadus vec\u0101 realit\u0101tes \u0161ova \u201cEs esmu D\u017eeza\u201d zvaigzne, ir veiksm\u012bgi \u012bstenojusi savu m\u0113r\u0137i \u2013 divu gadu laik\u0101 vi\u0146a ir atbr\u012bvojusies no 46 kilogramiem liek\u0101 svara. K\u0101 zi\u0146o telekan\u0101ls TV3, \u0161\u012b iev\u0113rojam\u0101 p\u0101rv\u0113rt\u012bba ir ne tikai fizisks sasniegums, bet ar\u012b liels solis uz priek\u0161u D\u017eeza pa\u0161v\u0113rt\u012bbas un \u0137erme\u0146a pa\u0161pie\u0146em\u0161anas ce\u013c\u0101.<\/p>\n<p>C\u012b\u0146a ar lieko svaru un \u0113\u0161anas trauc\u0113jumiem<\/p>\n<p>D\u017eeningsas ce\u013cojums uz vesel\u012bg\u0101ku dz\u012bvesveidu s\u0101k\u0101s 2021. gad\u0101, kad vi\u0146a publiski atkl\u0101ja, ka ir pie\u0146\u0113musies svar\u0101 par gandr\u012bz 46 kilogramiem nepilnu divu gadu laik\u0101, saskaroties ar n\u0101k\u0161anas \u0113\u0161anas trauc\u0113jumiem (BED). \u0160\u012b atkl\u0101sme notika laik\u0101, kad vi\u0146a atlikusi studijas presti\u017eaj\u0101 H\u0101rvardas Universit\u0101t\u0113, mekl\u0113jot sev\u012b sp\u0113ku un motiv\u0101ciju, lai main\u012btu savus \u0113\u0161anas paradumus un uz\u0146emtos atbild\u012bbu par savu vesel\u012bbu. D\u017eeza ir atzinusi, ka p\u0101rm\u0113r\u012bga \u0113\u0161ana bija veids, k\u0101 vi\u0146a cent\u0101s tikt gal\u0101 ar ment\u0101l\u0101s vesel\u012bbas probl\u0113m\u0101m, tostarp trauksmi un depresiju. Vi\u0146as c\u012b\u0146a ar lieko svaru un ar to saist\u012bt\u0101s emocijas tika pla\u0161i dokument\u0113tas \u0161ova \u201cI Am Jazz\u201d sept\u012btaj\u0101 sezon\u0101.<\/p>\n<p>Rezult\u0101ti un pa\u0161apzi\u0146as atg\u016b\u0161ana<\/p>\n<p>P\u0113c ilga un ap\u0146\u0113m\u012bbas pilna darba, D\u017eeningsai ir izdevies sasniegt iev\u0113rojamus rezult\u0101tus. L\u012bdz 2024. gada augustam vi\u0146a bija zaud\u0113jusi gandr\u012bz 46 kilogramus. \u0160is sasniegums ir rosin\u0101jis ne tikai pozit\u012bvas atsauksmes no faniem, kuri slav\u0113 vi\u0146as izskatu un drosmi, bet ar\u012b dzi\u013c\u0101ku pa\u0161pie\u0146em\u0161anu D\u017eeza. Lai gan vi\u0146a atz\u012bst, ka joproj\u0101m ir vietas uzlabojumiem, vi\u0146a j\u016btas vair\u0101k motiv\u0113ta un iedvesmot\u0101ka nek\u0101 jebkad agr\u0101k. Nesenie fotoatt\u0113li, kuros D\u017eeza redzama vann\u0101, da\u013c\u0113ji apsegu\u0161ies ar put\u0101m, un ar\u012b citi kadri no vi\u0146as ce\u013cojuma uz Lasvegasu, demonstr\u0113 p\u0101rliecino\u0161u p\u0101rv\u0113rt\u012bbu un jaunieg\u016bto p\u0101rliec\u012bbu par sevi un savu \u0137ermeni. Vi\u0146a dal\u0101s ar saviem sekot\u0101jiem, ka \u0161\u012b svara zaud\u0113\u0161ana ir rad\u012bjusi dzi\u013cas izmai\u0146as vi\u0146as iek\u0161ien\u0113, un vi\u0146as pa\u0161apzi\u0146a ir s\u0101cis starot.<\/p>\n<p>Atbalsts un turpm\u0101kie m\u0113r\u0137i<\/p>\n<p>D\u017eeningsas vesel\u012bbas un svara zaud\u0113\u0161anas ce\u013cojums ir cie\u0161i saist\u012bts ar vi\u0146as \u0123imenes un draugu atbalstu. Vi\u0146a ir publiski pateikusies visiem, kas vi\u0146u ir atbalst\u012bju\u0161i \u0161aj\u0101 proces\u0101. T\u0101pat D\u017eeza turpina savas gaitas H\u0101rvardas Universit\u0101t\u0113, nesen nosvinot savu p\u0113d\u0113jo eks\u0101menu nok\u0101rto\u0161anu. Vi\u0146a uzsver, ka vesel\u012bba nav sasniegums, ko var izlikt apskatei, bet gan nep\u0101rtraukts darbs. D\u017eeningsa ir k\u013cuvusi par iedvesmas avotu daudziem, atkl\u0101ti run\u0101jot par sav\u0101m fiziskaj\u0101m un ment\u0101laj\u0101m c\u012b\u0146\u0101m, un apliecinot, ka ar neatlaid\u012bbu un atbalstu ir iesp\u0113jams p\u0101rvar\u0113t lielus izaicin\u0101jumus.<\/p>\n","protected":false},"excerpt":{"rendered":"Iev\u0113rojama p\u0101rv\u0113rt\u012bba D\u017eeza D\u017eeningsa, 24 gadus vec\u0101 realit\u0101tes \u0161ova \u201cEs esmu D\u017eeza\u201d zvaigzne, ir veiksm\u012bgi \u012bstenojusi savu m\u0113r\u0137i&hellip;\n","protected":false},"author":2,"featured_media":93347,"comment_status":"","ping_status":"","sticky":false,"template":"","format":"standard","meta":{"footnotes":""},"categories":[19],"tags":[23384,89,23386,90,35,39,38,36,37,34,40,23387,18077,23385],"class_list":{"0":"post-93346","1":"post","2":"type-post","3":"status-publish","4":"format-standard","5":"has-post-thumbnail","7":"category-izklaide","8":"tag-dzeza-dzeningsa","9":"tag-entertainment","10":"tag-esanas-traucejumi","11":"tag-izklaide","12":"tag-latvia","13":"tag-latvian","14":"tag-latviesu","15":"tag-latviesu-valoda","16":"tag-latviesuvaloda","17":"tag-latvija","18":"tag-lv","19":"tag-pasvertiba","20":"tag-realitates-sovs","21":"tag-svara-zaudesana"},"share_on_mastodon":{"url":"https:\/\/pubeurope.com\/@lv\/115830809060875567","error":""},"_links":{"self":[{"href":"https:\/\/www.europesays.com\/lv\/wp-json\/wp\/v2\/posts\/93346","targetHints":{"allow":["GET"]}}],"collection":[{"href":"https:\/\/www.europesays.com\/lv\/wp-json\/wp\/v2\/posts"}],"about":[{"href":"https:\/\/www.europesays.com\/lv\/wp-json\/wp\/v2\/types\/post"}],"author":[{"embeddable":true,"href":"https:\/\/www.europesays.com\/lv\/wp-json\/wp\/v2\/users\/2"}],"replies":[{"embeddable":true,"href":"https:\/\/www.europesays.com\/lv\/wp-json\/wp\/v2\/comments?post=93346"}],"version-history":[{"count":0,"href":"https:\/\/www.europesays.com\/lv\/wp-json\/wp\/v2\/posts\/93346\/revisions"}],"wp:featuredmedia":[{"embeddable":true,"href":"https:\/\/www.europesays.com\/lv\/wp-json\/wp\/v2\/media\/93347"}],"wp:attachment":[{"href":"https:\/\/www.europesays.com\/lv\/wp-json\/wp\/v2\/media?parent=93346"}],"wp:term":[{"taxonomy":"category","embeddable":true,"href":"https:\/\/www.europesays.com\/lv\/wp-json\/wp\/v2\/categories?post=93346"},{"taxonomy":"post_tag","embeddable":true,"href":"https:\/\/www.europesays.com\/lv\/wp-json\/wp\/v2\/tags?post=93346"}],"curies":[{"name":"wp","href":"https:\/\/api.w.org\/{rel}","templated":true}]}}