{"id":93367,"date":"2026-01-03T11:38:31","date_gmt":"2026-01-03T11:38:31","guid":{"rendered":"https:\/\/www.europesays.com\/lv\/93367\/"},"modified":"2026-01-03T11:38:31","modified_gmt":"2026-01-03T11:38:31","slug":"dziedataja-pink-jauno-gadu-sagaida-slimnicas-gulta-pec-kakla-operacijas-lente-lv","status":"publish","type":"post","link":"https:\/\/www.europesays.com\/lv\/93367\/","title":{"rendered":"Dzied\u0101t\u0101ja Pink Jauno gadu sagaida slimn\u012bcas gult\u0101 p\u0113c kakla oper\u0101cijas\u00a0\u2014\u00a0Lente.lv"},"content":{"rendered":"<p>Dzied\u0101t\u0101ja Pink Jauno gadu sagaida slimn\u012bc\u0101<\/p>\n<p>M\u016bzi\u0137e Pink savu 2026. gada sagaid\u012b\u0161anu pavad\u012bja neierast\u0101 viet\u0101 \u2013 slimn\u012bc\u0101, kur vi\u0146ai tika veikta kakla oper\u0101cija. K\u0101 zi\u0146o telekan\u0101ls TV3, dzied\u0101t\u0101ja soci\u0101lajos t\u012bklos dal\u012bjusies ar emocion\u0101lu zi\u0146ojumu, atkl\u0101jot, ka vi\u0146ai tika nomain\u012bti divi kakla skrieme\u013cdiski. Lai gan vi\u0146as \u0123imene \u0161o laiku pavad\u012bja, dodoties snovbord\u0101, Pinka koncentr\u0113j\u0101s uz sava \u0137erme\u0146a \u201csalabo\u0161anu\u201d.<\/p>\n<p>Optimisms un cer\u012bba uz jauno gadu<\/p>\n<p>Neskatoties uz vesel\u012bbas probl\u0113m\u0101m un atra\u0161anos slimn\u012bc\u0101, Pinka saglab\u0101 pozit\u012bvu skat\u012bjumu uz n\u0101kotni. Vi\u0146a atzina, ka 2025. gads bijis \u201cpilns ar da\u017e\u0101diem notikumiem, s\u0101kot no posto\u0161iem l\u012bdz pat nedaudz kaitino\u0161iem,\u201d ta\u010du vi\u0146a ir gatava atst\u0101t pag\u0101ju\u0161\u0101 gada \u201cs\u0101pes\u201d un \u201caiz auss\u201d. \u201cEs beidzu gadu, veltot cie\u0146u un uzman\u012bbu savam \u0137ermenim,\u201d vi\u0146a rakst\u012bja, piebilstot, ka jaunie diski un r\u0113ta ir \u201cjauns atg\u0101din\u0101jums, ka es nov\u0113rt\u0113ju \u0161o \u0137ermeni, kas man ir, un izmantoju to piln\u012bb\u0101.\u201d Pinka pauda pateic\u012bbu par iesp\u0113ju izv\u0113l\u0113ties r\u016bp\u0113ties par savu vesel\u012bbu un ap\u0146\u0113m\u012bbu pal\u012bdz\u0113t citiem saglab\u0101t \u0161\u012bs izv\u0113les br\u012bv\u012bbas. Vi\u0146a uzsv\u0113ra savu izv\u0113li uz \u201cprieku\u201d un \u201cpozit\u012bv\u0101m dom\u0101m\u201d p\u0101r negat\u012bv\u0101m, piebilstot: \u201cEs atg\u016b\u0161u savu me\u017eon\u012bbu.\u201d<\/p>\n<p>Karjera un vesel\u012bbas kompromisi<\/p>\n<p>46 gadus vec\u0101 dzied\u0101t\u0101ja, kas paz\u012bstama ar sav\u0101m drosm\u012bgaj\u0101m un akrob\u0101tiskaj\u0101m uzst\u0101\u0161an\u0101s reiz\u0113m, tostarp lidojot augstu virs skatuves, atzina, ka \u201crokenrols ir kontaktu sports\u201d. \u0160\u012b oper\u0101cija, iesp\u0113jams, ir kompromiss, ko vi\u0146a ir spiesta izdar\u012bt, lai turpin\u0101tu savu karjeru, kas prasa fizisku iztur\u012bbu. Neskatoties uz to, Pinka nezaud\u0113 savu optimistisko garu un ir ap\u0146\u0113m\u012bbas pilna turpin\u0101t darboties sav\u0101 vesel\u012bbas lab\u0101, lai var\u0113tu turpin\u0101t uzst\u0101ties.<\/p>\n<p>\u0122imenes atbalsts un sv\u0113tku saj\u016bta<\/p>\n<p>Kam\u0113r dzied\u0101t\u0101ja atrad\u0101s slimn\u012bc\u0101, vi\u0146as v\u012brs Karejs Harts ar b\u0113rniem, meitu Vilou un d\u0113lu D\u017eeimsu, svin\u0113ja Jauno gadu, dodoties snovborda ce\u013cojum\u0101. Lai gan Pinka nevar\u0113ja b\u016bt kop\u0101 ar savu \u0123imeni, vi\u0146a joproj\u0101m izjuta sv\u0113tku noska\u0146ojumu un nov\u0113l\u0113ja saviem faniem \u201cvair\u0101k prieka nek\u0101 b\u0113du, vair\u0101k saules nek\u0101 lietus, vair\u0101k m\u012blest\u012bbas nek\u0101 naida.\u201d Vi\u0146a aicin\u0101ja savus sekot\u0101jus \u201cnomest veco \u010d\u016bskas \u0101du\u201d un \u201catrast savu zirga sp\u0113ku\u201d, nor\u0101dot uz cer\u012bbu uz jaunu s\u0101kumu un atjaunotu ener\u0123iju 2026. gad\u0101.<\/p>\n<p>Fanu reakcijas un atbalsts<\/p>\n<p>Pinka atkl\u0101t\u012bba par savu vesel\u012bbas st\u0101vokli izrais\u012bja lielu fanu un draugu atbalstu. Vi\u0146as soci\u0101lo t\u012bklu koment\u0101ru sada\u013c\u0101 cilv\u0113ki steidza izteikt savus laba v\u0113l\u0113jumus un uzslavas par dzied\u0101t\u0101jas atkl\u0101t\u012bbu un gudraj\u0101m dom\u0101m. Fani atz\u012bm\u0113ja, ka vi\u0146as v\u0101rdi \u201cj\u016btami k\u0101 apsk\u0101viens un pamodin\u0101\u0161ana vienlaikus,\u201d un slav\u0113ja vi\u0146as \u201cneuzkr\u012bto\u0161umu un sp\u0113ku.\u201d Daudzi izteica cer\u012bbu uz \u0101tru dzied\u0101t\u0101jas atvese\u013co\u0161anos un nov\u0113l\u0113ja vi\u0146ai laim\u012bgu Jauno gadu.<\/p>\n","protected":false},"excerpt":{"rendered":"Dzied\u0101t\u0101ja Pink Jauno gadu sagaida slimn\u012bc\u0101 M\u016bzi\u0137e Pink savu 2026. gada sagaid\u012b\u0161anu pavad\u012bja neierast\u0101 viet\u0101 \u2013 slimn\u012bc\u0101, kur&hellip;\n","protected":false},"author":2,"featured_media":93368,"comment_status":"","ping_status":"","sticky":false,"template":"","format":"standard","meta":{"footnotes":""},"categories":[19],"tags":[89,90,18259,35,39,38,36,37,34,40,8107,23389,183,181],"class_list":{"0":"post-93367","1":"post","2":"type-post","3":"status-publish","4":"format-standard","5":"has-post-thumbnail","7":"category-izklaide","8":"tag-entertainment","9":"tag-izklaide","10":"tag-jaunais-gads","11":"tag-latvia","12":"tag-latvian","13":"tag-latviesu","14":"tag-latviesu-valoda","15":"tag-latviesuvaloda","16":"tag-latvija","17":"tag-lv","18":"tag-operacija","19":"tag-pink","20":"tag-slimnica","21":"tag-veseliba"},"share_on_mastodon":{"url":"https:\/\/pubeurope.com\/@lv\/115830974229523845","error":""},"_links":{"self":[{"href":"https:\/\/www.europesays.com\/lv\/wp-json\/wp\/v2\/posts\/93367","targetHints":{"allow":["GET"]}}],"collection":[{"href":"https:\/\/www.europesays.com\/lv\/wp-json\/wp\/v2\/posts"}],"about":[{"href":"https:\/\/www.europesays.com\/lv\/wp-json\/wp\/v2\/types\/post"}],"author":[{"embeddable":true,"href":"https:\/\/www.europesays.com\/lv\/wp-json\/wp\/v2\/users\/2"}],"replies":[{"embeddable":true,"href":"https:\/\/www.europesays.com\/lv\/wp-json\/wp\/v2\/comments?post=93367"}],"version-history":[{"count":0,"href":"https:\/\/www.europesays.com\/lv\/wp-json\/wp\/v2\/posts\/93367\/revisions"}],"wp:featuredmedia":[{"embeddable":true,"href":"https:\/\/www.europesays.com\/lv\/wp-json\/wp\/v2\/media\/93368"}],"wp:attachment":[{"href":"https:\/\/www.europesays.com\/lv\/wp-json\/wp\/v2\/media?parent=93367"}],"wp:term":[{"taxonomy":"category","embeddable":true,"href":"https:\/\/www.europesays.com\/lv\/wp-json\/wp\/v2\/categories?post=93367"},{"taxonomy":"post_tag","embeddable":true,"href":"https:\/\/www.europesays.com\/lv\/wp-json\/wp\/v2\/tags?post=93367"}],"curies":[{"name":"wp","href":"https:\/\/api.w.org\/{rel}","templated":true}]}}