{"id":93388,"date":"2026-01-03T12:09:07","date_gmt":"2026-01-03T12:09:07","guid":{"rendered":"https:\/\/www.europesays.com\/lv\/93388\/"},"modified":"2026-01-03T12:09:07","modified_gmt":"2026-01-03T12:09:07","slug":"virieti-apsudz-par-meginajumu-noslepkavot-dzivesbiedri","status":"publish","type":"post","link":"https:\/\/www.europesays.com\/lv\/93388\/","title":{"rendered":"V\u012brieti aps\u016bdz par m\u0113\u0123in\u0101jumu noslepkavot dz\u012bvesbiedri"},"content":{"rendered":"<p>V\u012brietis aps\u016bdz\u0113ts par to, ka vardarb\u012bgi apg\u0101j\u0101s ar personu, ar kuru ir past\u0101v\u012bg\u0101s int\u012bm\u0101s attiec\u012bb\u0101s un ir kop\u012bga saimniec\u012bba, nodarot tai fiziskas cie\u0161anas, k\u0101 ar\u012b par \u0161\u012bs personas izvaro\u0161anas un non\u0101v\u0113\u0161anas m\u0113\u0123in\u0101jumu.<\/p>\n<p>Aps\u016bdz\u0113tais, atrodoties sav\u0101 dz\u012bvesviet\u0101 kop\u0101 ar cietu\u0161o, ar kuru dz\u012bvo kop\u012bg\u0101 saimniec\u012bb\u0101 un ir past\u0101v\u012bg\u0101s int\u012bm\u0101s attiec\u012bb\u0101s, p\u0113c kop\u012bgas alkohola lieto\u0161anas s\u0101ka ar sievieti konfliktu.<\/p>\n<p>Konflikta laik\u0101, b\u016bdams agres\u012bvi noska\u0146ots, aps\u016bdz\u0113tais apsauk\u0101ja cietu\u0161o un sita ar d\u016br\u0113m pa galvu un cit\u0101m \u0137erme\u0146a da\u013c\u0101m.<\/p>\n<p>T\u0101pat, b\u016bdams alkohola ietekm\u0113 un agres\u012bvi noska\u0146ots, nol\u016bk\u0101 apmierin\u0101t savu dzimumtieksmi pret cietu\u0161\u0101s gribu, lietojot vardarb\u012bbu, m\u0113\u0123in\u0101ja veikt dzimumaktu, ta\u010du to neizdar\u012bja l\u012bdz galam, jo cietus\u012b pretoj\u0101s un sp\u0113ra ar k\u0101j\u0101m.<\/p>\n<p>P\u0113k\u0161\u0146u dusmu vad\u012bts slepkav\u012bbas nol\u016bk\u0101, v\u012brietis ar vienu roku satv\u0113ra gult\u0101 gulo\u0161u sievieti aiz kakla un to spieda, savuk\u0101rt ar otru roku uzlika vi\u0146ai uz sejas spilvenu un, stipri to spie\u017eot kl\u0101t, m\u0113\u0123in\u0101ja vi\u0146u nosmac\u0113t.<\/p>\n<p>Savu noziegumu aps\u016bdz\u0113tais l\u012bdz galam neizdar\u012bja, jo iezvan\u012bj\u0101s telefons un vi\u0146\u0161 savas darb\u012bbas p\u0101rtrauca.<\/p>\n","protected":false},"excerpt":{"rendered":"V\u012brietis aps\u016bdz\u0113ts par to, ka vardarb\u012bgi apg\u0101j\u0101s ar personu, ar kuru ir past\u0101v\u012bg\u0101s int\u012bm\u0101s attiec\u012bb\u0101s un ir kop\u012bga&hellip;\n","protected":false},"author":2,"featured_media":75530,"comment_status":"","ping_status":"","sticky":false,"template":"","format":"standard","meta":{"footnotes":""},"categories":[5],"tags":[23,28,29,32,33,22,30,31,35,39,38,36,37,34,40,20,26,27,504,24,25,899,2736,21],"class_list":{"0":"post-93388","1":"post","2":"type-post","3":"status-publish","4":"format-standard","5":"has-post-thumbnail","7":"category-aktualitates","8":"tag-aktualitates","9":"tag-breaking-news","10":"tag-breakingnews","11":"tag-featured-news","12":"tag-featurednews","13":"tag-headlines","14":"tag-latest-news","15":"tag-latestnews","16":"tag-latvia","17":"tag-latvian","18":"tag-latviesu","19":"tag-latviesu-valoda","20":"tag-latviesuvaloda","21":"tag-latvija","22":"tag-lv","23":"tag-news","24":"tag-popularakas-zinas","25":"tag-popularakaszinas","26":"tag-seksuala-vardarbiba","27":"tag-top-stories","28":"tag-topstories","29":"tag-vardarbiba","30":"tag-vardarbiba-gimene","31":"tag-zinas"},"share_on_mastodon":{"url":"https:\/\/pubeurope.com\/@lv\/115831096107429906","error":""},"_links":{"self":[{"href":"https:\/\/www.europesays.com\/lv\/wp-json\/wp\/v2\/posts\/93388","targetHints":{"allow":["GET"]}}],"collection":[{"href":"https:\/\/www.europesays.com\/lv\/wp-json\/wp\/v2\/posts"}],"about":[{"href":"https:\/\/www.europesays.com\/lv\/wp-json\/wp\/v2\/types\/post"}],"author":[{"embeddable":true,"href":"https:\/\/www.europesays.com\/lv\/wp-json\/wp\/v2\/users\/2"}],"replies":[{"embeddable":true,"href":"https:\/\/www.europesays.com\/lv\/wp-json\/wp\/v2\/comments?post=93388"}],"version-history":[{"count":0,"href":"https:\/\/www.europesays.com\/lv\/wp-json\/wp\/v2\/posts\/93388\/revisions"}],"wp:featuredmedia":[{"embeddable":true,"href":"https:\/\/www.europesays.com\/lv\/wp-json\/wp\/v2\/media\/75530"}],"wp:attachment":[{"href":"https:\/\/www.europesays.com\/lv\/wp-json\/wp\/v2\/media?parent=93388"}],"wp:term":[{"taxonomy":"category","embeddable":true,"href":"https:\/\/www.europesays.com\/lv\/wp-json\/wp\/v2\/categories?post=93388"},{"taxonomy":"post_tag","embeddable":true,"href":"https:\/\/www.europesays.com\/lv\/wp-json\/wp\/v2\/tags?post=93388"}],"curies":[{"name":"wp","href":"https:\/\/api.w.org\/{rel}","templated":true}]}}