{"id":93442,"date":"2026-01-03T13:30:06","date_gmt":"2026-01-03T13:30:06","guid":{"rendered":"https:\/\/www.europesays.com\/lv\/93442\/"},"modified":"2026-01-03T13:30:06","modified_gmt":"2026-01-03T13:30:06","slug":"mazumtirdznieciba-latvija-turpina-sesu-menesu-izaugsmes-tendenci-novembri-pieaugums-sasniedz-33-lente-lv","status":"publish","type":"post","link":"https:\/\/www.europesays.com\/lv\/93442\/","title":{"rendered":"Mazumtirdzniec\u012bba Latvij\u0101 turpina se\u0161u m\u0113ne\u0161u izaugsmes tendenci, novembr\u012b pieaugums sasniedz 3,3%\u00a0\u2014\u00a0Lente.lv"},"content":{"rendered":"<p>Mazumtirdzniec\u012bbas apjomi novembr\u012b turpina k\u0101pumu<\/p>\n<p>K\u0101 inform\u0113 Latvijas Sabiedriskie Mediji, Latvijas mazumtirdzniec\u012bbas nozar\u0113 turpin\u0101s pozit\u012bv\u0101 att\u012bst\u012bbas tendence \u2013 2025. gada novembr\u012b, sal\u012bdzinot ar 2024. gada novembri, mazumtirdzniec\u012bbas apjomi palielin\u0101ju\u0161ies par 3,3%. \u0160is ir jau sestais m\u0113nesis p\u0113c k\u0101rtas, kad tiek nov\u0113rots izaugsmes pieaugums gada griezum\u0101, sasniedzot augst\u0101ko r\u0101d\u012bt\u0101ju kop\u0161 2022. gada marta, kas liecina par stabilu atvese\u013co\u0161anos un notur\u012bgu tendenci tautsaimniec\u012bb\u0101.<\/p>\n<p>Centr\u0101l\u0101s statistikas p\u0101rvaldes (CSP) apkopotie dati ar\u012b atkl\u0101j, ka novembr\u012b mazumtirdzniec\u012bbas konfidences indekss Eiropas Komisijas izpild\u012bjum\u0101 uzr\u0101d\u012bjis uzlabojumu jau piekto m\u0113nesi p\u0113c k\u0101rtas, sasniedzot augst\u0101ko atz\u012bmi kop\u0161 2023. gada j\u016bnija un nedaudz p\u0101rsniedzot ilgtermi\u0146a vid\u0113jo l\u012bmeni. To veicin\u0101jis gan tirdzniec\u012bbas apjomu pieaugums, gan ar\u012b uz\u0146\u0113m\u0113ju pozit\u012bv\u0101s prognozes par turpm\u0101ko att\u012bst\u012bbu.<\/p>\n<p>Galvenie izaugsmes dzin\u0113jsp\u0113ki un kritumi<\/p>\n<p>Novembr\u012b par galvenajiem mazumtirdzniec\u012bbas izaugsmes virz\u012bt\u0101jiem k\u013cuva nep\u0101rtikas preces un degviela. Autodegvielas tirdzniec\u012bbas apjomi pieauga par 4,6%, bet nep\u0101rtikas pre\u010du mazumtirdzniec\u012bba, neieskaitot autodegvielu, palielin\u0101j\u0101s par 4,4%. P\u0101rtikas pre\u010du mazumtirdzniec\u012bb\u0101 ar\u012b nov\u0113rots pieaugums par 0,8%, kas sakr\u012bt ar samazin\u0101tu cenu pieauguma tempu p\u0101rtikas produktiem, nor\u0101dot uz pat\u0113ri\u0146a uzved\u012bbas atkar\u012bbu no cenu sv\u0101rst\u012bb\u0101m.<\/p>\n<p>\u012apa\u0161i izce\u013cama ir inform\u0101cijas un komunik\u0101ciju tehnolo\u0123iju (IKT) iek\u0101rtu mazumtirdzniec\u012bba specializ\u0113tajos veikalos, kur apgroz\u012bjums palielin\u0101jies par 16,6%, turpinot tendenci, kas v\u0113rojama kop\u0161 2024. gada febru\u0101ra. Iev\u0113rojami pieaugumi re\u0123istr\u0113ti ar\u012b farmaceitisko un medic\u012bnisko pre\u010du segment\u0101 (par 14,6%) un m\u0101jsaimniec\u012bbas elektroier\u012b\u010du tirdzniec\u012bb\u0101 (par 10,3%). T\u0101pat pieaugums par 12,8% bijis m\u0101jok\u013ca labiek\u0101rto\u0161anas prec\u0113m un par 6,6% tirdzniec\u012bb\u0101 \u0101rpus veikaliem, stendiem un tirgiem.<\/p>\n<p>Tom\u0113r ne visas pre\u010du kategorijas uzr\u0101d\u012bja pozit\u012bvu dinamiku. B\u016btisk\u0101kais apgroz\u012bjuma kritums nov\u0113rots kult\u016bras prec\u0113m un atp\u016btai paredz\u0113taj\u0101m prec\u0113m (par 12,5%), ap\u0123\u0113rbu, apavu un \u0101das izstr\u0101d\u0101jumu mazumtirdzniec\u012bb\u0101 (par 9,7%), k\u0101 ar\u012b met\u0101lizstr\u0101d\u0101jumu, instrumentu, b\u016bvmateri\u0101lu un santehnikas tirdzniec\u012bb\u0101 (par 3,6%).<\/p>\n<p>Dinamika m\u0113ne\u0161a un gada griezum\u0101<\/p>\n<p>Sal\u012bdzinot 2025. gada novembri ar oktobri, mazumtirdzniec\u012bbas kop\u0113jais apgroz\u012bjums faktiski pieauga par 4,6%, ne\u0146emot v\u0113r\u0101 kalend\u0101ro dienu ietekmi. Savuk\u0101rt m\u0113ne\u0161a griezum\u0101, p\u0113c sezon\u0101li kori\u0123\u0113tiem datiem, kop\u0113jais apgroz\u012bjums palielin\u0101j\u0101s par 0,3%. \u0160aj\u0101 period\u0101 nov\u0113rots p\u0101rtikas pre\u010du tirdzniec\u012bbas pieaugums par 1,4%, kam\u0113r nep\u0101rtikas pre\u010du apjoms (bez degvielas) samazin\u0101j\u0101s par 0,6%.<\/p>\n<p>Novembra dati par\u0101da, ka mazumtirdzniec\u012bb\u0101 gada griezum\u0101 kop\u0113jais apgroz\u012bjums pieauga par 3,3% sal\u012bdzin\u0101maj\u0101s cen\u0101s (p\u0113c kalend\u0101ri kori\u0123\u0113tiem datiem). Bez kalend\u0101ra dienu ietekmes tas bija par 4,6% liel\u0101ks.<\/p>\n<p>Novembra tendences un pat\u0113r\u0113t\u0101ju uzved\u012bba<\/p>\n<p>Novembr\u012b v\u0113rojama tendence, ka pat\u0113r\u0113t\u0101ji vair\u0101k l\u012bdzek\u013cu novirza ilgtermi\u0146a pirkumiem, piem\u0113ram, tehnolo\u0123iju prec\u0113m un pre\u010du grup\u0101m, kas saist\u012btas ar m\u0101jok\u013ca labiek\u0101rto\u0161anu un vesel\u012bbu. Tas sakr\u012bt ar p\u0101rtikas cenu infl\u0101cijas tempa samazin\u0101\u0161anos, liecinot par pat\u0113r\u0113t\u0101ju sp\u0113ju un v\u0113lmi veikt liel\u0101kus pirkumus.<\/p>\n<p>Interesanti, ka, sal\u012bdzinot ar iepriek\u0161\u0113jo m\u0113nesi, novembr\u012b v\u0113rojams b\u016btisks apgroz\u012bjuma pieaugums tirdzniec\u012bb\u0101 pa pastu vai internet\u0101 (par 4%), k\u0101 ar\u012b tirdzniec\u012bb\u0101 stendos un tirgos (par 5,5%). Tas var\u0113tu liecin\u0101t par main\u012bgiem iepirk\u0161an\u0101s paradumiem un pieaugo\u0161u tie\u0161saistes tirdzniec\u012bbas popularit\u0101ti, k\u0101 ar\u012b par tradicion\u0101lo tirdzniec\u012bbas vietu notur\u012bbu.<\/p>\n<p>Lai gan kop\u0113j\u0101 tendence ir pozit\u012bva, ir svar\u012bgi atz\u012bm\u0113t, ka da\u017eu pre\u010du kategoriju, piem\u0113ram, ap\u0123\u0113rbu un apavu, k\u0101 ar\u012b kult\u016bras un atp\u016btas pre\u010du, apgroz\u012bjuma kritums var nor\u0101d\u012bt uz specifisk\u0101m pat\u0113r\u0113t\u0101ju priorit\u0101t\u0113m un ekonomisk\u0101s situ\u0101cijas ietekmi uz atsevi\u0161\u0137\u0101m nozar\u0113m.<\/p>\n<p>N\u0101kotnes perspekt\u012bvas<\/p>\n<p>Finan\u0161u ministrijas skat\u012bjum\u0101, lai gan n\u0101kamajos m\u0113ne\u0161os pat\u0113ri\u0146u atbalst\u012bs pirktsp\u0113jas uzlabo\u0161an\u0101s, joproj\u0101m past\u0101v risks, ka augstais cenu l\u012bmenis un pat\u0113r\u0113t\u0101ju piesardz\u012bba t\u0113ri\u0146os var\u0113tu ierobe\u017eot strauj\u0101ku apgroz\u012bjuma pieaugumu. Tom\u0113r kopum\u0101 mazumtirdzniec\u012bba turpina att\u012bst\u012bties m\u0113renas izaugsmes virzien\u0101, un novembra rezult\u0101ti apliecina pak\u0101penisku piepras\u012bjuma pieaugumu, kas ir pozit\u012bvs sign\u0101ls Latvijas ekonomikai.<\/p>\n","protected":false},"excerpt":{"rendered":"Mazumtirdzniec\u012bbas apjomi novembr\u012b turpina k\u0101pumu K\u0101 inform\u0113 Latvijas Sabiedriskie Mediji, Latvijas mazumtirdzniec\u012bbas nozar\u0113 turpin\u0101s pozit\u012bv\u0101 att\u012bst\u012bbas tendence \u2013&hellip;\n","protected":false},"author":2,"featured_media":93443,"comment_status":"","ping_status":"","sticky":false,"template":"","format":"standard","meta":{"footnotes":""},"categories":[16],"tags":[77,76,47,12688,35,39,38,36,37,34,40,3546,10580],"class_list":{"0":"post-93442","1":"post","2":"type-post","3":"status-publish","4":"format-standard","5":"has-post-thumbnail","7":"category-bizness","8":"tag-bizness","9":"tag-business","10":"tag-ekonomika","11":"tag-izaugsme","12":"tag-latvia","13":"tag-latvian","14":"tag-latviesu","15":"tag-latviesu-valoda","16":"tag-latviesuvaloda","17":"tag-latvija","18":"tag-lv","19":"tag-mazumtirdznieciba","20":"tag-novembris"},"share_on_mastodon":{"url":"https:\/\/pubeurope.com\/@lv\/115831414654561581","error":""},"_links":{"self":[{"href":"https:\/\/www.europesays.com\/lv\/wp-json\/wp\/v2\/posts\/93442","targetHints":{"allow":["GET"]}}],"collection":[{"href":"https:\/\/www.europesays.com\/lv\/wp-json\/wp\/v2\/posts"}],"about":[{"href":"https:\/\/www.europesays.com\/lv\/wp-json\/wp\/v2\/types\/post"}],"author":[{"embeddable":true,"href":"https:\/\/www.europesays.com\/lv\/wp-json\/wp\/v2\/users\/2"}],"replies":[{"embeddable":true,"href":"https:\/\/www.europesays.com\/lv\/wp-json\/wp\/v2\/comments?post=93442"}],"version-history":[{"count":0,"href":"https:\/\/www.europesays.com\/lv\/wp-json\/wp\/v2\/posts\/93442\/revisions"}],"wp:featuredmedia":[{"embeddable":true,"href":"https:\/\/www.europesays.com\/lv\/wp-json\/wp\/v2\/media\/93443"}],"wp:attachment":[{"href":"https:\/\/www.europesays.com\/lv\/wp-json\/wp\/v2\/media?parent=93442"}],"wp:term":[{"taxonomy":"category","embeddable":true,"href":"https:\/\/www.europesays.com\/lv\/wp-json\/wp\/v2\/categories?post=93442"},{"taxonomy":"post_tag","embeddable":true,"href":"https:\/\/www.europesays.com\/lv\/wp-json\/wp\/v2\/tags?post=93442"}],"curies":[{"name":"wp","href":"https:\/\/api.w.org\/{rel}","templated":true}]}}