{"id":93444,"date":"2026-01-03T13:31:14","date_gmt":"2026-01-03T13:31:14","guid":{"rendered":"https:\/\/www.europesays.com\/lv\/93444\/"},"modified":"2026-01-03T13:31:14","modified_gmt":"2026-01-03T13:31:14","slug":"aculiecinieki-atklaj-detalas-par-tragisko-ugunsgreku-sveices-kurorta-lente-lv","status":"publish","type":"post","link":"https:\/\/www.europesays.com\/lv\/93444\/","title":{"rendered":"Aculiecinieki atkl\u0101j deta\u013cas par tra\u0123isko ugunsgr\u0113ku \u0160veices k\u016brort\u0101\u00a0\u2014\u00a0Lente.lv"},"content":{"rendered":"<p>Tra\u0123\u0113dija Jaungada nakt\u012b<\/p>\n<p>\u0160veices Alpu sl\u0113po\u0161anas k\u016brort\u0101 Kransmont\u0101n\u0101 Jaungada svin\u012bbas p\u0101rv\u0113rtu\u0161\u0101s murg\u0101 p\u0113c posto\u0161a ugunsgr\u0113ka b\u0101r\u0101 \u201cLe Constellation\u201d. Nakt\u012b uz ceturtdienu, 1. janv\u0101r\u012b, ap pulksten 1:30 p\u0113c viet\u0113j\u0101 laika izc\u0113lies ugunsgr\u0113ks, kas pras\u012bjis desmitiem cilv\u0113ku dz\u012bv\u012bbas un ievainojis v\u0113l vair\u0101k nek\u0101 simts. K\u0101 inform\u0113 port\u0101ls NRA, \u0161is incidents tiek uzskat\u012bts par vienu no smag\u0101kaj\u0101m tra\u0123\u0113dij\u0101m \u0160veic\u0113 p\u0113d\u0113jo desmitga\u017eu laik\u0101.<\/p>\n<p>\u0160ausmino\u0161as ainas un aculiecinieku st\u0101sti<\/p>\n<p>Aculiecinieki dal\u012bju\u0161ies \u0161ausmino\u0161\u0101s liec\u012bb\u0101s par notiku\u0161o. K\u0101ds 18 gadus vecs v\u012brietis, kur\u0161 v\u0113l\u0113j\u0101s palikt anon\u012bms, st\u0101st\u012bjis, ka atradies b\u0101ra tuvum\u0101, dzird\u0113jis ska\u013cu spr\u0101dzienu un redz\u0113jis biezu d\u016bmu aizsegu. Neskatoties uz citu cilv\u0113ku panisko b\u0113g\u0161anu, vi\u0146\u0161 dev\u0101s iek\u0161\u0101, lai mekl\u0113tu savu br\u0101li. \u201cEs redz\u0113ju cilv\u0113kus degam no galvas l\u012bdz k\u0101j\u0101m, vi\u0146u dr\u0113bes liesm\u0101s,\u201d vi\u0146\u0161 past\u0101st\u012bjis, raksturojot ainu k\u0101 \u201c\u0161ausm\u012bgu\u201d. Vi\u0146\u0161 ar\u012b cent\u0101s pal\u012bdz\u0113t ievainotajiem, dodot vi\u0146iem \u016bdeni un ap\u0123\u0113rbu.<\/p>\n<p>Divi Francijas t\u016bristi, Emma un Albans, kas atrad\u0101s b\u0101r\u0101 ugunsgr\u0113ka br\u012bd\u012b, aprakst\u012bju\u0161i notikumu s\u0101kumu. \u201cViss s\u0101cies, kad viesm\u012blis \u0161ampanie\u0161a pudel\u0113s aizdedzin\u0101jis kaut ko dzirksto\u0161u,\u201d vi\u0146i st\u0101st\u012bju\u0161i. \u201cDa\u017eu sekun\u017eu laik\u0101 visi griesti bija liesm\u0101s. Viss bija no koka,\u201d piebilstot, ka liesmas \u201cs\u0101ka \u013coti \u0101tri celties\u201d.<\/p>\n<p>Ugunsgr\u0113ka c\u0113lo\u0146a versijas<\/p>\n<p>Prec\u012bzs ugunsgr\u0113ka c\u0113lonis v\u0113l tiek izmekl\u0113ts, ta\u010du ir izvirz\u012btas vair\u0101kas versijas. Da\u017ei aculiecinieki nor\u0101d\u012bju\u0161i, ka tas var\u0113tu b\u016bt saist\u012bts ar viesm\u012bli, kur\u0161 uz pleciem nesis citu darbinieci ar dego\u0161u sveci pudel\u0113, kas aizdedzin\u0101jusi koka griestus. Citi mediju avoti, atsaucoties uz neofici\u0101lu inform\u0101ciju, pie\u013c\u0101vu\u0161i, ka ugunsgr\u0113ku var\u0113tu b\u016bt izrais\u012bjusi koncerta laik\u0101 izmantot\u0101 pirotehnika. Policija gan uzsver, ka izmekl\u0113\u0161ana ir s\u0101kuma stadij\u0101 un pagaid\u0101m neapstiprina nevienu no \u0161\u012bm versij\u0101m, piebilstot, ka s\u0101kotn\u0113jie dati neliecina par t\u012b\u0161u uzbrukumu vai teroraktu.<\/p>\n<p>Upuru skaits un gl\u0101b\u0161anas darbi<\/p>\n<p>P\u0113c s\u0101kotn\u0113j\u0101s inform\u0101cijas, ugunsgr\u0113k\u0101 g\u0101ju\u0161i boj\u0101 aptuveni 40 cilv\u0113ki, bet ievainoti apm\u0113ram 115. Vair\u0101ki no ievainotajiem ir smag\u0101 st\u0101vokl\u012b, galvenok\u0101rt ar smagiem apdegumiem. Varasiest\u0101des br\u012bdin\u0101ju\u0161as, ka boj\u0101g\u0101ju\u0161o identific\u0113\u0161ana var aiz\u0146emt vair\u0101kas dienas vai pat ned\u0113\u013cas, radot s\u0101p\u012bgu gaid\u012b\u0161anas periodu tuviniekiem. T\u0101 k\u0101 Kransmont\u0101na ir popul\u0101rs starptautisks k\u016brorts, starp upuriem gaid\u0101mi ar\u012b \u0101rzemju pilso\u0146i. Francijas \u0100rlietu ministrija apstiprin\u0101jusi, ka starp ievainotajiem ir divi Francijas pilso\u0146i, bet It\u0101lijas \u0100rlietu ministrijas r\u012bc\u012bb\u0101 ir zi\u0146as par 15 ievainotiem It\u0101lijas pilso\u0146iem. Policija ir izveidojusi speci\u0101lu pal\u012bdz\u012bbas t\u0101lruni cietu\u0161o \u0123imen\u0113m.<\/p>\n<p>Kransmont\u0101na \u2013 presti\u017es k\u016brorts<\/p>\n<p>Kransmont\u0101na ir starptautiski paz\u012bstams luksusa sl\u0113po\u0161anas k\u016brorts \u0160veices Alpos, kas bie\u017ei vien ir popul\u0101rs galam\u0113r\u0137is daudziem \u0101rzemju t\u016bristiem, \u012bpa\u0161i sv\u0113tku laik\u0101. Pils\u0113t\u0101 janv\u0101ra beig\u0101s pl\u0101nots r\u012bkot ar\u012b presti\u017e\u0101s FIS Pasaules kausa sacens\u012bbas kalnu sl\u0113po\u0161an\u0101. B\u0101ra \u201cLe Constellation\u201d ietilp\u012bba bija aptuveni 300 cilv\u0113ku, neskaitot terasi, ta\u010du prec\u012bzs cilv\u0113ku skaits, kas atrad\u0101s iek\u0161\u0101 nelaimes br\u012bd\u012b, nav zin\u0101ms.<\/p>\n","protected":false},"excerpt":{"rendered":"Tra\u0123\u0113dija Jaungada nakt\u012b \u0160veices Alpu sl\u0113po\u0161anas k\u016brort\u0101 Kransmont\u0101n\u0101 Jaungada svin\u012bbas p\u0101rv\u0113rtu\u0161\u0101s murg\u0101 p\u0113c posto\u0161a ugunsgr\u0113ka b\u0101r\u0101 \u201cLe Constellation\u201d.&hellip;\n","protected":false},"author":2,"featured_media":93445,"comment_status":"","ping_status":"","sticky":false,"template":"","format":"standard","meta":{"footnotes":""},"categories":[14],"tags":[23,57,28,29,32,33,22,23033,23402,30,31,35,39,38,36,37,34,40,20,26,27,7239,24,25,2425,377,54,55,56,21,58],"class_list":{"0":"post-93444","1":"post","2":"type-post","3":"status-publish","4":"format-standard","5":"has-post-thumbnail","7":"category-zinas-no-arvalstim","8":"tag-aktualitates","9":"tag-arvalstim","10":"tag-breaking-news","11":"tag-breakingnews","12":"tag-featured-news","13":"tag-featurednews","14":"tag-headlines","15":"tag-jaungada-nakts","16":"tag-kransmontana","17":"tag-latest-news","18":"tag-latestnews","19":"tag-latvia","20":"tag-latvian","21":"tag-latviesu","22":"tag-latviesu-valoda","23":"tag-latviesuvaloda","24":"tag-latvija","25":"tag-lv","26":"tag-news","27":"tag-popularakas-zinas","28":"tag-popularakaszinas","29":"tag-sveice","30":"tag-top-stories","31":"tag-topstories","32":"tag-tragedija","33":"tag-ugunsgreks","34":"tag-world","35":"tag-world-news","36":"tag-worldnews","37":"tag-zinas","38":"tag-zinas-no-arvalstim"},"share_on_mastodon":{"url":"https:\/\/pubeurope.com\/@lv\/115831418664962392","error":""},"_links":{"self":[{"href":"https:\/\/www.europesays.com\/lv\/wp-json\/wp\/v2\/posts\/93444","targetHints":{"allow":["GET"]}}],"collection":[{"href":"https:\/\/www.europesays.com\/lv\/wp-json\/wp\/v2\/posts"}],"about":[{"href":"https:\/\/www.europesays.com\/lv\/wp-json\/wp\/v2\/types\/post"}],"author":[{"embeddable":true,"href":"https:\/\/www.europesays.com\/lv\/wp-json\/wp\/v2\/users\/2"}],"replies":[{"embeddable":true,"href":"https:\/\/www.europesays.com\/lv\/wp-json\/wp\/v2\/comments?post=93444"}],"version-history":[{"count":0,"href":"https:\/\/www.europesays.com\/lv\/wp-json\/wp\/v2\/posts\/93444\/revisions"}],"wp:featuredmedia":[{"embeddable":true,"href":"https:\/\/www.europesays.com\/lv\/wp-json\/wp\/v2\/media\/93445"}],"wp:attachment":[{"href":"https:\/\/www.europesays.com\/lv\/wp-json\/wp\/v2\/media?parent=93444"}],"wp:term":[{"taxonomy":"category","embeddable":true,"href":"https:\/\/www.europesays.com\/lv\/wp-json\/wp\/v2\/categories?post=93444"},{"taxonomy":"post_tag","embeddable":true,"href":"https:\/\/www.europesays.com\/lv\/wp-json\/wp\/v2\/tags?post=93444"}],"curies":[{"name":"wp","href":"https:\/\/api.w.org\/{rel}","templated":true}]}}