{"id":93463,"date":"2026-01-03T13:42:09","date_gmt":"2026-01-03T13:42:09","guid":{"rendered":"https:\/\/www.europesays.com\/lv\/93463\/"},"modified":"2026-01-03T13:42:09","modified_gmt":"2026-01-03T13:42:09","slug":"airbaltic-papildina-floti-ar-jauno-airbus-a220-300-lidmasinu-lente-lv","status":"publish","type":"post","link":"https:\/\/www.europesays.com\/lv\/93463\/","title":{"rendered":"\u201cairBaltic\u201d papildina floti ar jauno \u201cAirbus A220-300\u201d lidma\u0161\u012bnu\u00a0\u2014\u00a0Lente.lv"},"content":{"rendered":"<p>Latvijas nacion\u0101l\u0101 aviokomp\u0101nija sagaida 52. A220-300 tipa lidapar\u0101tu<\/p>\n<p>Latvijas aviokomp\u0101nija \u201cairBaltic\u201d 2025. gada decembra izska\u0146\u0101 R\u012bg\u0101 ir sagaid\u012bjusi savu jaun\u0101ko lidma\u0161\u012bnu \u2013 \u201cAirbus A220-300\u201d ar re\u0123istr\u0101cijas numuru YL-BTB. \u0160is ir tre\u0161ais \u0161\u012b tipa lidapar\u0101ts, kas uz\u0146\u0113mumam pieg\u0101d\u0101ts 2025. gad\u0101, un tas ir 52. \u201cAirbus A220-300\u201d lidapar\u0101ts \u201cairBaltic\u201d flot\u0113. \u0160is notikums apliecina aviokomp\u0101nijas nep\u0101rtraukto ap\u0146em\u0161anos moderniz\u0113t un papla\u0161in\u0101t savu floti, nostiprinot t\u0101s l\u012bderpoz\u012bcijas avi\u0101cijas nozar\u0113. <\/p>\n<p>Pasaul\u0113 liel\u0101kais \u201cA220-300\u201d operators<\/p>\n<p>\u201cairBaltic\u201d ir viens no vado\u0161ajiem \u201cAirbus A220-300\u201d lidapar\u0101tu operatoriem pasaul\u0113. Kop\u0161 pirm\u0101s \u0161\u012b tipa lidma\u0161\u012bnas ieg\u016b\u0161anas 2016. gad\u0101, aviokomp\u0101nija ir konsekventi papla\u0161in\u0101jusi savu floti, k\u013c\u016bstot par \u0161\u012b mode\u013ca glob\u0101lo izmantot\u0101ju un vado\u0161o operatoru Eirop\u0101. L\u012bdz ar jaun\u0101 lidapar\u0101ta pievieno\u0161anos, kop\u0113jais \u201cairBaltic\u201d pas\u016bt\u012bto \u201cA220-300\u201d lidapar\u0101tu skaits sasniedz 90, ar iesp\u0113ju kopum\u0101 sasniegt 100 lidapar\u0101tus l\u012bdz 2030. gadam. \u0160\u012b strat\u0113\u0123ija ne tikai stiprina uz\u0146\u0113muma poz\u012bcijas, bet ar\u012b demonstr\u0113 t\u0101 uztic\u012bbu \u201cA220\u201d programmai un t\u0101s sniegtaj\u0101m priek\u0161roc\u012bb\u0101m.<\/p>\n<p>\u201cA220-300\u201d \u2013 efektivit\u0101te un pasa\u017eieru komforts<\/p>\n<p>\u201cAirbus A220-300\u201d lidapar\u0101ts ir atz\u012bts par vienu no modern\u0101kajiem un videi draudz\u012bg\u0101kajiem lidapar\u0101tiem sav\u0101 klas\u0113. Tas nodro\u0161ina par 25% zem\u0101ku degvielas pat\u0113ri\u0146u un CO\u2082 izme\u0161u apjomu uz s\u0113dvietu sal\u012bdzin\u0101jum\u0101 ar iepriek\u0161\u0113j\u0101s paaudzes lidma\u0161\u012bn\u0101m. Papildus vides ieguvumiem, \u201cA220-300\u201d pied\u0101v\u0101 ar\u012b uzlabotu pasa\u017eieru pieredzi, nodro\u0161inot pla\u0161\u0101kas s\u0113dvietas, liel\u0101kus logus un vair\u0101k vietas rokas bag\u0101\u017eai. Aviokomp\u0101nija \u201cairBaltic\u201d savus \u201cA220-300\u201d lidapar\u0101tus konfigur\u0113 ar 145 s\u0113dviet\u0101m, nodro\u0161inot komfortablu ce\u013co\u0161anu pla\u0161am pasa\u017eieru lokam. <\/p>\n<p>N\u0101kamo gadu strat\u0113\u0123ija un n\u0101kotnes v\u012bzija<\/p>\n<p>Ar jaun\u0101 lidapar\u0101ta pievieno\u0161anos, \u201cairBaltic\u201d turpina \u012bstenot savu strat\u0113\u0123iju flotes moderniz\u0113\u0161anai un papla\u0161in\u0101\u0161anai. Tiek pl\u0101nots, ka l\u012bdz 2030. gadam aviokomp\u0101nijas flote sast\u0101v\u0113s no aptuveni 100 \u201cAirbus A220-300\u201d lidapar\u0101tiem. \u0160\u012b m\u0113r\u0137a sasnieg\u0161ana ne tikai nodro\u0161in\u0101s \u201cairBaltic\u201d sp\u0113ju apkalpot arvien vair\u0101k mar\u0161rutu Eirop\u0101 un \u0101rpus t\u0101s, bet ar\u012b apliecin\u0101s t\u0101s ap\u0146em\u0161anos nodro\u0161in\u0101t pasa\u017eieriem modernu, \u0113rtu un ilgtsp\u0113j\u012bgu ce\u013co\u0161anas pieredzi. Aviokomp\u0101nija ir bijusi uztic\u012bga \u201cA220\u201d platformai kop\u0161 2016. gada, un \u0161is l\u0113mums v\u0113l vair\u0101k nostiprina t\u0101s sadarb\u012bbu ar \u201cAirbus\u201d.<\/p>\n","protected":false},"excerpt":{"rendered":"Latvijas nacion\u0101l\u0101 aviokomp\u0101nija sagaida 52. A220-300 tipa lidapar\u0101tu Latvijas aviokomp\u0101nija \u201cairBaltic\u201d 2025. gada decembra izska\u0146\u0101 R\u012bg\u0101 ir sagaid\u012bjusi&hellip;\n","protected":false},"author":2,"featured_media":93464,"comment_status":"","ping_status":"","sticky":false,"template":"","format":"standard","meta":{"footnotes":""},"categories":[16],"tags":[3307,23233,23407,77,76,23234,35,39,38,36,37,34,3309,40],"class_list":{"0":"post-93463","1":"post","2":"type-post","3":"status-publish","4":"format-standard","5":"has-post-thumbnail","7":"category-bizness","8":"tag-airbaltic","9":"tag-airbus-a220-300","10":"tag-avia","11":"tag-bizness","12":"tag-business","13":"tag-flote","14":"tag-latvia","15":"tag-latvian","16":"tag-latviesu","17":"tag-latviesu-valoda","18":"tag-latviesuvaloda","19":"tag-latvija","20":"tag-lidmasina","21":"tag-lv"},"share_on_mastodon":{"url":"https:\/\/pubeurope.com\/@lv\/115831462116201887","error":""},"_links":{"self":[{"href":"https:\/\/www.europesays.com\/lv\/wp-json\/wp\/v2\/posts\/93463","targetHints":{"allow":["GET"]}}],"collection":[{"href":"https:\/\/www.europesays.com\/lv\/wp-json\/wp\/v2\/posts"}],"about":[{"href":"https:\/\/www.europesays.com\/lv\/wp-json\/wp\/v2\/types\/post"}],"author":[{"embeddable":true,"href":"https:\/\/www.europesays.com\/lv\/wp-json\/wp\/v2\/users\/2"}],"replies":[{"embeddable":true,"href":"https:\/\/www.europesays.com\/lv\/wp-json\/wp\/v2\/comments?post=93463"}],"version-history":[{"count":0,"href":"https:\/\/www.europesays.com\/lv\/wp-json\/wp\/v2\/posts\/93463\/revisions"}],"wp:featuredmedia":[{"embeddable":true,"href":"https:\/\/www.europesays.com\/lv\/wp-json\/wp\/v2\/media\/93464"}],"wp:attachment":[{"href":"https:\/\/www.europesays.com\/lv\/wp-json\/wp\/v2\/media?parent=93463"}],"wp:term":[{"taxonomy":"category","embeddable":true,"href":"https:\/\/www.europesays.com\/lv\/wp-json\/wp\/v2\/categories?post=93463"},{"taxonomy":"post_tag","embeddable":true,"href":"https:\/\/www.europesays.com\/lv\/wp-json\/wp\/v2\/tags?post=93463"}],"curies":[{"name":"wp","href":"https:\/\/api.w.org\/{rel}","templated":true}]}}