{"id":93484,"date":"2026-01-03T14:03:06","date_gmt":"2026-01-03T14:03:06","guid":{"rendered":"https:\/\/www.europesays.com\/lv\/93484\/"},"modified":"2026-01-03T14:03:06","modified_gmt":"2026-01-03T14:03:06","slug":"sonakt-gaidams-sals","status":"publish","type":"post","link":"https:\/\/www.europesays.com\/lv\/93484\/","title":{"rendered":"\u0160onakt gaid\u0101ms sals"},"content":{"rendered":"<p>Nakt\u012b b\u016bs liel\u0101koties m\u0101ko\u0146ains laiks, daudzviet gaid\u0101ms neliels sniegs, bet viet\u0101m dienvidrietumos m\u0101ko\u0146i br\u012b\u017eiem nes\u012bs ar\u012b stipru snig\u0161anu un sniega sega pieaugs par 2-4 centimetriem.<\/p>\n<p>P\u016bt\u012bs l\u0113ns l\u012bdz m\u0113rens dienvidu puses v\u0113j\u0161, j\u016bras piekrast\u0113 br\u0101zm\u0101s sasniedzot \u0101trumu 15 metri sekund\u0113.<\/p>\n<p>Gaisa temperat\u016bra nakt\u012b b\u016bs m\u012bnus 3, m\u012bnus 7 gr\u0101di, bet piekrast\u0113 nedaudz silt\u0101ks, tur &#8211; 0, m\u012bnus 3 gr\u0101di.<\/p>\n<p>Ar\u012b R\u012bg\u0101 debesis aizkl\u0101s m\u0101ko\u0146i un br\u012b\u017eiem snigs. P\u016bt\u012bs l\u0113ns l\u012bdz m\u0113rens dienvidu puses v\u0113j\u0161 un gaisa temperat\u016bra pazemin\u0101sies l\u012bdz m\u012bnus 2, m\u012bnus 3 gr\u0101diem.<\/p>\n<p>Sv\u0113tdien dien\u0101 gaid\u0101ms m\u0101ko\u0146ains laiks, da\u017eviet br\u012b\u017eiem starp m\u0101ko\u0146iem uzsp\u012bd\u0113s saule, bet daudzviet Latvij\u0101 palaikam gaid\u0101ms sniegs.<\/p>\n<p>P\u016bt\u012bs l\u0113ns l\u012bdz m\u0113rens dienvidu puses v\u0113j\u0161. Maksim\u0101l\u0101 gaisa temperat\u016bra b\u016bs m\u012bnus 1, m\u012bnus 5 gr\u0101di, j\u016bras piekrast\u0113 ap 0.<\/p>\n<p>R\u012bg\u0101 saglab\u0101sies liel\u0101koties m\u0101ko\u0146ains laiks un palaikam gaid\u0101ms sniegs. P\u016bt\u012bs l\u0113ns l\u012bdz m\u0113rens dienvidu puses v\u0113j\u0161, un maksim\u0101l\u0101 gaisa temperat\u016bra b\u016bs m\u012bnus 1, m\u012bnus 2 gr\u0101di.<\/p>\n","protected":false},"excerpt":{"rendered":"Nakt\u012b b\u016bs liel\u0101koties m\u0101ko\u0146ains laiks, daudzviet gaid\u0101ms neliels sniegs, bet viet\u0101m dienvidrietumos m\u0101ko\u0146i br\u012b\u017eiem nes\u012bs ar\u012b stipru snig\u0161anu&hellip;\n","protected":false},"author":2,"featured_media":93485,"comment_status":"","ping_status":"","sticky":false,"template":"","format":"standard","meta":{"footnotes":""},"categories":[5],"tags":[23,28,29,32,33,22,1811,396,397,30,31,35,39,38,36,37,34,40,20,26,27,24,25,21],"class_list":{"0":"post-93484","1":"post","2":"type-post","3":"status-publish","4":"format-standard","5":"has-post-thumbnail","7":"category-aktualitates","8":"tag-aktualitates","9":"tag-breaking-news","10":"tag-breakingnews","11":"tag-featured-news","12":"tag-featurednews","13":"tag-headlines","14":"tag-laika-zina","15":"tag-laika-zinas","16":"tag-laikapstakli","17":"tag-latest-news","18":"tag-latestnews","19":"tag-latvia","20":"tag-latvian","21":"tag-latviesu","22":"tag-latviesu-valoda","23":"tag-latviesuvaloda","24":"tag-latvija","25":"tag-lv","26":"tag-news","27":"tag-popularakas-zinas","28":"tag-popularakaszinas","29":"tag-top-stories","30":"tag-topstories","31":"tag-zinas"},"share_on_mastodon":{"url":"https:\/\/pubeurope.com\/@lv\/115831544351424713","error":""},"_links":{"self":[{"href":"https:\/\/www.europesays.com\/lv\/wp-json\/wp\/v2\/posts\/93484","targetHints":{"allow":["GET"]}}],"collection":[{"href":"https:\/\/www.europesays.com\/lv\/wp-json\/wp\/v2\/posts"}],"about":[{"href":"https:\/\/www.europesays.com\/lv\/wp-json\/wp\/v2\/types\/post"}],"author":[{"embeddable":true,"href":"https:\/\/www.europesays.com\/lv\/wp-json\/wp\/v2\/users\/2"}],"replies":[{"embeddable":true,"href":"https:\/\/www.europesays.com\/lv\/wp-json\/wp\/v2\/comments?post=93484"}],"version-history":[{"count":0,"href":"https:\/\/www.europesays.com\/lv\/wp-json\/wp\/v2\/posts\/93484\/revisions"}],"wp:featuredmedia":[{"embeddable":true,"href":"https:\/\/www.europesays.com\/lv\/wp-json\/wp\/v2\/media\/93485"}],"wp:attachment":[{"href":"https:\/\/www.europesays.com\/lv\/wp-json\/wp\/v2\/media?parent=93484"}],"wp:term":[{"taxonomy":"category","embeddable":true,"href":"https:\/\/www.europesays.com\/lv\/wp-json\/wp\/v2\/categories?post=93484"},{"taxonomy":"post_tag","embeddable":true,"href":"https:\/\/www.europesays.com\/lv\/wp-json\/wp\/v2\/tags?post=93484"}],"curies":[{"name":"wp","href":"https:\/\/api.w.org\/{rel}","templated":true}]}}