{"id":93502,"date":"2026-01-03T14:29:07","date_gmt":"2026-01-03T14:29:07","guid":{"rendered":"https:\/\/www.europesays.com\/lv\/93502\/"},"modified":"2026-01-03T14:29:07","modified_gmt":"2026-01-03T14:29:07","slug":"luzgina-un-vevere-izcelas-u18-meitenes-piekapjas-eiropas-cempionem-basketbols-sportacentrs-com","status":"publish","type":"post","link":"https:\/\/www.europesays.com\/lv\/93502\/","title":{"rendered":"Luzgina un V\u0113vere izce\u013cas, U18 meitenes piek\u0101pjas Eiropas \u010dempion\u0113m \u2013 Basketbols \u2013 Sportacentrs.com"},"content":{"rendered":"<p>R\u016bdolfa Roz\u012b\u0161a tren\u0113t\u0101 komanda 27.-30. decembr\u012b aizvad\u012bja treni\u0146nometni Komandu sporta sp\u0113\u013cu hall\u0113. T\u0101s nosl\u0113gum\u0101 tika nosaukts sast\u0101vs Baltijas j\u016bras kausam, kas janv\u0101ra pirmaj\u0101s dien\u0101s notiek Igaunijas galvaspils\u0113t\u0101.<\/p>\n<p>Komand\u0101 ir TTT sp\u0113l\u0113t\u0101jas Mila Luzgina un Marta Plori\u0146a, RSU trio Ieva V\u0113vere, Anete Ozoli\u0146a un Krist\u012bne Hauka. Sast\u0101v\u0101 iek\u013cautas piecas \u201cTTT juniores\u201d \u2013  Estere Vambute, Santa Ozola, Zane Dzen\u012bte, Madl\u0113na P\u0113rse un Emija Gulbe. V\u0113l Laura Sili\u0146a (Jugla) un Evel\u012bna Gl\u0101zi\u0146a (Liep\u0101ja).<\/p>\n<p>Somijas 2008. gad\u0101 dzimu\u0161\u0101s meitenes 2024. gad\u0101 <a href=\"https:\/\/sportacentrs.com\/basketbols\/damas\/24082024-neticama_somija_parsteidz_franciju_un_izc\" rel=\"nofollow noopener\" target=\"_blank\">triumf\u0113ja Eiropas U16 \u010dempion\u0101t\u0101<\/a>. \u0160odien starta pieciniek\u0101 piecas \u010dempiones \u2013 Pasanena, Nenonena, Gardziela, Ma\u010dola un Reunanena. Rezerv\u0113 v\u0113l se\u0161as \u2013 Koskela, Me\u013c\u0146ikova, Toljamo, Rihijarvi, Nikkila un \u0160reka.<\/p>\n<p>Starta piecinieks<\/p>\n<p>Latvija: Luzgina, Dzen\u012bte, Plori\u0146a, Ozoli\u0146a, V\u0113vere<\/p>\n<p>Metienu precizit\u0101te pirmaj\u0101 puslaik\u0101 faktiski neat\u0161\u0137\u012br\u0101s \u2013 39 un 40 procenti. Somietes bija p\u0101r\u0101kas aizsardz\u012bb\u0101, p\u0101r\u0137erot par devi\u0146\u0101m bumb\u0101m vair\u0101k (2-11), k\u0101 ar\u012b izc\u012bn\u012bja tr\u012bsreiz vair\u0101k bumbu uzbrukum\u0101 (6-17) un tika pie otr\u0101s iesp\u0113jas punktiem (4-12).<\/p>\n<p>Latvija pirmaj\u0101 ceturtda\u013c\u0101 vair\u0101kas reizes ieguva viena metiena p\u0101rsvaru, tiesa, tas nep\u0101rsniedza divu punktu atz\u012bmi. S\u0101kot no desmit\u0101s min\u016btes, iniciat\u012bva p\u0101rg\u0101ja Somijas rok\u0101s. Otraj\u0101 ceturtda\u013c\u0101 \u201cvilce\u0146u\u201d p\u0101r\u0101kums tr\u012bs reizes bija m\u0113r\u0101ms ar 15 punktiem, puslaik\u0101 32:47.<\/p>\n<p>Centra sp\u0113l\u0113t\u0101ja Ieva V\u0113vere pirmaj\u0101 puslaik\u0101 izprovoc\u0113ja \u010detras piez\u012bmes. Tre\u0161aj\u0101 ceturtda\u013c\u0101 vi\u0146a vair\u0101kas reizes sekm\u012bgi uzbruka no sp\u0113les un izc\u0113l\u0101s aizsardz\u012bb\u0101. Uzteicama ar\u012b Milas Luzginas, Martas Plori\u0146as un Anetes Ozoli\u0146as agresivit\u0101te uzbrukum\u0101. Izdev\u0101s pievilkt l\u012bdz 43:53.<\/p>\n<p>Mila Luzgina un Ieva V\u0113vere turpin\u0101ja g\u016bt punktus uzbrukum\u0101. Somietes, at\u0161\u0137ir\u012bb\u0101 no pirm\u0101 puslaika, sp\u0113ja g\u016bt punktus no t\u0101l\u0101s distances. Ceturtaj\u0101 ceturtda\u013c\u0101 vi\u0146u p\u0101rsvars p\u0101rsniedza 20 punktu atz\u012bmi.<\/p>\n<p>Baltijas j\u016bras kauss U18 meiten\u0113m, 3. janv\u0101ris, Audentes<\/p>\n<p>Latvija \u2013 Somija <a href=\"https:\/\/fibalivestats.dcd.shared.geniussports.com\/u\/EBF\/2797372\" rel=\"nofollow noopener\" target=\"_blank\">66:92<\/a> (20:23, 12:24, 20:21, 14:24)<br \/>Latvija: Luzgina 17 (2p 3\/9, 3p 2\/4, 1p 5\/10; 4rp, 10 izprovoc\u0113tas, eff 19), V\u0113vere 16 (2p 5\/8, 1p 6\/7; 6ab, \u010detri bloki, se\u0161as izprovoc\u0113tas, eff 27), Gulbe 11 (2p 1\/1, 3p 3\/7), P\u0113rse 6, Dzen\u012bte 4, kapteine Marta Plori\u0146a 4, Ozoli\u0146a 4, Ozola 4, Hauka, Gl\u0101zi\u0146a, Sili\u0146a, Vambute. Treneris R\u016bdolfs Roz\u012btis.<br \/>Somija: Koskela 19 (2p 2\/4, 3p 3\/5, 1p 6\/7), Pasanen 14 (5rp), Gardziella 14 (8ab), Machol 11 (8ab, 5pp), Melnikova 11, Toljamo 8, Riihijarvi 5, Nenonen 4, Nikkila 4, Reunanen 2; Schreck. Treneris Janne H\u00e4nninen.<br \/>Tiesne\u0161i: M. Sadohov, E. Jbari, M. Hjorth.<\/p>\n<p>Latvijas U18 meite\u0146u izlase 2026. gada 3. janv\u0101r\u012b<\/p>\n<tr>#Sp\u0113l\u0113t\u0101jaSporta skolaPoz.AugumsDzim\u0161.d.Komanda<\/tr>\n<tr class=\"even\">\n<td class=\"ralign\">4<\/td>\n<td>Krist\u012bne Hauka<\/td>\n<td>J\u016brmala<\/td>\n<td>G<\/td>\n<td class=\"ralign\">170<\/td>\n<td class=\"ralign\">18.10.2008<\/td>\n<td>J\u016brmala<\/td>\n<\/tr>\n<tr class=\"odd\">\n<td class=\"ralign\">6<\/td>\n<td>Zane Dzen\u012bte<\/td>\n<td>R\u012bga Centrs<\/td>\n<td>G<\/td>\n<td class=\"ralign\"\/>\n<td class=\"ralign\">21.01.2008<\/td>\n<td>TTT juniores<\/td>\n<\/tr>\n<tr class=\"even\">\n<td class=\"ralign\">7<\/td>\n<td>Evel\u012bna Gl\u0101zi\u0146a<\/td>\n<td>Liep\u0101ja<\/td>\n<td>SF<\/td>\n<td class=\"ralign\"\/>\n<td class=\"ralign\">29.08.2008<\/td>\n<td>Liep\u0101ja\/LSSS<\/td>\n<\/tr>\n<tr class=\"odd\">\n<td class=\"ralign\">11<\/td>\n<td>Madl\u0113na P\u0113rse<\/td>\n<td>RBJSS R\u012bdzene<\/td>\n<td>C<\/td>\n<td class=\"ralign\">185<\/td>\n<td class=\"ralign\">30.11.2008<\/td>\n<td>TTT juniores<\/td>\n<\/tr>\n<tr class=\"even\">\n<td class=\"ralign\">15<\/td>\n<td>Emija Gulbe<\/td>\n<td>R\u012bga Centrs<\/td>\n<td>SF<\/td>\n<td class=\"ralign\">178<\/td>\n<td class=\"ralign\">29.10.2008<\/td>\n<td>TTT juniores<\/td>\n<\/tr>\n<tr class=\"odd\">\n<td class=\"ralign\">16<\/td>\n<td>Marta Plori\u0146a (C)<\/td>\n<td>R\u012bga Centrs\/Bert\u0101nu VBS<\/td>\n<td>SF<\/td>\n<td class=\"ralign\">178<\/td>\n<td class=\"ralign\">19.08.2008<\/td>\n<td>TTT R\u012bga<\/td>\n<\/tr>\n<tr class=\"even\">\n<td class=\"ralign\">17<\/td>\n<td>Anete Ozoli\u0146a<\/td>\n<td>M\u0101rupe<\/td>\n<td>F<\/td>\n<td class=\"ralign\">181<\/td>\n<td class=\"ralign\">20.11.2008<\/td>\n<td>RSU<\/td>\n<\/tr>\n<tr class=\"odd\">\n<td class=\"ralign\">18<\/td>\n<td>Santa Ozola<\/td>\n<td>R\u012bga Centrs<\/td>\n<td>SF<\/td>\n<td class=\"ralign\">178<\/td>\n<td class=\"ralign\">10.10.2008<\/td>\n<td>TTT juniores<\/td>\n<\/tr>\n<tr class=\"even\">\n<td class=\"ralign\">20<\/td>\n<td>Mila Luzgina<\/td>\n<td>Daugavpils<\/td>\n<td>PG<\/td>\n<td class=\"ralign\">170<\/td>\n<td class=\"ralign\">06.10.2008<\/td>\n<td>TTT R\u012bga<\/td>\n<\/tr>\n<tr class=\"odd\">\n<td class=\"ralign\">24<\/td>\n<td>Laura Sili\u0146a<\/td>\n<td>Jugla<\/td>\n<td>G<\/td>\n<td class=\"ralign\"\/>\n<td class=\"ralign\">22.06.2008<\/td>\n<td>RSU 2<\/td>\n<\/tr>\n<tr class=\"even\">\n<td class=\"ralign\">25<\/td>\n<td>Estere Di\u0101na Vambute<\/td>\n<td>RBJSS R\u012bdzene<\/td>\n<td>PF<\/td>\n<td class=\"ralign\">185<\/td>\n<td class=\"ralign\">29.04.2008<\/td>\n<td>TTT juniores<\/td>\n<\/tr>\n<tr class=\"odd\">\n<td class=\"ralign\">41<\/td>\n<td>Ieva Magdal\u0113na V\u0113vere<\/td>\n<td>M\u0101rupe\/R\u012bga Centrs<\/td>\n<td>C<\/td>\n<td class=\"ralign\">188<\/td>\n<td class=\"ralign\">29.04.2008<\/td>\n<td>RSU<\/td>\n<\/tr>\n<p>Galvenais treneris: R\u016bdolfs Roz\u012btis.<br \/>Trenere: L\u012bga Jansone (Jugla).<\/p>\n<p>Baltijas j\u016bras kauss tradicion\u0101li notiek \u201cAudentes\u201d sporta kompleks\u0101 Tallin\u0101.<\/p>\n<p>Baltijas j\u016bras kauss, U16 meitenes<\/p>\n<tr>DienaLaiksSp\u0113leRezult\u0101ts<\/tr>\n<tr class=\"even\">\n<td class=\"ralign\">03.01<\/td>\n<td class=\"ralign\">14.15<\/td>\n<td>Latvija \u2013 Somija<\/td>\n<td class=\"ralign\">66:92<\/td>\n<\/tr>\n<tr class=\"odd\">\n<td class=\"ralign\"\/>\n<td class=\"ralign\">18.45<\/td>\n<td>Igaunija \u2013 Zviedrija<\/td>\n<td class=\"ralign\"\/><\/tr>\n<tr class=\"even\">\n<td class=\"ralign\">04.01<\/td>\n<td class=\"ralign\">14.15<\/td>\n<td>Zviedrija \u2013 Latvija<\/td>\n<td class=\"ralign\"\/><\/tr>\n<tr class=\"odd\">\n<td class=\"ralign\"\/>\n<td class=\"ralign\">18.45<\/td>\n<td>Somija \u2013 Igaunija<\/td>\n<td class=\"ralign\"\/><\/tr>\n<tr class=\"even\">\n<td class=\"ralign\">05.01<\/td>\n<td class=\"ralign\">12.15<\/td>\n<td>Somija \u2013 Zviedrija<\/td>\n<td class=\"ralign\"\/><\/tr>\n<tr class=\"odd\">\n<td class=\"ralign\"\/>\n<td class=\"ralign\">16.45<\/td>\n<td>Igaunija \u2013 Latvija<\/td>\n<td class=\"ralign\"\/><\/tr>\n","protected":false},"excerpt":{"rendered":"R\u016bdolfa Roz\u012b\u0161a tren\u0113t\u0101 komanda 27.-30. decembr\u012b aizvad\u012bja treni\u0146nometni Komandu sporta sp\u0113\u013cu hall\u0113. T\u0101s nosl\u0113gum\u0101 tika nosaukts sast\u0101vs Baltijas&hellip;\n","protected":false},"author":2,"featured_media":71967,"comment_status":"","ping_status":"","sticky":false,"template":"","format":"standard","meta":{"footnotes":""},"categories":[17],"tags":[145,35,39,38,36,37,34,40,67],"class_list":{"0":"post-93502","1":"post","2":"type-post","3":"status-publish","4":"format-standard","5":"has-post-thumbnail","7":"category-sports","8":"tag-basketbols","9":"tag-latvia","10":"tag-latvian","11":"tag-latviesu","12":"tag-latviesu-valoda","13":"tag-latviesuvaloda","14":"tag-latvija","15":"tag-lv","16":"tag-sports"},"share_on_mastodon":{"url":"https:\/\/pubeurope.com\/@lv\/115831646588381403","error":""},"_links":{"self":[{"href":"https:\/\/www.europesays.com\/lv\/wp-json\/wp\/v2\/posts\/93502","targetHints":{"allow":["GET"]}}],"collection":[{"href":"https:\/\/www.europesays.com\/lv\/wp-json\/wp\/v2\/posts"}],"about":[{"href":"https:\/\/www.europesays.com\/lv\/wp-json\/wp\/v2\/types\/post"}],"author":[{"embeddable":true,"href":"https:\/\/www.europesays.com\/lv\/wp-json\/wp\/v2\/users\/2"}],"replies":[{"embeddable":true,"href":"https:\/\/www.europesays.com\/lv\/wp-json\/wp\/v2\/comments?post=93502"}],"version-history":[{"count":0,"href":"https:\/\/www.europesays.com\/lv\/wp-json\/wp\/v2\/posts\/93502\/revisions"}],"wp:featuredmedia":[{"embeddable":true,"href":"https:\/\/www.europesays.com\/lv\/wp-json\/wp\/v2\/media\/71967"}],"wp:attachment":[{"href":"https:\/\/www.europesays.com\/lv\/wp-json\/wp\/v2\/media?parent=93502"}],"wp:term":[{"taxonomy":"category","embeddable":true,"href":"https:\/\/www.europesays.com\/lv\/wp-json\/wp\/v2\/categories?post=93502"},{"taxonomy":"post_tag","embeddable":true,"href":"https:\/\/www.europesays.com\/lv\/wp-json\/wp\/v2\/tags?post=93502"}],"curies":[{"name":"wp","href":"https:\/\/api.w.org\/{rel}","templated":true}]}}